{"id":392,"date":"2019-01-26T08:12:40","date_gmt":"2019-01-26T08:12:40","guid":{"rendered":"http:\/\/ypjrojava.org\/blog43\/?p=392"},"modified":"2022-11-05T06:15:59","modified_gmt":"2022-11-05T06:15:59","slug":"hevreyen-heqiqete","status":"publish","type":"post","link":"https:\/\/ypjrojava.net\/?p=392","title":{"rendered":"Hevr\u00eay\u00ean Heq\u00eeqet\u00ea"},"content":{"rendered":"<p>Ev derg\u00fb\u015f bi serp\u00eahatiy\u00ean d\u00eerok\u00ea re hatiye \u00fb di nava her buyer\u00ea w\u00ea de mezin b\u00fbne, bune rast\u00ee \u00fb bi \u00a0\u00a0\u00a0rastiy\u00ea re b\u00fbne \u00e7\u00eerok, her \u00e7iqas ev \u00e7\u00eerok nehatibe niv\u00eesandin l\u00ea bi van serp\u00eahatiy\u00ean roj\u00ea re d\u00eerok may\u00eende b\u00fbye. \u00c7EM, DARS\u00ce, SAR\u00ceNA, EZDA\u2026wek\u00ee \u00e7ar xezal\u00ean bezok \u00ea ku bi h\u00eestin li welat\u00ea wan deng\u00ea zarok \u00fb daykan j\u00ea dihat, w\u00ee wext\u00ee weke p\u00eal\u00ean deryay\u00ea herkin govenda Efr\u00een\u00ea. B\u00ea goman wateya qehremant\u00ee yan\u00ee azadiya xwe p\u00eak an\u00een, xwed\u00ee li m\u00eeras\u00ea R\u00eavan \u00fb Ar\u00eenan derketin. Wiha xeleka wan di v\u00ea govend\u00ea de di\u011fere. Her yek ji wan dibe \u00e7\u00fbr\u00fbskek her \u00e7\u00fbr\u00fbskek dibe st\u00earkek ge\u015f li as\u00eemanan, li hember\u00ee e\u015fqa ku di navde. \u00cad\u00ee di nava p\u00ea\u015fbirka welat\u00ea xwe de, li wir ken \u00fb jiyan\u00ea bi hev re dihew\u00eenin, b\u00ea ku r\u00eaka veger\u00ea b\u00eenin b\u00eera xwe. Hema di w\u00ea govend\u00ea de dest\u00ea xwe di nava dest\u00ea hevde li wir \u00e7\u00eerokek bi heq\u00eeqet\u00ea re diafr\u00eenin. Ev ne d\u00fbre nej\u00ee pir ec\u00eabe, ev \u00e7\u00eerok\u00ean dubarey\u00ean sed salane, ev m\u00eerasa ku bi R\u00eaber APO re mezin b\u00fbye, b\u00fbye dost \u00fb r\u00eaheval\u00ea w\u00ee. Her \u00e7iqas rast\u00ee \u00ea\u015f\u00ean b\u00ea daw\u00ee hatine l\u00ea di nava \u00e7avan de ji bil\u00ee azadiy\u00ea ne hilbijartine, \u00ea ku xwestin serkeftin\u00ea biafr\u00eenin \u00fb di oxira giyana w\u00ea de bime\u015fin, bi dil \u00fb can tola hem\u00ee zarok\u00ean Efr\u00een\u00ea \u00fb hevr\u00eay\u00ean xwe rabikin dest\u00ea xwe ji xeleka azadiy\u00ea bernedan. Ev\u00eena ku jiyan bi xwe re misoger kirine, digotin em heq\u00eeqetin \u00eero j\u00ee di nava r\u00fbpel\u00ean bi \u00ea\u015f \u00fb xwe\u015f\u00ee de sonda me bi nav\u00ea we ye\u2026 Ev b\u00fb biryara wan ger ku azad\u00ee emrek\u00ee wiha dixwaze ne p\u00eakane xwedawend rast\u00ee tar\u00eetiy\u00ea werin, Haya wan ji v\u00ea e\u015fq\u00ea heb\u00fb di ev\u00eena xwe ya jiyan\u00ea de ji mamostey\u00ea xwe f\u00ear b\u00fbne \u015fiara wan her tim, \u201cHeq\u00eeqet e\u015fqe e\u015fq jiyana azade.\u201d<\/p>\n<p><strong>Z\u00eelan Zeryan<\/strong><\/p>\n","protected":false},"excerpt":{"rendered":"<p>Ev derg\u00fb\u015f bi serp\u00eahatiy\u00ean d\u00eerok\u00ea re hatiye \u00fb di nava her buyer\u00ea w\u00ea de mezin b\u00fbne, bune rast\u00ee \u00fb bi \u00a0\u00a0\u00a0rastiy\u00ea re b\u00fbne \u00e7\u00eerok, her \u00e7iqas ev \u00e7\u00eerok nehatibe niv\u00eesandin l\u00ea bi van serp\u00eahatiy\u00ean roj\u00ea re d\u00eerok may\u00eende b\u00fbye. \u00c7EM, DARS\u00ce, SAR\u00ceNA, EZDA\u2026wek\u00ee \u00e7ar xezal\u00ean bezok \u00ea ku bi h\u00eestin li welat\u00ea wan deng\u00ea zarok [&hellip;]<\/p>\n","protected":false},"author":1,"featured_media":15478,"comment_status":"open","ping_status":"closed","sticky":false,"template":"","format":"image","meta":{"footnotes":""},"categories":[38],"tags":[],"class_list":{"0":"post-392","1":"post","2":"type-post","3":"status-publish","4":"format-image","5":"has-post-thumbnail","7":"category-nuce","8":"post_format-post-format-image"},"_links":{"self":[{"href":"https:\/\/ypjrojava.net\/index.php?rest_route=\/wp\/v2\/posts\/392","targetHints":{"allow":["GET"]}}],"collection":[{"href":"https:\/\/ypjrojava.net\/index.php?rest_route=\/wp\/v2\/posts"}],"about":[{"href":"https:\/\/ypjrojava.net\/index.php?rest_route=\/wp\/v2\/types\/post"}],"author":[{"embeddable":true,"href":"https:\/\/ypjrojava.net\/index.php?rest_route=\/wp\/v2\/users\/1"}],"replies":[{"embeddable":true,"href":"https:\/\/ypjrojava.net\/index.php?rest_route=%2Fwp%2Fv2%2Fcomments&post=392"}],"version-history":[{"count":1,"href":"https:\/\/ypjrojava.net\/index.php?rest_route=\/wp\/v2\/posts\/392\/revisions"}],"predecessor-version":[{"id":394,"href":"https:\/\/ypjrojava.net\/index.php?rest_route=\/wp\/v2\/posts\/392\/revisions\/394"}],"wp:featuredmedia":[{"embeddable":true,"href":"https:\/\/ypjrojava.net\/index.php?rest_route=\/wp\/v2\/media\/15478"}],"wp:attachment":[{"href":"https:\/\/ypjrojava.net\/index.php?rest_route=%2Fwp%2Fv2%2Fmedia&parent=392"}],"wp:term":[{"taxonomy":"category","embeddable":true,"href":"https:\/\/ypjrojava.net\/index.php?rest_route=%2Fwp%2Fv2%2Fcategories&post=392"},{"taxonomy":"post_tag","embeddable":true,"href":"https:\/\/ypjrojava.net\/index.php?rest_route=%2Fwp%2Fv2%2Ftags&post=392"}],"curies":[{"name":"wp","href":"https:\/\/api.w.org\/{rel}","templated":true}]}}