{"id":395,"date":"2019-01-26T08:13:17","date_gmt":"2019-01-26T08:13:17","guid":{"rendered":"http:\/\/ypjrojava.org\/blog43\/?p=395"},"modified":"2019-01-26T08:13:17","modified_gmt":"2019-01-26T08:13:17","slug":"bedel-dayin-nirxan-zedetir-manidar-dike","status":"publish","type":"post","link":"https:\/\/ypjrojava.net\/?p=395","title":{"rendered":"Bedel Day\u00een Nirxan Z\u00eadetir Man\u00eedar Dike"},"content":{"rendered":"<p>Ez bi xwe esl\u00ea xwe ji her\u00eama Efr\u00een\u00ea me, Di sala 2013\u2019an de ji bajar\u00ea Efr\u00een\u00ea tevl\u00ee nav ref\u00ean azadiy\u00ea b\u00fbm. Demek\u00ea min xebat li wir da me\u015fandin, \u015f\u00fbnde ez derbas\u00ee her\u00eama Cizir\u00ea b\u00fbm. Dema \u015fer\u00ea berxwedana serdem\u00ea li bajar\u00ea Efr\u00een\u00ea destp\u00eakir, weke teqiwye carek din min ber\u00ea xwe da her\u00eama Efr\u00een\u00ea. \u015eer\u00ea ku li her\u00eama Efr\u00een\u00ea dihat jiy\u00een, ne weke \u015fer\u00ea ku li hember hov\u00eetiya \u00e7etey\u00ean Da\u00ee\u015f\u2019\u00ea dihat jiyankirin b\u00fb.. Pi\u015ft\u00ee balefir\u00ean \u015fer li her\u00eama Efr\u00een\u00ea xistin \u015f\u00fbnde em roja din \u00e7\u00fbn her\u00eam\u00ea, em \u00e7awa gihijtin her\u00eam\u00ea em derbas\u00ee nev\u00e7eya Reco b\u00fbn. W\u00ea dem\u00ea li nav\u00e7ey\u00ea pev\u00e7\u00fbn li mil\u00ea kevir\u00eaker \u00fb li gund\u00ea derdor\u00ea \u015fer pir dijwarb\u00fb. Roja yek\u00ea ji ber baran heb\u00fb, ji bo w\u00ea j\u00ee em bi rihet\u00ee \u00e7\u00fbn \u00fb me kar\u00ea xwe bi serkeft\u00ee bi cih an\u00ee. Roja din, tav derket \u00fb w\u00ea roj\u00ea j\u00ee balefir\u00ean ke\u015ff\u00ea pir li ser her\u00eam\u00ea digeriyan.<\/p>\n<p><strong><em>Ez li nav\u00e7eya Cindir\u00eas\u00ea bir\u00eendar b\u00fbm.<\/em><\/strong><\/p>\n<p>Di berxwedana serdem\u00ea de ew germb\u00fbna nav hevalan de pir heb\u00fb, mirov \u00e7iqas b\u00eaje k\u00eame \u00fb w\u00ea k\u00eam bim\u00eene j\u00ee. Dijmin tevah\u00ee tekn\u00eeka xwe bi kar dian\u00ee. Pir\u00ee caran balefirek ke\u015fif\u00ea radikirin \u00fb yek dadixistin. Ji ber ewqas ditirsiyan ku heval\u00ean me \u00ear\u00ee\u015f\u00ean wan bikin, ji bo w\u00ea j\u00ee her seet balefir\u00ean \u015fer li ser ser\u00ea me digerandin. Carna du ke\u015fif bihev re radikirin \u00fb carna j\u00ee sis\u00ea bi hev re radikirin. Dema roj\u00ean baran bihata me bersiv dida \u00ear\u00ee\u015f\u00ea wan. Tu diket\u00ee bajar de te digot qey tu kes li bajar de tuneye, l\u00ea bel\u00ea dema em diketin xaniyan de me did\u00eet h\u00eena siv\u00eelan dev ji mal\u00ean xwe bernedane \u00fb li himber hovitiya dewleta Tirk li ber xwe didin. L\u00eabel\u00ea, ji ber heskirina xwe ya welat \u00fb axa xwe li himber w\u00ea hov\u00eetiy\u00ea li ber xwedidan. Pir caran ez di\u00e7\u00fbm navenda Efr\u00een\u00ea min ti\u015ft dan\u00een. Her ku me li \u00e7av\u00ean wan zarokan m\u00eaze dikir, me bi xwe h\u00ees dikir ku div\u00ea em h\u00een z\u00eadetir kar \u00fb xebat bikin ji bo azadkirina wan zarokan \u00fb em cardin wan roj\u00ean ber\u00ea ku bi r\u00fbkeniya li ser ruy\u00ea wan ku ji tevah\u00ee mirovahiy\u00ea re dib\u00fb h\u00eaviya azadiy\u00ea, em wan rojan ji wan re bizivir\u00eenin.<\/p>\n<p>R\u00fbxmi ku ewqas balefir\u00ean ke\u015fif\u00ea \u00fb belfir\u00ean \u015fer li ser her\u00eam bi awayek\u00ee hovane \u00ear\u00ee\u015f dikirin j\u00ee, l\u00ea bel\u00ea, \u00a0co\u015f \u00fb morala heval qet k\u00eam nedib\u00fb. Qet tirsa mirin\u00ea an j\u00ee binkeftin\u00ea jiyan nedikirin. Berovaj\u00ee pir bi kelecanek mezin \u00fb bi \u00eedayek mezin bi ser dijmin de di\u00e7\u00fbn.<\/p>\n<p><strong><em>Beriya cindir\u00eas\u00ea bikeve hefteyek\u00ea ez bi teq\u00eena may\u00een\u00ea ji ling\u00ea xwe bir\u00eendarb\u00fbm.<\/em><\/strong>\u00a0Ger ne ji heval\u00ean ligel min ba belk\u00ee ez bi bir\u00eendar ketibama dest\u00ea dijmin de \u00fb dibe ku ji xw\u00eena z\u00eade j\u00ee ez \u015feh\u00eed b\u00fbbama. Dema min li nexwe\u015fxan\u00ea \u00e7av\u00ea xwe vekir, hestek pir cuda b\u00fb. Min qet bawer nekir ez bir\u00eendar b\u00fbme, min bixwe ji xwe re digot xewne ez tu car\u00ee bir\u00eendar nabim. Li k\u00eejan bajar\u00ea me dibe bila bibe, ger em di oxira w\u00ea de bedel bidin ji me re ne gir\u00eenge. A gir\u00eeng ji mere parastina w\u00ea ax\u00ea ye, ten\u00ea ew di ewlehiy\u00ea debin ji mere bese. Ger di oxira w\u00ea de dest, ling \u00fb an j\u00ee \u00e7av me j\u00ee bi\u00e7e, z\u00eade negir\u00eenge. Ji ber\u00a0<strong>ji bo \u015fore\u015f\u00ea par\u00e7eyek can\u00ea xwe feda kirin, an j\u00ee can\u00ea xwe di oxira w\u00ea de day\u00een pir bi wate \u00fb gir\u00eenge. Ji ber ku em ji felsefeya R\u00eaber APO f\u00earb\u00fbne, \u00a0y\u00ea ji min re gir\u00eeng ne f\u00eez\u00eeke. Pi\u015ft\u00ee min tedawiya xwe bi daw\u00ee kir, \u015f\u00fbnde ez hatim perwerdey\u00ea.<\/strong>\u00a0Akademiya me bi gi\u015ft\u00ee heval\u00ean gaz\u00eene, y\u00ean ku bedel dane\u00a0 di nava \u015fore\u015f\u00ea de, cih\u00ea xwe t\u00eade digirin. Pir caran heval\u00ean ji derve de dema t\u00ean li gel me ji tevger\u00ean me y\u00ean di jiyan\u00ea de \u00fb morala me matmay\u00ee dim\u00eenin. Ji ber ku em heval\u00ean li vir ba\u015f di w\u00ea zaneb\u00fbn\u00ea dene ku \u00e7ima ew bedel dane, ji bo w\u00ea j\u00ee li ser hevalan bandor nake.<\/p>\n<p>Ez niha kar\u00ea ar\u015fiv\u00ea li vir didim me\u015fandin. Her k\u00ealiya li vir karkirin, ji bo heval\u00ean xwe y\u00ean gaz\u00ee ar\u015fiva wan bi belgekirin ji min re pir bi wate \u00fb gir\u00eenge. Ders\u00ean dib\u00eenin, w\u00eaney\u00ean wan \u00fb d\u00eemen\u00ean wan digirim. Her k\u00ealiya wan hevalan girtina qeyda d\u00eerok\u00ea pir cudaye.<\/p>\n<p>Di \u015fer\u00ea Efr\u00een\u00ea de, ji ber cara yekem b\u00fb ku yek bi yek me li himber balefir\u00ean \u015fer di berxwedana serdem\u00ea de bi berxwedanek b\u00eahempa li himber dijmin\u00ea xwe \u015fer dida me\u015fandin, hestek pir cuda b\u00fb. Armanca \u00ear\u00ee\u015f\u00ean dewleta Tirka a ji bo her\u00eam\u00ea, girtina xaka Efr\u00een b\u00fb \u00fb ya din j\u00ee wan qeb\u00fbl nedikir gel\u00ea her\u00eam\u00ea bi xweseriya xwe jiyana xwe bi r\u00eaxistin bike. Di heman dem\u00ea de gel\u00ea Kurd bi xwe xwe bibin xwed\u00ee r\u00eaveberiyek xweser. Yek j\u00ee di mil\u00ea coxraf\u00ee de j\u00ee cihek\u00ea xwe y\u00ea stratej\u00eek heye. Ji bo w\u00eana j\u00ee bi hem\u00fb heb\u00fbna xwe bi awayek\u00ee hovane \u00ear\u00ee\u015f\u00ee xaka Efr\u00een\u00ea kirin. Ji bo w\u00ea j\u00ee xwestin her\u00eama Efr\u00een\u00ea bigrin \u00fb li gor\u00ee xwe coxrafiya w\u00eana bi karb\u00eenin. Di heman wext\u00ea de ji ber di her mil\u00ee de dewlemende, evaya h\u00eaz\u00ean desthilatdar bi \u00e7avnebar\u00eena xwe bi hi\u015fmendiya talan \u00fb tunekirina her\u00eam\u00ea \u00ear\u00ee\u015f kirin.<\/p>\n<p><strong>\u00a0 \u00a0 \u00a0 \u00a0 \u00a0 \u00a0 \u00a0 \u00a0 \u00a0 \u00a0 \u00a0 \u00a0 \u00a0 \u00a0 \u00a0 \u00a0 \u00a0 \u00a0 \u00a0 \u00a0 \u00a0\u015eerv\u00een \u015e\u0131yar<\/strong><\/p>\n","protected":false},"excerpt":{"rendered":"<p>Ez bi xwe esl\u00ea xwe ji her\u00eama Efr\u00een\u00ea me, Di sala 2013\u2019an de ji bajar\u00ea Efr\u00een\u00ea tevl\u00ee nav ref\u00ean azadiy\u00ea b\u00fbm. Demek\u00ea min xebat li wir da me\u015fandin, \u015f\u00fbnde ez derbas\u00ee her\u00eama Cizir\u00ea b\u00fbm. Dema \u015fer\u00ea berxwedana serdem\u00ea li bajar\u00ea Efr\u00een\u00ea destp\u00eakir, weke teqiwye carek din min ber\u00ea xwe da her\u00eama Efr\u00een\u00ea. \u015eer\u00ea ku li [&hellip;]<\/p>\n","protected":false},"author":1,"featured_media":396,"comment_status":"open","ping_status":"closed","sticky":false,"template":"","format":"standard","meta":{"footnotes":""},"categories":[38],"tags":[],"class_list":{"0":"post-395","1":"post","2":"type-post","3":"status-publish","4":"format-standard","5":"has-post-thumbnail","7":"category-nuce"},"_links":{"self":[{"href":"https:\/\/ypjrojava.net\/index.php?rest_route=\/wp\/v2\/posts\/395","targetHints":{"allow":["GET"]}}],"collection":[{"href":"https:\/\/ypjrojava.net\/index.php?rest_route=\/wp\/v2\/posts"}],"about":[{"href":"https:\/\/ypjrojava.net\/index.php?rest_route=\/wp\/v2\/types\/post"}],"author":[{"embeddable":true,"href":"https:\/\/ypjrojava.net\/index.php?rest_route=\/wp\/v2\/users\/1"}],"replies":[{"embeddable":true,"href":"https:\/\/ypjrojava.net\/index.php?rest_route=%2Fwp%2Fv2%2Fcomments&post=395"}],"version-history":[{"count":1,"href":"https:\/\/ypjrojava.net\/index.php?rest_route=\/wp\/v2\/posts\/395\/revisions"}],"predecessor-version":[{"id":397,"href":"https:\/\/ypjrojava.net\/index.php?rest_route=\/wp\/v2\/posts\/395\/revisions\/397"}],"wp:featuredmedia":[{"embeddable":true,"href":"https:\/\/ypjrojava.net\/index.php?rest_route=\/wp\/v2\/media\/396"}],"wp:attachment":[{"href":"https:\/\/ypjrojava.net\/index.php?rest_route=%2Fwp%2Fv2%2Fmedia&parent=395"}],"wp:term":[{"taxonomy":"category","embeddable":true,"href":"https:\/\/ypjrojava.net\/index.php?rest_route=%2Fwp%2Fv2%2Fcategories&post=395"},{"taxonomy":"post_tag","embeddable":true,"href":"https:\/\/ypjrojava.net\/index.php?rest_route=%2Fwp%2Fv2%2Ftags&post=395"}],"curies":[{"name":"wp","href":"https:\/\/api.w.org\/{rel}","templated":true}]}}