{"id":401,"date":"2019-01-26T08:14:45","date_gmt":"2019-01-26T08:14:45","guid":{"rendered":"http:\/\/ypjrojava.org\/blog43\/?p=401"},"modified":"2022-06-18T15:18:19","modified_gmt":"2022-06-18T15:18:19","slug":"gihistina-xeyalen-xwe-bi-tekosin-kirine-gengaze","status":"publish","type":"post","link":"https:\/\/ypjrojava.net\/?p=401","title":{"rendered":"G\u00eehi\u015ftina Xeyal\u00ean Xwe Bi T\u00eako\u015f\u00een Kirin\u00ea Gengaze"},"content":{"rendered":"<p>Di ser\u00ee de slav \u00fb hezkirin\u00ean xwe y\u00ean b\u00ea daw\u00ee ji bona R\u00eaber APO di\u015finim. V\u00ea nameya ku ez\u00ea ji bona te biniv\u00ees\u00eenim bi hest\u00ean xwe y\u00ean ji k\u00fbrahiya dil de ez diniv\u00ees\u00eenim.<\/p>\n<p>Ev demeke dir\u00eaje em ti agah\u00ee ji te nagirin. Ev j\u00ee dih\u00eale ku em hevaltiya xwe ya k\u00eam l\u00eapirs\u00een bikin. Dibe ku di aliy\u00ea fiz\u00eek\u00ee de em ji hev d\u00fbr bin l\u00ea bel\u00ea di her k\u00ealiya jiyana xwe de em dinava hewldan\u00ean jiyan\u00ee kirina rastiya te ne. Rih\u00ea te y\u00ea ku bi me re jiyan dike dih\u00eale ku em li ser lingan bim\u00eenin. Cardin fikir \u00fb ramana te dih\u00eale ku em xwe n\u00fb bikin \u00fb kesayeta xwe rast ava bikin. Ez weke jineke ciwan her dem\u00ea bi fikir \u00fb ramana te dixwazim jiyan\u00ea nas bikim. Ez di w\u00ea zaneb\u00fbn\u00ea de me ku li beramber\u00ee rastiya te \u00fb rastiya \u015fore\u015fa ku em di nava de dij\u00een ez \u00e7i j\u00ee bikim ez\u00ea k\u00eam bimin\u00eem. Rew\u015fa me ya hey\u00ee dide p\u00eaw\u00eest kirin ku em li beramber\u00ee dijmin\u00ea xwe h\u00een z\u00eadetir bifikirin. P\u00eaw\u00eeste ku em dijmin\u00ea xwe ne\u00a0 bi\u00e7\u00fbk bibinin ne j\u00ee li ber \u00e7av\u00ean xwe mezin bikin. Bi v\u00ea fikirandin\u00ea re j\u00ee ez digih\u00eejim encama tevl\u00eeb\u00fbneke z\u00eadetir bi h\u00eaz \u00fb h\u00een x\u00fbrttir. Ez di \u00e7i ast\u00ea de fikir \u00fb raman\u00ea te f\u00eam bikim di w\u00ea ast\u00ea de ez\u00ea bikaribim bibim xwed\u00ee sekneke rast. Di aliy\u00ea wate day\u00eena hindek mijaran de her \u00e7iqas ez zehmetiyan j\u00ee bik\u015f\u00eenim l\u00ea dema ku ez pirt\u00fbkek\u00ea digirim dest\u00ea xwe \u00fb te dixw\u00eenim w\u00ea dem\u00ea ez h\u00ees dikim ku ez bi h\u00eaz dibim.<\/p>\n<p>Ti\u015fta ku her\u00ee z\u00eade min dide fikirandin \u00fb bala min ki\u015fand \u015f\u00eawaz\u00ea jiyana te ya zarokatiy\u00ea ye. Di w\u00ee temen\u00ea xwe de ti li d\u00fb jiyaneke azad ve dibez\u00ee. Ew beza te ya ber bi azadiy\u00ea ve hi\u015ftiye ku \u015fore\u015f were ava kirin. Dema v\u00ea rastiy\u00ea li ber \u00e7avan digirim ez t\u00eadigih\u00eejim ku g\u00eehi\u015ftina armanc\u00ean xwe gir\u00eaday\u00ee t\u00eako\u015f\u00eena mirovane. Armaca min j\u00ee ewe ku em rojek\u00ea te li gel xwe bibinin. Li ser xak\u00ean azad ez dixwazim gav\u00ean xwe di \u015fop\u00ean linge te de bav\u00eajim. Da ku em bigih\u00eejin te ev xwesteka min w\u00ea hebe \u00fb ji bona ku xwesteka xwe bi c\u00eeh b\u00eenim j\u00ee ez\u00ea bibim xwed\u00ee t\u00eako\u015f\u00eeneke rast.<\/p>\n<p>Avesta Koban\u00ea<\/p>\n<p>&nbsp;<\/p>\n","protected":false},"excerpt":{"rendered":"<p>Di ser\u00ee de slav \u00fb hezkirin\u00ean xwe y\u00ean b\u00ea daw\u00ee ji bona R\u00eaber APO di\u015finim. V\u00ea nameya ku ez\u00ea ji bona te biniv\u00ees\u00eenim bi hest\u00ean xwe y\u00ean ji k\u00fbrahiya dil de ez diniv\u00ees\u00eenim. Ev demeke dir\u00eaje em ti agah\u00ee ji te nagirin. Ev j\u00ee dih\u00eale ku em hevaltiya xwe ya k\u00eam l\u00eapirs\u00een bikin. Dibe ku [&hellip;]<\/p>\n","protected":false},"author":1,"featured_media":13341,"comment_status":"closed","ping_status":"closed","sticky":false,"template":"","format":"image","meta":{"footnotes":""},"categories":[38],"tags":[],"class_list":{"0":"post-401","1":"post","2":"type-post","3":"status-publish","4":"format-image","5":"has-post-thumbnail","7":"category-nuce","8":"post_format-post-format-image"},"_links":{"self":[{"href":"https:\/\/ypjrojava.net\/index.php?rest_route=\/wp\/v2\/posts\/401","targetHints":{"allow":["GET"]}}],"collection":[{"href":"https:\/\/ypjrojava.net\/index.php?rest_route=\/wp\/v2\/posts"}],"about":[{"href":"https:\/\/ypjrojava.net\/index.php?rest_route=\/wp\/v2\/types\/post"}],"author":[{"embeddable":true,"href":"https:\/\/ypjrojava.net\/index.php?rest_route=\/wp\/v2\/users\/1"}],"replies":[{"embeddable":true,"href":"https:\/\/ypjrojava.net\/index.php?rest_route=%2Fwp%2Fv2%2Fcomments&post=401"}],"version-history":[{"count":1,"href":"https:\/\/ypjrojava.net\/index.php?rest_route=\/wp\/v2\/posts\/401\/revisions"}],"predecessor-version":[{"id":403,"href":"https:\/\/ypjrojava.net\/index.php?rest_route=\/wp\/v2\/posts\/401\/revisions\/403"}],"wp:featuredmedia":[{"embeddable":true,"href":"https:\/\/ypjrojava.net\/index.php?rest_route=\/wp\/v2\/media\/13341"}],"wp:attachment":[{"href":"https:\/\/ypjrojava.net\/index.php?rest_route=%2Fwp%2Fv2%2Fmedia&parent=401"}],"wp:term":[{"taxonomy":"category","embeddable":true,"href":"https:\/\/ypjrojava.net\/index.php?rest_route=%2Fwp%2Fv2%2Fcategories&post=401"},{"taxonomy":"post_tag","embeddable":true,"href":"https:\/\/ypjrojava.net\/index.php?rest_route=%2Fwp%2Fv2%2Ftags&post=401"}],"curies":[{"name":"wp","href":"https:\/\/api.w.org\/{rel}","templated":true}]}}