{"id":404,"date":"2019-01-26T08:16:05","date_gmt":"2019-01-26T08:16:05","guid":{"rendered":"http:\/\/ypjrojava.org\/blog43\/?p=404"},"modified":"2022-07-21T17:18:56","modified_gmt":"2022-07-21T17:18:56","slug":"sehida-berxwedana-serdeme","status":"publish","type":"post","link":"https:\/\/ypjrojava.net\/?p=404","title":{"rendered":"\u015eEH\u00ceDA BERXWEDANA SERDEM\u00ca"},"content":{"rendered":"<p>Di \u00e7ar\u00e7oveya Berxwedana Serdem\u00ea ya Efr\u00een\u00ea a qonaxa duyem\u00een de h\u00eaz\u00ean me di 3-4\u2019\u00ea N\u00eesan\u00ea de li dij\u00ee \u00e7etey\u00ean art\u00ea\u015fa Tirk a dagirker ku li \u00c7iyay\u00ea Hawar \u00ea li nav\u00e7eya Raco ya Efr\u00een\u00ea bi cih b\u00fbb\u00fbn, r\u00eaze\u00e7alak\u00ee lidar xistin. Gelek \u00e7eper\u00ean dijmin hatin r\u00fbxandin \u00fb her wiha gelek le\u015fker \u00fb \u00e7etey\u00ean dijmin j\u00ee hatin ku\u015ftin. L\u00ea bel\u00ea di v\u00ea \u00e7alakiy\u00ea de hejmara mir\u00ee \u00fb bir\u00eendar\u00ean dijmin nehatiye zelalkirin. Di\u00a0 van pev\u00e7\u00fbn\u00ean dijwar de 6 hevr\u00eay\u00ean me bi rihek\u00ee feday\u00ee \u00fb heta guleya xwe ya daw\u00een \u015fer kir \u00fb giha\u015ftin \u015fehadet\u00ea. Di nava 6 \u015feh\u00eed\u00ean nasnama wan hatine e\u015fkere kirin de nasnama hevr\u00eaya me wihaye<\/p>\n<p><img loading=\"lazy\" decoding=\"async\" src=\"https:\/\/www.ypgrojava.org\/upload\/gallery\/1530178538-AGIR_ZAGROS_-ZOZAN_IBRAHM.jpg\" width=\"478\" height=\"661\" \/><\/p>\n<p>&nbsp;<\/p>\n<p><strong>Nasnav:<\/strong>\u00a0Agir\u00ee Zagros<\/p>\n<p><strong>Nav \u00fb Pa\u015fnav:<\/strong>\u00a0Zozan Ibrah\u00eem<\/p>\n<p><strong>Nav\u00ea Dayik\u00ea:<\/strong>\u00a0Fer\u00eede<\/p>\n<p><strong>Nav\u00ea Bav:<\/strong>\u00a0Hemed<\/p>\n<p><strong>Cih\u00ea Ji Dayikb\u00fbn\u00ea:<\/strong>\u00a0Koban\u00ea<\/p>\n<p><strong>Cih \u00fb D\u00eeroka \u015eehadet\u00ea:<\/strong>\u00a0Efr\u00een \/ Raco \/ \u00c7iyay\u00ea Hawar\u00ea \/ 3 Avr\u00eal 2018<\/p>\n","protected":false},"excerpt":{"rendered":"<p>Di \u00e7ar\u00e7oveya Berxwedana Serdem\u00ea ya Efr\u00een\u00ea a qonaxa duyem\u00een de h\u00eaz\u00ean me di 3-4\u2019\u00ea N\u00eesan\u00ea de li dij\u00ee \u00e7etey\u00ean art\u00ea\u015fa Tirk a dagirker ku li \u00c7iyay\u00ea Hawar \u00ea li nav\u00e7eya Raco ya Efr\u00een\u00ea bi cih b\u00fbb\u00fbn, r\u00eaze\u00e7alak\u00ee lidar xistin. Gelek \u00e7eper\u00ean dijmin hatin r\u00fbxandin \u00fb her wiha gelek le\u015fker \u00fb \u00e7etey\u00ean dijmin j\u00ee hatin ku\u015ftin. [&hellip;]<\/p>\n","protected":false},"author":1,"featured_media":14880,"comment_status":"closed","ping_status":"closed","sticky":false,"template":"","format":"image","meta":{"footnotes":""},"categories":[38],"tags":[],"class_list":{"0":"post-404","1":"post","2":"type-post","3":"status-publish","4":"format-image","5":"has-post-thumbnail","7":"category-nuce","8":"post_format-post-format-image"},"_links":{"self":[{"href":"https:\/\/ypjrojava.net\/index.php?rest_route=\/wp\/v2\/posts\/404","targetHints":{"allow":["GET"]}}],"collection":[{"href":"https:\/\/ypjrojava.net\/index.php?rest_route=\/wp\/v2\/posts"}],"about":[{"href":"https:\/\/ypjrojava.net\/index.php?rest_route=\/wp\/v2\/types\/post"}],"author":[{"embeddable":true,"href":"https:\/\/ypjrojava.net\/index.php?rest_route=\/wp\/v2\/users\/1"}],"replies":[{"embeddable":true,"href":"https:\/\/ypjrojava.net\/index.php?rest_route=%2Fwp%2Fv2%2Fcomments&post=404"}],"version-history":[{"count":1,"href":"https:\/\/ypjrojava.net\/index.php?rest_route=\/wp\/v2\/posts\/404\/revisions"}],"predecessor-version":[{"id":406,"href":"https:\/\/ypjrojava.net\/index.php?rest_route=\/wp\/v2\/posts\/404\/revisions\/406"}],"wp:featuredmedia":[{"embeddable":true,"href":"https:\/\/ypjrojava.net\/index.php?rest_route=\/wp\/v2\/media\/14880"}],"wp:attachment":[{"href":"https:\/\/ypjrojava.net\/index.php?rest_route=%2Fwp%2Fv2%2Fmedia&parent=404"}],"wp:term":[{"taxonomy":"category","embeddable":true,"href":"https:\/\/ypjrojava.net\/index.php?rest_route=%2Fwp%2Fv2%2Fcategories&post=404"},{"taxonomy":"post_tag","embeddable":true,"href":"https:\/\/ypjrojava.net\/index.php?rest_route=%2Fwp%2Fv2%2Ftags&post=404"}],"curies":[{"name":"wp","href":"https:\/\/api.w.org\/{rel}","templated":true}]}}