{"id":407,"date":"2019-01-26T08:16:44","date_gmt":"2019-01-26T08:16:44","guid":{"rendered":"http:\/\/ypjrojava.org\/blog43\/?p=407"},"modified":"2022-07-21T17:27:53","modified_gmt":"2022-07-21T17:27:53","slug":"reheval-hira-viyan-bi-rezdari-bibirtinin","status":"publish","type":"post","link":"https:\/\/ypjrojava.net\/?p=407","title":{"rendered":"R\u00eaheval H\u00eera V\u00eeyan Bi R\u00eazdar\u00ee Bib\u00eert\u00eenin"},"content":{"rendered":"<p>Navenda Ragihandina YPG\u2019\u00ea nasnameya 7 r\u00eaheval\u00ean di dem \u00fb cih\u00ean cude gih\u00ee\u015ftine \u015fehadete e\u015fkere kirin. Yek ji wan r\u00eahevalan j\u00ee, hevala me H\u00eera Viyan \u00a0Amed e. R\u00eahevala me bi nasnav H\u00eera Viyan Amed ku li her\u00eama Til Temir\u00ea erka xwe p\u00eak di an\u00ee, di encama qezayek\u00ee traf\u00eek\u00ea de, di d\u00eeroka 21\u2019\u00ea \u00c7iley\u00ea gih\u00ee\u015ftiye \u015fehadet\u00ea. Nasnameya heval wiha ye;<\/p>\n<p>&nbsp;<\/p>\n<p><img loading=\"lazy\" decoding=\"async\" class=\"alignnone size-medium wp-image-14881\" src=\"https:\/\/ypjrojava.net\/wp-content\/uploads\/2019\/01\/0ab0ceabdf8de95bf1ed8836d4b086f3_L-215x300.jpg\" alt=\"\" width=\"215\" height=\"300\" srcset=\"https:\/\/ypjrojava.net\/wp-content\/uploads\/2019\/01\/0ab0ceabdf8de95bf1ed8836d4b086f3_L-215x300.jpg 215w, https:\/\/ypjrojava.net\/wp-content\/uploads\/2019\/01\/0ab0ceabdf8de95bf1ed8836d4b086f3_L.jpg 261w\" sizes=\"auto, (max-width: 215px) 100vw, 215px\" \/><\/p>\n<p><strong>Nasnav:<\/strong>\u00a0H\u00eera Viyan Amed<\/p>\n<p><strong>Nav \u00fb Pa\u015fnav:<\/strong>\u00a0Song\u00fbl Ekt\u00ee<\/p>\n<p><strong>Nav\u00ea Dayik\u00ea:<\/strong>\u00a0Nuran<\/p>\n<p><strong>Nav\u00ea Bav:<\/strong>\u00a0Fes\u00eeh<\/p>\n<p><strong>Cih \u00fb D\u00eeroka \u015eehadet\u00ea:<\/strong>\u00a0Til Temir \/ 21\u2019\u00ea \u00c7ileya 2019<\/p>\n","protected":false},"excerpt":{"rendered":"<p>Navenda Ragihandina YPG\u2019\u00ea nasnameya 7 r\u00eaheval\u00ean di dem \u00fb cih\u00ean cude gih\u00ee\u015ftine \u015fehadete e\u015fkere kirin. Yek ji wan r\u00eahevalan j\u00ee, hevala me H\u00eera Viyan \u00a0Amed e. R\u00eahevala me bi nasnav H\u00eera Viyan Amed ku li her\u00eama Til Temir\u00ea erka xwe p\u00eak di an\u00ee, di encama qezayek\u00ee traf\u00eek\u00ea de, di d\u00eeroka 21\u2019\u00ea \u00c7iley\u00ea gih\u00ee\u015ftiye \u015fehadet\u00ea. Nasnameya [&hellip;]<\/p>\n","protected":false},"author":1,"featured_media":14882,"comment_status":"closed","ping_status":"closed","sticky":false,"template":"","format":"image","meta":{"footnotes":""},"categories":[38],"tags":[],"class_list":{"0":"post-407","1":"post","2":"type-post","3":"status-publish","4":"format-image","5":"has-post-thumbnail","7":"category-nuce","8":"post_format-post-format-image"},"_links":{"self":[{"href":"https:\/\/ypjrojava.net\/index.php?rest_route=\/wp\/v2\/posts\/407","targetHints":{"allow":["GET"]}}],"collection":[{"href":"https:\/\/ypjrojava.net\/index.php?rest_route=\/wp\/v2\/posts"}],"about":[{"href":"https:\/\/ypjrojava.net\/index.php?rest_route=\/wp\/v2\/types\/post"}],"author":[{"embeddable":true,"href":"https:\/\/ypjrojava.net\/index.php?rest_route=\/wp\/v2\/users\/1"}],"replies":[{"embeddable":true,"href":"https:\/\/ypjrojava.net\/index.php?rest_route=%2Fwp%2Fv2%2Fcomments&post=407"}],"version-history":[{"count":2,"href":"https:\/\/ypjrojava.net\/index.php?rest_route=\/wp\/v2\/posts\/407\/revisions"}],"predecessor-version":[{"id":14883,"href":"https:\/\/ypjrojava.net\/index.php?rest_route=\/wp\/v2\/posts\/407\/revisions\/14883"}],"wp:featuredmedia":[{"embeddable":true,"href":"https:\/\/ypjrojava.net\/index.php?rest_route=\/wp\/v2\/media\/14882"}],"wp:attachment":[{"href":"https:\/\/ypjrojava.net\/index.php?rest_route=%2Fwp%2Fv2%2Fmedia&parent=407"}],"wp:term":[{"taxonomy":"category","embeddable":true,"href":"https:\/\/ypjrojava.net\/index.php?rest_route=%2Fwp%2Fv2%2Fcategories&post=407"},{"taxonomy":"post_tag","embeddable":true,"href":"https:\/\/ypjrojava.net\/index.php?rest_route=%2Fwp%2Fv2%2Ftags&post=407"}],"curies":[{"name":"wp","href":"https:\/\/api.w.org\/{rel}","templated":true}]}}