{"id":410,"date":"2019-01-26T08:18:09","date_gmt":"2019-01-26T08:18:09","guid":{"rendered":"http:\/\/ypjrojava.org\/blog43\/?p=410"},"modified":"2022-08-01T13:32:44","modified_gmt":"2022-08-01T13:32:44","slug":"sehid-rasti-u-heqiqeta-jiyane-ne","status":"publish","type":"post","link":"https:\/\/ypjrojava.net\/?p=410","title":{"rendered":"\u015eeh\u00eed Rast\u00ee \u00db Heq\u00eeqeta Jiyan\u00ea Ne"},"content":{"rendered":"<h4>Di navbera d\u00eerok\u00ean 11 \u00fb 12&#8217;\u00ea \u00celon\u00ea de li bajar\u00ea Tebqa 3 r\u00eaheval\u00ean dema li ser pey\u00eewira xwe b\u00fbn, di encama qezay\u00ea de gih\u00ee\u015ftin \u015fehadet\u00ea. \u00a0Nasnamey\u00ean r\u00eaheval\u00ean me wiha ne:<\/h4>\n<h4><\/h4>\n<h4><img decoding=\"async\" src=\"https:\/\/www.ypgrojava.org\/upload\/gallery\/1536922981-BERTAN_NUDA.JPG\" \/><\/h4>\n<h4>Nasnav:\u00a0Ber\u00eetan N\u00fbda<\/h4>\n<h4>Nav \u00fb Pa\u015fnav:\u00a0Raziye Ke\u00e7aron\u00ee<\/h4>\n<h4>Nav\u00ea Dayik\u00ea:\u00a0Kubar<\/h4>\n<h4>Nav\u00ea Bav:\u00a0Yusif<\/h4>\n<h4>Cih\u00ea Ji Dayikb\u00fbn\u00ea:\u00a0Mehlem\u00ee \/ Rojhilat<\/h4>\n<h4>Cih \u00fb D\u00eeroka \u015eehadet\u00ea:\u00a0Tebqa \/ 11\u2019\u00ea \u00celon\u00ea 2018<\/h4>\n<h4><img decoding=\"async\" src=\"https:\/\/www.ypgrojava.org\/upload\/gallery\/1536923050-HELN_CUD.jpg\" \/><\/h4>\n<h4>Nasnav:\u00a0H\u00eal\u00een Cud\u00ee<\/h4>\n<h4>Nav \u00fb Pa\u015fnav:\u00a0Nadra El\u00fbs\u00ee<\/h4>\n<h4>Nav\u00ea Dayik\u00ea:\u00a0Xelfa<\/h4>\n<h4>Nav\u00ea Bav:\u00a0Mehm\u00fbd<\/h4>\n<h4>Cih\u00ea Ji Dayikb\u00fbn\u00ea:\u00a0Reqa<\/h4>\n<h4>Cih \u00fb D\u00eeroka \u015eehadet\u00ea:\u00a0Tebqa \/ 11\u2019\u00ea \u00celon\u00ea 2018<\/h4>\n<h4><img decoding=\"async\" src=\"https:\/\/www.ypgrojava.org\/upload\/gallery\/1536923091-JIYAN_QAMILO.jpg\" \/><\/h4>\n<h4>Nasnav:\u00a0Jiyan Qami\u015flo<\/h4>\n<h4>Nav \u00fb Pa\u015fnav:\u00a0Xewla Ibrah\u00eem<\/h4>\n<h4>Nav\u00ea Dayik\u00ea:\u00a0Bedriye<\/h4>\n<h4>Nav\u00ea Bav:\u00a0Hem\u00eed<\/h4>\n<h4>Cih\u00ea Ji Dayikb\u00fbn\u00ea:\u00a0Qami\u015flo<\/h4>\n<h4>Cih \u00fb D\u00eeroka \u015eehadet\u00ea:\u00a0Tebqa \/ 11\u2019\u00ea \u00celon\u00ea 2018<\/h4>\n","protected":false},"excerpt":{"rendered":"<p>Di navbera d\u00eerok\u00ean 11 \u00fb 12&#8217;\u00ea \u00celon\u00ea de li bajar\u00ea Tebqa 3 r\u00eaheval\u00ean dema li ser pey\u00eewira xwe b\u00fbn, di encama qezay\u00ea de gih\u00ee\u015ftin \u015fehadet\u00ea. \u00a0Nasnamey\u00ean r\u00eaheval\u00ean me wiha ne: Nasnav:\u00a0Ber\u00eetan N\u00fbda Nav \u00fb Pa\u015fnav:\u00a0Raziye Ke\u00e7aron\u00ee Nav\u00ea Dayik\u00ea:\u00a0Kubar Nav\u00ea Bav:\u00a0Yusif Cih\u00ea Ji Dayikb\u00fbn\u00ea:\u00a0Mehlem\u00ee \/ Rojhilat Cih \u00fb D\u00eeroka \u015eehadet\u00ea:\u00a0Tebqa \/ 11\u2019\u00ea \u00celon\u00ea 2018 Nasnav:\u00a0H\u00eal\u00een Cud\u00ee [&hellip;]<\/p>\n","protected":false},"author":1,"featured_media":15264,"comment_status":"open","ping_status":"closed","sticky":false,"template":"","format":"image","meta":{"footnotes":""},"categories":[38],"tags":[],"class_list":{"0":"post-410","1":"post","2":"type-post","3":"status-publish","4":"format-image","5":"has-post-thumbnail","7":"category-nuce","8":"post_format-post-format-image"},"_links":{"self":[{"href":"https:\/\/ypjrojava.net\/index.php?rest_route=\/wp\/v2\/posts\/410","targetHints":{"allow":["GET"]}}],"collection":[{"href":"https:\/\/ypjrojava.net\/index.php?rest_route=\/wp\/v2\/posts"}],"about":[{"href":"https:\/\/ypjrojava.net\/index.php?rest_route=\/wp\/v2\/types\/post"}],"author":[{"embeddable":true,"href":"https:\/\/ypjrojava.net\/index.php?rest_route=\/wp\/v2\/users\/1"}],"replies":[{"embeddable":true,"href":"https:\/\/ypjrojava.net\/index.php?rest_route=%2Fwp%2Fv2%2Fcomments&post=410"}],"version-history":[{"count":1,"href":"https:\/\/ypjrojava.net\/index.php?rest_route=\/wp\/v2\/posts\/410\/revisions"}],"predecessor-version":[{"id":412,"href":"https:\/\/ypjrojava.net\/index.php?rest_route=\/wp\/v2\/posts\/410\/revisions\/412"}],"wp:featuredmedia":[{"embeddable":true,"href":"https:\/\/ypjrojava.net\/index.php?rest_route=\/wp\/v2\/media\/15264"}],"wp:attachment":[{"href":"https:\/\/ypjrojava.net\/index.php?rest_route=%2Fwp%2Fv2%2Fmedia&parent=410"}],"wp:term":[{"taxonomy":"category","embeddable":true,"href":"https:\/\/ypjrojava.net\/index.php?rest_route=%2Fwp%2Fv2%2Fcategories&post=410"},{"taxonomy":"post_tag","embeddable":true,"href":"https:\/\/ypjrojava.net\/index.php?rest_route=%2Fwp%2Fv2%2Ftags&post=410"}],"curies":[{"name":"wp","href":"https:\/\/api.w.org\/{rel}","templated":true}]}}