{"id":413,"date":"2019-01-26T08:19:20","date_gmt":"2019-01-26T08:19:20","guid":{"rendered":"http:\/\/ypjrojava.org\/blog43\/?p=413"},"modified":"2019-01-26T08:19:20","modified_gmt":"2019-01-26T08:19:20","slug":"sehiden-berxwedana-kobane-u-cezaa","status":"publish","type":"post","link":"https:\/\/ypjrojava.net\/?p=413","title":{"rendered":"\u015eeh\u00eed\u00ean Berxwedana Koban\u00ea \u00db Cezaa"},"content":{"rendered":"<p>P\u00ea\u015feng\u00ean gel\u00ean ku t\u00eako\u015f\u00eena azadiy\u00ea dime\u015f\u00eenin, \u015feh\u00eed in ku li hember\u00ee hem\u00fb dijwar\u00ee \u00fb zehmetiyan li ber xwe didin, ji b\u00eaderfetiyan serkeftin\u00ean mezin diafir\u00eenin \u00fb di oxira v\u00ea yek\u00ea de can\u00ea xwe feda dikin. Ev yek bi helwesta bi hezaran \u015feh\u00eedan li Kurdistan\u00ea hatiye \u00eesbatkirin. \u015eeh\u00eed\u00ean me h\u00eaviy\u00ean p\u00ea\u015ferojeke azad kirine xeyal\u00ean ku dikarin p\u00eak werin \u00fb bi dilsoziya xwe ya bi mirovahiy\u00ea re her yek b\u00fbye rew\u015fenek.<\/p>\n<p>\u015eeh\u00eed\u00ean me di hem\u00fb qonax\u00ean v\u00ea d\u00eerok\u00ea de, her yek b\u00fbye ab\u00eedeyek \u00fb cih\u00ea xwe di dil\u00ea mirovahiy\u00ea de girtiye. \u015eore\u015fa mirovahiy\u00ea ku li Rojava \u00fb Bakur\u00ea S\u00fbriyey\u00ea p\u00eak t\u00ea, li hember\u00ee zehmetiyan roj bi roj berxwedana xwe mezin dike \u00fb li dij\u00ee \u00e7etey\u00ean barbar \u00ean DAI\u015e\u2019\u00ea t\u00eako\u015f\u00eeneke lehengane dime\u015f\u00eenin \u00fb destan\u00ean d\u00eerok\u00ee niv\u00eesandin. Yek ji van destanan j\u00ee di sala 2014\u2019an de li Koban\u00ea \u00fb Cezaay\u00ea bi helwesta qehreman\u00ee ya 7 hevr\u00eay\u00ean me derketiye hol\u00ea. 7 hevr\u00eay\u00ean ku nasnameya wan hatiye e\u015fkerekirin de nasnameya 2 \u015fervan\u00ean YPJ\u2019\u00ea hatiye e\u015fkerekirin. 7 hevr\u00eay\u00ean me di encama fedakariyeke b\u00eahempa de tev li karwan\u00ea \u015feh\u00eedan b\u00fbne.<\/p>\n<p><strong>Nasnamey\u00ean pakrewanan wiha ye:<\/strong><\/p>\n<p>&nbsp;<\/p>\n<p>&nbsp;<\/p>\n<p><strong>Nasnav:<\/strong>\u00a0Ar\u015f\u00een Efr\u00een<\/p>\n<p><strong>Cih\u00ea Ji Dayikb\u00fbn\u00ea:<\/strong>\u00a0Efr\u00een<\/p>\n<p><strong>Cih \u00fb D\u00eeroka \u015eehadet\u00ea:<\/strong>\u00a0Koban\u00ea \/ \u00celona 2014\u2019a<\/p>\n<p>&nbsp;<\/p>\n<p>&nbsp;<\/p>\n<p>&nbsp;<\/p>\n<p><strong>Nasnav:<\/strong>\u00a0Rojda Efr\u00een<\/p>\n<p><strong>Nav \u00fb Pa\u015fnav:<\/strong>\u00a0Ar\u00eefe Mihemed<\/p>\n<p><strong>Nav\u00ea Dayik\u00ea:<\/strong>\u00a0Gul\u00ea<\/p>\n<p><strong>Nav\u00ea Bav:<\/strong>\u00a0Ibrah\u00eem<\/p>\n<p><strong>Cih\u00ea Ji Dayikb\u00fbn\u00ea:<\/strong>\u00a0Efr\u00een<\/p>\n<p><strong>Cih \u00fb D\u00eeroka \u015eehadet\u00ea:<\/strong>\u00a0Cezaa \/ 23\u2019\u00ea Tebax\u00ea 2014\u2019an<\/p>\n","protected":false},"excerpt":{"rendered":"<p>P\u00ea\u015feng\u00ean gel\u00ean ku t\u00eako\u015f\u00eena azadiy\u00ea dime\u015f\u00eenin, \u015feh\u00eed in ku li hember\u00ee hem\u00fb dijwar\u00ee \u00fb zehmetiyan li ber xwe didin, ji b\u00eaderfetiyan serkeftin\u00ean mezin diafir\u00eenin \u00fb di oxira v\u00ea yek\u00ea de can\u00ea xwe feda dikin. Ev yek bi helwesta bi hezaran \u015feh\u00eedan li Kurdistan\u00ea hatiye \u00eesbatkirin. \u015eeh\u00eed\u00ean me h\u00eaviy\u00ean p\u00ea\u015ferojeke azad kirine xeyal\u00ean ku dikarin p\u00eak [&hellip;]<\/p>\n","protected":false},"author":1,"featured_media":414,"comment_status":"open","ping_status":"closed","sticky":false,"template":"","format":"standard","meta":{"footnotes":""},"categories":[38],"tags":[],"class_list":{"0":"post-413","1":"post","2":"type-post","3":"status-publish","4":"format-standard","5":"has-post-thumbnail","7":"category-nuce"},"_links":{"self":[{"href":"https:\/\/ypjrojava.net\/index.php?rest_route=\/wp\/v2\/posts\/413","targetHints":{"allow":["GET"]}}],"collection":[{"href":"https:\/\/ypjrojava.net\/index.php?rest_route=\/wp\/v2\/posts"}],"about":[{"href":"https:\/\/ypjrojava.net\/index.php?rest_route=\/wp\/v2\/types\/post"}],"author":[{"embeddable":true,"href":"https:\/\/ypjrojava.net\/index.php?rest_route=\/wp\/v2\/users\/1"}],"replies":[{"embeddable":true,"href":"https:\/\/ypjrojava.net\/index.php?rest_route=%2Fwp%2Fv2%2Fcomments&post=413"}],"version-history":[{"count":1,"href":"https:\/\/ypjrojava.net\/index.php?rest_route=\/wp\/v2\/posts\/413\/revisions"}],"predecessor-version":[{"id":415,"href":"https:\/\/ypjrojava.net\/index.php?rest_route=\/wp\/v2\/posts\/413\/revisions\/415"}],"wp:featuredmedia":[{"embeddable":true,"href":"https:\/\/ypjrojava.net\/index.php?rest_route=\/wp\/v2\/media\/414"}],"wp:attachment":[{"href":"https:\/\/ypjrojava.net\/index.php?rest_route=%2Fwp%2Fv2%2Fmedia&parent=413"}],"wp:term":[{"taxonomy":"category","embeddable":true,"href":"https:\/\/ypjrojava.net\/index.php?rest_route=%2Fwp%2Fv2%2Fcategories&post=413"},{"taxonomy":"post_tag","embeddable":true,"href":"https:\/\/ypjrojava.net\/index.php?rest_route=%2Fwp%2Fv2%2Ftags&post=413"}],"curies":[{"name":"wp","href":"https:\/\/api.w.org\/{rel}","templated":true}]}}