{"id":416,"date":"2019-01-26T08:20:03","date_gmt":"2019-01-26T08:20:03","guid":{"rendered":"http:\/\/ypjrojava.org\/blog43\/?p=416"},"modified":"2019-01-26T08:20:03","modified_gmt":"2019-01-26T08:20:03","slug":"sehiden-berxwedaniya-efrin-u-sedade","status":"publish","type":"post","link":"https:\/\/ypjrojava.net\/?p=416","title":{"rendered":"\u015eEH\u00ceD\u00caN BERXWEDAN\u0130YA EFR\u00ceN \u00db \u015eEDAD\u00ca"},"content":{"rendered":"<p>Navenda Ragahandina YPG&#8217;\u00ea bi daxuyaniyek\u00ee niv\u00eesk\u00ee nasname ya \u00e7ar \u015fervan\u00ean xwe y\u00ee c\u00eeh \u00fb dem\u00ean cuda de \u015feh\u00eed bune e\u015fkere kir.<\/p>\n<p>Komek heval\u00ea me li nav\u00e7eya Efr\u00een \u015eera g\u00fbnd\u00ea Malikiy\u00ea dema di\u00e7\u00fbn peywir\u00ea ketine kem\u00eena dijmin. Ev kem\u00een bi bersivday\u00eena h\u00eaz\u00ea me ziviriye pev\u00e7\u00fbnek mezin. Dinav v\u00ea pev\u00e7\u00fbn\u00ea de ku\u015ft\u00ee \u00fb bir\u00eendar\u00ean dijmin heye \u00fb l\u00ea derbar\u00ea hejmar\u00ean wan de agahiyek zelal neketiye dest. Di encama v\u00ea \u015fer\u00ee de 2 ji wan heval\u00ean jin bi gi\u015ft\u00ee 3 heval\u00ean me heya f\u00ee\u015feka xwe ya daw\u00ee \u015fer kirine \u00fb gihi\u015ftine \u015fehadet\u00ea.<\/p>\n<p>Di heman dem\u00ea de di d\u00eeroka 18\u2019\u00ea Pu\u015fper\u00ea 2018\u2019an de li \u015eedad\u00ea r\u00eahevala me B\u00ear\u00eetan Zinar ku dema liser erka xwe b\u00fb di encama qezayek\u00ee de \u015feh\u00eed b\u00fbye.<\/p>\n<p>Di nava nasnamey\u00ean \u015feh\u00eeda de nasnameya 3 \u015fervan\u00ean YPJ\u2019\u00ea hatiye e\u015fkere kirin.<\/p>\n<p>Nasnameya heval\u00ean\u00a0 me y\u00ee \u015feh\u00eed wiha ne.<\/p>\n<p>&nbsp;<\/p>\n<p><img decoding=\"async\" src=\"https:\/\/www.ypgrojava.org\/upload\/gallery\/1530964237-ARJN_RUSTEM_CUD_-_CEYLAN_HORO.jpg\" alt=\"\" \/><\/p>\n<p>&nbsp;<\/p>\n<p>Nasnav:\u00a0Arj\u00een Rustem Cud\u00ee<\/p>\n<p>Nav \u00fb Pa\u015fnav:\u00a0Ceylan Horo<\/p>\n<p>Nav\u00ea Dayik\u00ea:\u00a0Firyel<\/p>\n<p>Nav\u00ea Bav:\u00a0Mihemed<\/p>\n<p>Cih\u00ea Ji Dayikb\u00fbn\u00ea:\u00a0Efr\u00een<\/p>\n<p>Cih \u00fb Demaa \u015eehadet\u00ea:\u00a0Efr\u00een \/ \u015eera &#8211;\u00a0Gund\u00ea Malikiy\u00ea \/ 30&#8217;\u00ea Hez\u00eerana 2018&#8217;an<\/p>\n<p><img decoding=\"async\" src=\"https:\/\/www.ypgrojava.org\/upload\/gallery\/1530964281-SARYA_RIZGAR_-_GURBET_TAKSU.jpg\" alt=\"\" \/><\/p>\n<p>Nasnav:\u00a0Sarya Rizgar<\/p>\n<p>Nav \u00fb Pa\u015fnav:\u00a0Gurbet Taksun<\/p>\n<p>Nav\u00ea Dayik\u00ea:\u00a0Rab\u00eea<\/p>\n<p>Nav\u00ea Bav:\u00a0Abdullah<\/p>\n<p>Cih \u00fb Dema \u015eehadet\u00ea:\u00a0Efr\u00een \/ \u015eera &#8211;\u00a0Gund\u00ea Malikiy\u00ea \/ 30\u2019\u00ea Hez\u00eerana\u00a02018&#8217;an<\/p>\n<p><img decoding=\"async\" src=\"https:\/\/www.ypgrojava.org\/upload\/gallery\/1530964260-BERTAN_ZINAR-SOZDAR_MUSTAFA.jpg\" alt=\"\" \/><\/p>\n<p>Nasnav:\u00a0Ber\u00eetan Zinar<\/p>\n<p>Nav \u00fb Pa\u015fnav:\u00a0Sozdar Mustafa<\/p>\n<p>Nav\u00ea Dayik\u00ea:\u00a0Heyfe<\/p>\n<p>Nav\u00ea Bav:\u00a0Mihemed<\/p>\n<p>Cih\u00ea Ji Dayikb\u00fbn\u00ea:\u00a0Koban\u00ea<\/p>\n<p>Cih \u00fb Dema \u015eehadet\u00ea:\u00a0\u015eedad\u00ea \/ 18\u2019\u00ea Hez\u00eerana\u00a02018&#8217;an<\/p>\n","protected":false},"excerpt":{"rendered":"<p>Navenda Ragahandina YPG&#8217;\u00ea bi daxuyaniyek\u00ee niv\u00eesk\u00ee nasname ya \u00e7ar \u015fervan\u00ean xwe y\u00ee c\u00eeh \u00fb dem\u00ean cuda de \u015feh\u00eed bune e\u015fkere kir. Komek heval\u00ea me li nav\u00e7eya Efr\u00een \u015eera g\u00fbnd\u00ea Malikiy\u00ea dema di\u00e7\u00fbn peywir\u00ea ketine kem\u00eena dijmin. Ev kem\u00een bi bersivday\u00eena h\u00eaz\u00ea me ziviriye pev\u00e7\u00fbnek mezin. Dinav v\u00ea pev\u00e7\u00fbn\u00ea de ku\u015ft\u00ee \u00fb bir\u00eendar\u00ean dijmin heye \u00fb [&hellip;]<\/p>\n","protected":false},"author":1,"featured_media":417,"comment_status":"open","ping_status":"closed","sticky":false,"template":"","format":"image","meta":{"footnotes":""},"categories":[38],"tags":[],"class_list":{"0":"post-416","1":"post","2":"type-post","3":"status-publish","4":"format-image","5":"has-post-thumbnail","7":"category-nuce","8":"post_format-post-format-image"},"_links":{"self":[{"href":"https:\/\/ypjrojava.net\/index.php?rest_route=\/wp\/v2\/posts\/416","targetHints":{"allow":["GET"]}}],"collection":[{"href":"https:\/\/ypjrojava.net\/index.php?rest_route=\/wp\/v2\/posts"}],"about":[{"href":"https:\/\/ypjrojava.net\/index.php?rest_route=\/wp\/v2\/types\/post"}],"author":[{"embeddable":true,"href":"https:\/\/ypjrojava.net\/index.php?rest_route=\/wp\/v2\/users\/1"}],"replies":[{"embeddable":true,"href":"https:\/\/ypjrojava.net\/index.php?rest_route=%2Fwp%2Fv2%2Fcomments&post=416"}],"version-history":[{"count":1,"href":"https:\/\/ypjrojava.net\/index.php?rest_route=\/wp\/v2\/posts\/416\/revisions"}],"predecessor-version":[{"id":418,"href":"https:\/\/ypjrojava.net\/index.php?rest_route=\/wp\/v2\/posts\/416\/revisions\/418"}],"wp:featuredmedia":[{"embeddable":true,"href":"https:\/\/ypjrojava.net\/index.php?rest_route=\/wp\/v2\/media\/417"}],"wp:attachment":[{"href":"https:\/\/ypjrojava.net\/index.php?rest_route=%2Fwp%2Fv2%2Fmedia&parent=416"}],"wp:term":[{"taxonomy":"category","embeddable":true,"href":"https:\/\/ypjrojava.net\/index.php?rest_route=%2Fwp%2Fv2%2Fcategories&post=416"},{"taxonomy":"post_tag","embeddable":true,"href":"https:\/\/ypjrojava.net\/index.php?rest_route=%2Fwp%2Fv2%2Ftags&post=416"}],"curies":[{"name":"wp","href":"https:\/\/api.w.org\/{rel}","templated":true}]}}