{"id":7935,"date":"2019-05-17T20:13:56","date_gmt":"2019-05-17T20:13:56","guid":{"rendered":"https:\/\/ypjrojava.net\/?p=7935"},"modified":"2019-05-17T20:13:56","modified_gmt":"2019-05-17T20:13:56","slug":"em-rehevalen-xwe-yen-ku-di-berxwedana-serdeme-de-sehid-bun-bi-rezdari-bibirtinin","status":"publish","type":"post","link":"https:\/\/ypjrojava.net\/?p=7935","title":{"rendered":"Em r\u00eaheval\u00ean xwe y\u00ean ku di Berxwedana Serdem\u00ea de \u015feh\u00eed b\u00fbn bi r\u00eazdar\u00ee bib\u00eert\u00eenin"},"content":{"rendered":"<p>Navenda Ragihandina YPG\u2019\u00ea nasnameya 12 \u015fervan\u00ean YPJ\u2019\u00ea \u2018\u00fb YPG e\u015fkere kir.Sala 2018\u2019an de Berxwedana Serdeme de \u015fehit ketin e\u015fkere kir.Di nav 12 r\u00eaheval\u00ean ku hatin e\u015fkerkirin de 4 r\u00eaheval\u00ean me y\u00ean\u00a0<a href=\"https:\/\/www.facebook.com\/hashtag\/ypj?epa=HASHTAG\" data-ft=\"{&quot;type&quot;:104,&quot;tn&quot;:&quot;*N&quot;}\">#YPJ<\/a>\u00a0bi qehreman\u00ee \u00fb sekna berxwed\u00ear li ber xwe dan j\u00ee heb\u00fbn.<\/p>\n<p>Nasnameya r\u00eaheval\u00ean me y\u00ean \u015feh\u00eed wiha ye;<\/p>\n<p>Nasnav: NUDA \u00c7\u0130YA<br \/>\nNav \u00db Pa\u015fnav: \u015eEHR\u00ceBAN Y\u0130LD\u0130Z<br \/>\nNav\u00ea Dayik\u00ea: SERF\u0130NA<br \/>\nNav\u00ea Bav: HEYRETT\u0130N<br \/>\nCih \u00db D\u00eeroka \u015eehadet\u00ea: EFR\u00ceN RACO \/ 3 ADAR 2018<\/p>\n<p>Nasnav: \u015e.SAR\u00ceNA B\u00caR\u00ceTAN<br \/>\nNav \u00db Pa\u015fnav: D\u00caRS\u00ceM SEY\u00ceD EHMED<br \/>\nNav\u00ea Dayik\u00ea: FATMA<br \/>\nNav\u00ea Bav: \u00ceBRAH\u0130M<br \/>\nCih \u00db D\u00eeroka \u015eehadet\u00ea: EFR\u00ceN C\u0130ND\u0130RES \/ 13 ADAR 2018<\/p>\n<p>Nasnav: XW\u0130NDA WELAT<br \/>\nNav \u00fb Pa\u015fnav: REW\u015eAN BEKIR<br \/>\nNav\u00ea Dayik\u00ea: ZEYNEP<br \/>\nNav\u00ea Bav: MEHMUD<br \/>\nCih \u00fb D\u00eeroka \u015eehadet\u00ea: EFR\u00ceN-RECO GUND\u00ca DERW\u00ce\u015e \/ 19 S\u0130BAT 2018<\/p>\n<p>Nasnav: TEKO\u015e\u00ceN CUD\u00ce<br \/>\nNav \u00db Pa\u015fnav: AY\u015eE \u00c7APAR<br \/>\nNav\u00ea Dayik\u00ea: \u015eER\u00ceN<br \/>\nNav\u00ea Bav: REMEZAN<br \/>\nCih \u00db D\u00eeroka \u015eehadet\u00ea: EFR\u00ceN-RACO \/ 20 S\u0130BAT 2018<\/p>\n<p>Navenda Ragihandina #YPJ<\/p>\n","protected":false},"excerpt":{"rendered":"<p>Navenda Ragihandina YPG\u2019\u00ea nasnameya 12 \u015fervan\u00ean YPJ\u2019\u00ea \u2018\u00fb YPG e\u015fkere kir.Sala 2018\u2019an de Berxwedana Serdeme de \u015fehit ketin e\u015fkere kir.Di nav 12 r\u00eaheval\u00ean ku hatin e\u015fkerkirin de 4 r\u00eaheval\u00ean me y\u00ean\u00a0#YPJ\u00a0bi qehreman\u00ee \u00fb sekna berxwed\u00ear li ber xwe dan j\u00ee heb\u00fbn. Nasnameya r\u00eaheval\u00ean me y\u00ean \u015feh\u00eed wiha ye; Nasnav: NUDA \u00c7\u0130YA Nav \u00db Pa\u015fnav: \u015eEHR\u00ceBAN [&hellip;]<\/p>\n","protected":false},"author":1,"featured_media":7936,"comment_status":"closed","ping_status":"closed","sticky":false,"template":"","format":"standard","meta":{"footnotes":""},"categories":[38],"tags":[],"class_list":{"0":"post-7935","1":"post","2":"type-post","3":"status-publish","4":"format-standard","5":"has-post-thumbnail","7":"category-nuce"},"_links":{"self":[{"href":"https:\/\/ypjrojava.net\/index.php?rest_route=\/wp\/v2\/posts\/7935","targetHints":{"allow":["GET"]}}],"collection":[{"href":"https:\/\/ypjrojava.net\/index.php?rest_route=\/wp\/v2\/posts"}],"about":[{"href":"https:\/\/ypjrojava.net\/index.php?rest_route=\/wp\/v2\/types\/post"}],"author":[{"embeddable":true,"href":"https:\/\/ypjrojava.net\/index.php?rest_route=\/wp\/v2\/users\/1"}],"replies":[{"embeddable":true,"href":"https:\/\/ypjrojava.net\/index.php?rest_route=%2Fwp%2Fv2%2Fcomments&post=7935"}],"version-history":[{"count":1,"href":"https:\/\/ypjrojava.net\/index.php?rest_route=\/wp\/v2\/posts\/7935\/revisions"}],"predecessor-version":[{"id":7937,"href":"https:\/\/ypjrojava.net\/index.php?rest_route=\/wp\/v2\/posts\/7935\/revisions\/7937"}],"wp:featuredmedia":[{"embeddable":true,"href":"https:\/\/ypjrojava.net\/index.php?rest_route=\/wp\/v2\/media\/7936"}],"wp:attachment":[{"href":"https:\/\/ypjrojava.net\/index.php?rest_route=%2Fwp%2Fv2%2Fmedia&parent=7935"}],"wp:term":[{"taxonomy":"category","embeddable":true,"href":"https:\/\/ypjrojava.net\/index.php?rest_route=%2Fwp%2Fv2%2Fcategories&post=7935"},{"taxonomy":"post_tag","embeddable":true,"href":"https:\/\/ypjrojava.net\/index.php?rest_route=%2Fwp%2Fv2%2Ftags&post=7935"}],"curies":[{"name":"wp","href":"https:\/\/api.w.org\/{rel}","templated":true}]}}