{"id":8615,"date":"2019-05-26T19:56:16","date_gmt":"2019-05-26T19:56:16","guid":{"rendered":"https:\/\/ypjrojava.net\/?p=8615"},"modified":"2019-06-10T09:45:41","modified_gmt":"2019-06-10T09:45:41","slug":"akademiya-sehid-berivan-dewreyek-servane-nu-vekir","status":"publish","type":"post","link":"https:\/\/ypjrojava.net\/?p=8615","title":{"rendered":"Akademiya \u015eeh\u00eed B\u00ear\u00eevan dewreyek \u015fervan\u00ea n\u00fb vekir"},"content":{"rendered":"<p>Akademiya \u015feh\u00eed B\u00ear\u00eevan ya \u015fervan\u00ea n\u00fb dewreya bi nav\u00ea \u015feh\u00eed Evr\u00eem amed ku ji p\u00eakhatey\u00ean kurd p\u00eak t\u00ea vekir.<\/p>\n<p><img loading=\"lazy\" decoding=\"async\" class=\"alignnone size-medium wp-image-8617\" style=\"text-transform: initial;\" src=\"http:\/\/ypjrojava.net\/wp-content\/uploads\/2019\/05\/\u015fehit-arka-plan-1-300x166.jpg\" alt=\"\" width=\"300\" height=\"166\" srcset=\"https:\/\/ypjrojava.net\/wp-content\/uploads\/2019\/05\/\u015fehit-arka-plan-1-300x166.jpg 300w, https:\/\/ypjrojava.net\/wp-content\/uploads\/2019\/05\/\u015fehit-arka-plan-1-768x425.jpg 768w, https:\/\/ypjrojava.net\/wp-content\/uploads\/2019\/05\/\u015fehit-arka-plan-1-1024x567.jpg 1024w\" sizes=\"auto, (max-width: 300px) 100vw, 300px\" \/><\/p>\n<p>Li kantona Hesek\u00ea, bi dehan \u015fervan\u00ean YPJ\u2019\u00ea ji her\u00eam\u00ea cuda be\u015fdar\u00ee nava ref\u00ean YPJ&#8217;\u00ea b\u00fbne, perwerdeya wan ya 45 roj\u00ee dewam dike dest p\u00ea kir. Vekirina dewrey\u00ea bi meras\u00eemeke le\u015fker\u00ee dest p\u00ea kir.<\/p>\n<p>Di meras\u00eem\u00ea de fermandara YPJ&#8217;\u00ea R\u00fbken EFR\u00ceN x\u00eetab\u00ee \u015fervanan kir \u00fb wiha got; \u201cEm vekirina dewreya \u015feh\u00eed Evr\u00eem di ser\u00ee de li R\u00eaber APO, hem\u00fb \u015feh\u00eed\u00ean teko\u015f\u00een\u00ea, li gel\u00ea welat- par\u00eaz \u00fb hem\u00fb \u015fervanan p\u00eeroz dikin. We bi v\u00eena xwe biryara gavav\u00eatina yekem\u00een ya nava ref\u00ean YPJ\u2019\u00ea de daye \u00fb \u00eero hun li vir kom b\u00fbne. Ev gavek\u00ee feda\u00ee \u00fb bi wateye. Her tevl\u00eeb\u00fbna jinek ya nava teko\u015f\u00een \u00fb \u015fore\u015f\u00ea t\u00ea wateya redkirina pergala serdest \u00fb pa\u015fver\u00fbtiya civak\u00ee.<\/p>\n<p>Em jin\u00ean ku di rojhilata nav\u00een de dij\u00een p\u00eaw\u00eestiya me ji her kes\u00ee z\u00eadetir bi teko\u015f\u00een \u00fb azadiya kesayet\u00ee heye. Ev derfet di nava YPJ\u2019\u00ea de heye ku her jinek cih\u00ea xwe di nav de bigre \u00fb t\u00eabiko\u015fe.<\/p>\n<p>\u201d Efr\u00een, her wiha bal ki\u015fand ser gir\u00eegiya perwerdeya fikr\u00ee, le\u015fker\u00ee \u00fb siyas\u00ee \u00fb wiha got; \u201cEm bi saya fikir \u00fb felsefeya R\u00eaber APO ku ji bo jin ava kiriye \u00eero kesayetiya xwe nas dikin \u00fb f\u00ear\u00ee r\u00eabaz\u00ean teko\u015f\u00een \u00fb \u015ferkirin\u00ea dibin. Xwe perwerde kirin, bingeha gav av\u00eatina gav\u00ean rast di jiyan\u00ea de ye. H\u00fbn\u00ea di v\u00ea pewerwerdey\u00ea de hem d\u00eeroka xwe \u00fb hem j\u00ee rastiya xwe nas bikin. Li ser v\u00ea bingeh\u00ee n\u00eaz\u00eekat\u00ee were raberkirin, w\u00ea perwerdeya h\u00fbn bib\u00eenin bi encam\u00ean mezin bi xwe re ava bike. Ev perwerdeya h\u00fbn niha bib\u00eenin di demeke d\u00eerok\u00ee de ye, bi zaneb\u00fbna v\u00ea dem\u00ea re tevl\u00eeb\u00fbn gir\u00eeng e.<\/p>\n<p>Em her \u015fervaneke YPJ\u2019\u00ea lazime sekna Leyla \u00fb hem\u00fb berxwed\u00ear\u00ean grava bir\u00e7\u00eeb\u00fbn\u00ea ji bo xwe bikin p\u00eevana jiyan \u00fb teko\u015f\u00eena rast. Heya ku em xwed\u00ee sekn\u00ean weke Sara, Leyla Z\u00eelanan bibin w\u00ea teko\u015f\u00eena me bi serbikeve.<\/p>\n<p>\u201d Fermandara YPJ&#8217;\u00ea Ruken Efr\u00een, di dawiya axaftina xwe de, ev an\u00ee ziman; \u201cEm ji hem\u00fb hevalan re serkeftin dixwazin \u00fb ji vir heya Bak\u00fbr\u00ea kurdistan\u00ea \u00e7alakiya Leyla guven \u00fb hem\u00fb berxwed\u00earan ji dil silav dikin. Heger \u00eero roj tevl\u00eeb\u00fbn di nava ref\u00ean YPJ&#8217;\u00ea de z\u00eade dibin ev hem\u00fb berhem\u00ea ked \u00fb sekna van hevala ye.\u201d Meras\u00eem bi av\u00eatina dir\u00fb\u015fmeyan bi daw\u00ee b\u00fb.<\/p>\n<p>Pi\u015ft\u00ee meras\u00eem bi daw\u00ee b\u00fb \u015fervanan soza xwe dan \u00fb govend gerandin. Navenda ragihandina YPJ\u2019\u00ea<\/p>\n<p>Navenda Ragihandina YPJ<\/p>\n","protected":false},"excerpt":{"rendered":"<p>Akademiya \u015feh\u00eed B\u00ear\u00eevan ya \u015fervan\u00ea n\u00fb dewreya bi nav\u00ea \u015feh\u00eed Evr\u00eem amed ku ji p\u00eakhatey\u00ean kurd p\u00eak t\u00ea vekir. Li kantona Hesek\u00ea, bi dehan \u015fervan\u00ean YPJ\u2019\u00ea ji her\u00eam\u00ea cuda be\u015fdar\u00ee nava ref\u00ean YPJ&#8217;\u00ea b\u00fbne, perwerdeya wan ya 45 roj\u00ee dewam dike dest p\u00ea kir. Vekirina dewrey\u00ea bi meras\u00eemeke le\u015fker\u00ee dest p\u00ea kir. Di meras\u00eem\u00ea de [&hellip;]<\/p>\n","protected":false},"author":1,"featured_media":8616,"comment_status":"closed","ping_status":"closed","sticky":true,"template":"","format":"standard","meta":{"footnotes":""},"categories":[38],"tags":[],"class_list":{"0":"post-8615","1":"post","2":"type-post","3":"status-publish","4":"format-standard","5":"has-post-thumbnail","7":"category-nuce"},"_links":{"self":[{"href":"https:\/\/ypjrojava.net\/index.php?rest_route=\/wp\/v2\/posts\/8615","targetHints":{"allow":["GET"]}}],"collection":[{"href":"https:\/\/ypjrojava.net\/index.php?rest_route=\/wp\/v2\/posts"}],"about":[{"href":"https:\/\/ypjrojava.net\/index.php?rest_route=\/wp\/v2\/types\/post"}],"author":[{"embeddable":true,"href":"https:\/\/ypjrojava.net\/index.php?rest_route=\/wp\/v2\/users\/1"}],"replies":[{"embeddable":true,"href":"https:\/\/ypjrojava.net\/index.php?rest_route=%2Fwp%2Fv2%2Fcomments&post=8615"}],"version-history":[{"count":3,"href":"https:\/\/ypjrojava.net\/index.php?rest_route=\/wp\/v2\/posts\/8615\/revisions"}],"predecessor-version":[{"id":8620,"href":"https:\/\/ypjrojava.net\/index.php?rest_route=\/wp\/v2\/posts\/8615\/revisions\/8620"}],"wp:featuredmedia":[{"embeddable":true,"href":"https:\/\/ypjrojava.net\/index.php?rest_route=\/wp\/v2\/media\/8616"}],"wp:attachment":[{"href":"https:\/\/ypjrojava.net\/index.php?rest_route=%2Fwp%2Fv2%2Fmedia&parent=8615"}],"wp:term":[{"taxonomy":"category","embeddable":true,"href":"https:\/\/ypjrojava.net\/index.php?rest_route=%2Fwp%2Fv2%2Fcategories&post=8615"},{"taxonomy":"post_tag","embeddable":true,"href":"https:\/\/ypjrojava.net\/index.php?rest_route=%2Fwp%2Fv2%2Ftags&post=8615"}],"curies":[{"name":"wp","href":"https:\/\/api.w.org\/{rel}","templated":true}]}}