{"id":8621,"date":"2019-05-28T06:14:29","date_gmt":"2019-05-28T06:14:29","guid":{"rendered":"https:\/\/ypjrojava.net\/?p=8621"},"modified":"2022-06-21T15:56:58","modified_gmt":"2022-06-21T15:56:58","slug":"me-xwe-li-ser-sopa-silava-u-berivan-ava-kir-nirxen-diroki-afirandin","status":"publish","type":"post","link":"https:\/\/ypjrojava.net\/?p=8621","title":{"rendered":"Me xwe li ser \u015fopa Silava \u00fb B\u00ear\u00eevan ava kir nirx\u00ean d\u00eerok\u00ee afirandin"},"content":{"rendered":"<p>Em hevr\u00eay\u00ean xwe y\u00ean \u015feh\u00eed \u00ean destp\u00eak\u00ea r\u00eaheval Silava, B\u00ear\u00eevan \u00fb di kesayeta wan de, \u015feh\u00eed\u00ean meha Gulan\u00ea, \u015feh\u00eed\u00ean berxwedana serdem\u00ea \u00fb tevah\u00ee \u015feh\u00eed\u00ean \u015fore\u015f\u00ea bib\u00eert\u00eenin, soza me daye wan n\u00fb dikin.<\/p>\n<p>Di hem\u00fb \u015fer\u00ean ku di d\u00eeroka mirovahiy\u00ea de hatine p\u00ea\u015fxistin, her tim civak \u00fb di nava civak\u00ea de j\u00ee jinan para xwe ji \u00eari\u015f\u00ean her\u00ee xedar \u00fb hovane girtiye. Me weke gel \u00fb jina Kurd j\u00ee di d\u00eerok\u00ea de gelek berd\u00eal\u00ean giranbiha da \u00fb civaka me \u00ea\u015f\u00ean mezin jiyan kir. Desthilatdariya m\u00ear ji bo serweriya xwe li ser civak\u00ea may\u00eende bike her tim jin lewaz d\u00eet \u00fb hewlda b\u00ea bandor bike. D\u00eerok desthilatdaran careke din di roja \u00eero de xwe di \u015fexs\u00ea \u00e7etey\u00ean DAI\u015e\u2019\u00ea, El NUSRA \u00fb gelek kom\u00ean \u00e7ete y\u00ean cuda de xwe dubare kir. Van kom\u00ean \u00e7ete y\u00ean xwe bi hi\u015fmendiya desthilatdariy\u00ea t\u00ear kirib\u00fbn \u00eari\u015f\u00ean her\u00ee hovane li ser jinan p\u00eakan\u00een. \u015eore\u015fa Rojava ku reng\u00ea xwe bi rastiya jin hunand ev hi\u015fmend\u00ee \u00fb feraset bi binxist.<\/p>\n<p>Di sala 2012\u2019an de li Rojavay\u00ea Kurdistan\u00ea, me weke gel \u00fb jina Kurd biryara parastina xaka xwe \u00fb civaka xwe da. Sala 2012-2013\u2019an b\u00fb sala herik\u00eena jinan nava \u015fore\u015f\u00ea. Sekna r\u00eaheval\u00ean me y\u00ean \u015feh\u00eed li hember\u00ee van \u00ear\u00ee\u015f\u00ean dijwar ku bi r\u00eabaz\u00ean her\u00ee hovane dihatin p\u00ea\u015fxistin di dil\u00ea dijmin de b\u00fb tirseke her\u00ee mezin. \u015eeh\u00eed\u00ean me y\u00ean destp\u00eak\u00ea, biryardar\u00ee, cesaret, bawer\u00ee \u00fb h\u00eaviya serkeftin\u00ea \u00e7awa t\u00ea bi destxistin n\u00ee\u015fan\u00ee me dan. R\u00eaheval Silava \u00fb B\u00ear\u00eevan bi baweriya w\u00ea \u015fore\u015fa gel\u00ea wan daye destp\u00eakirin bi serbikeve ber\u00ea xwe dan nav ref\u00ean \u015fore\u015f\u00ea. Ev herdu heval weke \u015feh\u00eed\u00ean me y\u00ean destp\u00eak\u00ea ne. Me di \u015fexs\u00ea van herdu r\u00eaheval\u00ean h\u00eaja de tama azadiy\u00ea girt, me xwe mezin kir, r\u00eaxistin kir \u00fb kire art\u00ea\u015f.<\/p>\n<p>Me weke YPJ\u2019\u00ea, xwe li ser soza ku me dab\u00fb \u015feh\u00eedan ava kir. Bi hezaran jin \u00fb ke\u00e7\u00ean ciwan li ser \u015fopa Silava \u00fb B\u00ear\u00eevan cih\u00ea xwe di nava \u015fore\u015f\u00ea de girtin. Ked, fedekariy\u00ean mezin avakirin \u00fb berd\u00eal\u00ean giranbiha dan. \u015eer\u00ea me y\u00ea li ser bingeha fikir \u00fb felsefeya R\u00eaber APO \u00fb xeta \u015feh\u00eedan hate me\u015fandin hi\u015ft gel\u00ea me gelek destkeft\u00ee \u00fb qezenc\u00ean mezin bi dest bixe. Me di parastina her bihusteke v\u00ea xak\u00ea de \u015feh\u00eed dan \u00fb xw\u00een rijand. Ev ji bo me bi qas\u00ee \u00ea\u015feke mezin b\u00fb ewqas\u00ee j\u00ee b\u00fb \u00e7avkaniya h\u00eaz giritin, avakirina herskirina welat \u00fb mezinkirina jiyana manew\u00ee.<\/p>\n<p>Heval Silava \u00fb heval B\u00ear\u00eevan li bajar\u00ea Efr\u00een\u00ea di destp\u00eak\u00ea de cih\u00ea xwe di \u015fore\u015f\u00ea de girtin, bar\u00ea \u015fore\u015f\u00ea hildan ser mil\u00ea xwe. Bi zaneb\u00fbn \u00fb hest\u00ean welatpar\u00eaz\u00ee tevl\u00eab\u00fbn, ked dan \u00fb b\u00fbn p\u00ea\u015feng\u00ean \u015fore\u015fa me. Di sala 2013\u2019an de dema kom\u00ean \u00e7ete hewldan Efr\u00een\u00ea dagir bikin herdu r\u00eaheval\u00ean me ji bo p\u00ea\u015fiya van \u00ear\u00ee\u015fan bibin mertal di \u00e7eper\u00ean her\u00ee p\u00ea\u015f de cih\u00ea xwe girtin. Bi fedekariy\u00ean mezin rab\u00fbn, heta daw\u00ee teko\u015f\u00een kirin. R\u00eaheval B\u00ear\u00eevan di 28\u2019\u00ea Gulan\u00ea de, r\u00eaheval Silava j\u00ee di 29\u2019\u00ea Gulana 2013\u2019an de gih\u00ee\u015ftin \u015fehadet\u00ea. Meha Gulan\u00ea, di teko\u015f\u00eena gel\u00ea me de weke meha \u015feh\u00eedane. Ev ji bo me j\u00ee heman watey\u00ea hildigre nava xwe. Em ji bo v\u00ea wateya d\u00eerok\u00ee bi kesayet\u00ean xwe re bikin yek, em \u00ea teko\u015f\u00eena xwe mezin bikin \u00fb \u015feh\u00eed\u00ean xwe di her k\u00ealiya jiyan\u00ea de bidin jiy\u00een. Me soza dab\u00fb \u015feh\u00eed\u00ean xwe, me bi t\u00eakbirina DAI\u015e\u2019\u00ea re bi cih an\u00ee.<\/p>\n<p>Di roja \u00eero de erk \u00fb berpirsyariy\u00ean mezin dikevin ser mil\u00ea me. Ji bo em erk\u00ean xwe bi cih b\u00eenin \u00fb h\u00eaviy\u00ean \u015feh\u00eed Silava, B\u00ear\u00eevan \u00fb tevah\u00ee r\u00eaheval\u00ean xwe y\u00ean \u015feh\u00eed b\u00eenin cih teko\u015f\u00eenek bi zaneb\u00fby\u00ee \u00fb herikbar t\u00ea xwestin. Em \u00ea xwe ji viya re perwerde \u00fb amade bikin. Em li ser w\u00ea bingeh\u00ea careke din \u015feh\u00eed Silava, B\u00ear\u00eevan \u00fb di \u015fexs\u00ea wan de tevah\u00ee \u015feh\u00eedan bi minetdar\u00ee bib\u00eert\u00eenin. Soza xwe li hember\u00ee \u015feh\u00eedan n\u00fb dikin \u00fb dib\u00eajin heya em jiyana gelan \u00fb tevah\u00ee jinan nexin bin ewlekariyeke may\u00eende w\u00ea teko\u015f\u00eena me berdewam bike.<\/p>\n<p><strong>Fermandariya Gi\u015ft\u00ee ya YPJ<\/strong><\/p>\n<p>&nbsp;<\/p>\n","protected":false},"excerpt":{"rendered":"<p>Em hevr\u00eay\u00ean xwe y\u00ean \u015feh\u00eed \u00ean destp\u00eak\u00ea r\u00eaheval Silava, B\u00ear\u00eevan \u00fb di kesayeta wan de, \u015feh\u00eed\u00ean meha Gulan\u00ea, \u015feh\u00eed\u00ean berxwedana serdem\u00ea \u00fb tevah\u00ee \u015feh\u00eed\u00ean \u015fore\u015f\u00ea bib\u00eert\u00eenin, soza me daye wan n\u00fb dikin. Di hem\u00fb \u015fer\u00ean ku di d\u00eeroka mirovahiy\u00ea de hatine p\u00ea\u015fxistin, her tim civak \u00fb di nava civak\u00ea de j\u00ee jinan para xwe ji [&hellip;]<\/p>\n","protected":false},"author":1,"featured_media":14137,"comment_status":"closed","ping_status":"closed","sticky":true,"template":"","format":"standard","meta":{"footnotes":""},"categories":[39],"tags":[],"class_list":{"0":"post-8621","1":"post","2":"type-post","3":"status-publish","4":"format-standard","5":"has-post-thumbnail","7":"category-daxuyani"},"_links":{"self":[{"href":"https:\/\/ypjrojava.net\/index.php?rest_route=\/wp\/v2\/posts\/8621","targetHints":{"allow":["GET"]}}],"collection":[{"href":"https:\/\/ypjrojava.net\/index.php?rest_route=\/wp\/v2\/posts"}],"about":[{"href":"https:\/\/ypjrojava.net\/index.php?rest_route=\/wp\/v2\/types\/post"}],"author":[{"embeddable":true,"href":"https:\/\/ypjrojava.net\/index.php?rest_route=\/wp\/v2\/users\/1"}],"replies":[{"embeddable":true,"href":"https:\/\/ypjrojava.net\/index.php?rest_route=%2Fwp%2Fv2%2Fcomments&post=8621"}],"version-history":[{"count":1,"href":"https:\/\/ypjrojava.net\/index.php?rest_route=\/wp\/v2\/posts\/8621\/revisions"}],"predecessor-version":[{"id":8623,"href":"https:\/\/ypjrojava.net\/index.php?rest_route=\/wp\/v2\/posts\/8621\/revisions\/8623"}],"wp:featuredmedia":[{"embeddable":true,"href":"https:\/\/ypjrojava.net\/index.php?rest_route=\/wp\/v2\/media\/14137"}],"wp:attachment":[{"href":"https:\/\/ypjrojava.net\/index.php?rest_route=%2Fwp%2Fv2%2Fmedia&parent=8621"}],"wp:term":[{"taxonomy":"category","embeddable":true,"href":"https:\/\/ypjrojava.net\/index.php?rest_route=%2Fwp%2Fv2%2Fcategories&post=8621"},{"taxonomy":"post_tag","embeddable":true,"href":"https:\/\/ypjrojava.net\/index.php?rest_route=%2Fwp%2Fv2%2Ftags&post=8621"}],"curies":[{"name":"wp","href":"https:\/\/api.w.org\/{rel}","templated":true}]}}