{"id":8624,"date":"2019-05-28T10:16:51","date_gmt":"2019-05-28T10:16:51","guid":{"rendered":"https:\/\/ypjrojava.net\/?p=8624"},"modified":"2022-06-21T15:53:59","modified_gmt":"2022-06-21T15:53:59","slug":"em-rehevalen-xwe-amara-efrin-u-gunes-botan-rezdari-bibirtinin","status":"publish","type":"post","link":"https:\/\/ypjrojava.net\/?p=8624","title":{"rendered":"Em r\u00eaheval\u00ean xwe Amara Efr\u00een \u00fb Gune\u015f Botan r\u00eazdar\u00ee bib\u00eert\u00eenin"},"content":{"rendered":"<p>Em r\u00eaheval\u00ean xwe Amara Efr\u00een \u00fb Gune\u015f Botan ku di encama operesyona paqijkirina gund\u00ea Baxoz de \u015feh\u00eedb\u00fbn, bi r\u00eazdar\u00ee bib\u00eert\u00eenin,\u00a0ji malbat\u00ean wan re sersax\u00ee dixwazin \u00fb soza p\u00eakan\u00eena h\u00eav\u00ee \u00fb armanc\u00ean wan n\u00fb dikin.<\/p>\n<p>Pi\u015ft\u00ee ku p\u00eangava t\u00eakbirina terora \u00e7etey\u00ean DAI\u015e\u2019\u00ea, li D\u00earezor\u00ea gund\u00ea Baxoza bi serkeft\u00ee bi encam b\u00fb, h\u00eaz\u00ean me dest bi operasyona paqijkirina qamp\u00ea ji bermahiy\u00ean \u00e7eteyan kirin. Dema grupeke \u00e7etey\u00ean DAI\u015e&#8217;\u00ea tev\u00ee malbat\u00ean xwe tesl\u00eem dibin, jineke \u00e7eteyan xwe nava \u015fervan\u00ean me de xwe diteq\u00eene, di encama v\u00ea teq\u00een\u00ea de 2 r\u00eaheval\u00ean me digihin asta \u015fehadet\u00ea. Di 2\u2019\u00ea N\u00eesan\u00ea di dema p\u00eakan\u00eena van operesyonan de, me du hevr\u00eay\u00ean xwe y\u00ean h\u00eaja Amara \u00fb Gune\u015f \u015feh\u00eed dan. Her \u00e7iqas \u00e7etey\u00ean DAI\u015e\u2019\u00ea di aliy\u00ea bejah\u00ee de hatine qedandin, l\u00ea h\u00eena j\u00ee li pey\u00ee xwe gelek bermah\u00ee \u00fb \u015faney\u00ean xwe y\u00ean ve\u015fart\u00ee, di ser\u00ee de li her\u00eama D\u00earezor\u00ea, li gelek qad\u00ean din h\u00ea\u015ftin e. Heval Amara \u00fb heval Gune\u015f bi biryareke xurt, bi bawer\u00ee \u00fb h\u00eaviyek mezin heta k\u00ealiya daw\u00ee di teko\u015f\u00eena li dij\u00ee \u00e7etey\u00ean DAI\u015e\u2019\u00ea de cih girtin \u00fb gih\u00ee\u015ftin \u015fehadet\u00ea.<\/p>\n<p>Heval Amara di sala 2013\u2019an de, heval Gune\u015f j\u00ee di sala 2015\u2019an de tevl\u00ee nav h\u00eaz\u00ean me bib\u00fbn. Herdu heval di nava van salan de be\u015fdar\u00ee gelek \u015fer \u00fb p\u00eangavan b\u00fbn. Heval Amara, di \u015fer\u00ea Heleb\u00ea, \u00a0Koban\u00ea, Minbic, Reqa, Efr\u00een \u00fb her\u00ee daw\u00ee D\u00earezor\u00ea de bi awayek\u00ee \u00e7alak cih\u00ea xwe di nav de girt. Hevala me Gune\u015f j\u00ee, di \u015fer\u00ea Minbic, Reqa, \u015eedad\u00ea \u00fb D\u00earezor\u00ea de bi biryardar\u00ee \u00fb rengek\u00ee \u00e7alak di eniy\u00ean her\u00ee p\u00ea\u015fde cih\u00ea xwe girt. Herdu heval\u00ean me j\u00ee ezm\u00fbn \u00fb daneheveke gelek\u00ee xurt di war\u00ea \u015fer de bi dest xistib\u00fbn. Bi v\u00ea daneheva xwe bi rengek \u00e7alak cih\u00ea xwe di p\u00eangava daw\u00ee ya t\u00eakbirina DA\u0130\u015e\u2019\u00ea de j\u00ee girtin.<\/p>\n<p>Heval Amara di nav malbatek Efr\u00een a welatp\u00ear\u00eaz de mezin dibe. Bi destp\u00eakirina \u015fore\u015f\u00ea re biryara tevl\u00eeb\u00fbna nava ref\u00ean \u015fore\u015f\u00ea dide. Ezmuniya di nav \u015fer de bi destxistib\u00fb, ji bo xwe kirib\u00fb bingeha kesayetek xurt, p\u00ea\u015feng, dilsoz, w\u00earek \u00fb gir\u00eaday\u00ee. Hevala me Amara di nava \u015fer\u00ean giran y\u00ea weke Heleb\u00ea, Berxwedana Serdem\u00ea \u00fb dever\u00ean din de cih\u00ea xwe girt \u00fb pijiya. Li gel v\u00ea di jiyana xwe de j\u00ee xwed\u00ee sekneke bi biryar \u00fb dilnizim b\u00fb.<\/p>\n<p>Heval Gune\u015f, di malbateke<span style=\"text-transform: initial;\">\u00a0kurdperwerde mezin dibe. Di temeneke bi\u00e7\u00fbk de zilma li ser gel\u00ea xwe dib\u00eene, van \u00ear\u00ee\u015fan qeb\u00fbl nake \u00fb li beramber\u00ee v\u00ea nakokiy\u00ean dijwar jiyan dike. Di sala 2014\u2019an de dema \u00ear\u00ee\u015f li ser Koban\u00ea dijwar dibe, ew j\u00ee weke ke\u00e7eke Kurd ji bo ji v\u00ea \u00ear\u00ee\u015f\u00ea re bibe bersiv be\u015fdar\u00ee nav ref\u00ean YPJ dibe. Heval Gune\u015f, k\u00een \u00fb<\/span><span style=\"text-transform: initial;\">\u00a0h\u00earseke mezin li hember\u00ee \u00e7etey\u00ean DAI\u015e\u2019\u00ea jiyan dike \u00fb li hember\u00ee hov\u00eetiya wan a li ser jinan bi \u015fer\u00ea xwe sonda tolhildana jinan digre. Heval Gune\u015f, bi fedekar\u00ee, co\u015f \u00fb tevl\u00eeb\u00fbna xwe ya \u00e7alak tim\u00ee di nava jiyan\u00ea de m\u00eenak b\u00fb.<\/span><\/p>\n<p>Em careke din dib\u00eajin, biryardar\u00ee, sekin <span style=\"text-transform: initial;\">\u00fb teko\u015f\u00eena herdu hevr\u00eay\u00ean me, w\u00ea di her qada teko\u015f\u00een\u00ea de ji bo me bibe n\u00ee\u015faneya serkeftin\u00ea. Li ser w\u00ea bingeh\u00ea em ji malbat\u00ean herdu hevalan \u00fb tevah\u00ee malbat\u00ean \u015feh\u00eedan re sersax\u00ee dixwazin, xemg\u00eeniya wan parve dikin \u00fb soza me daye \u015feh\u00eed\u00ean xwe ji bo em bi cih b\u00eenin, em\u00ea heya daw\u00ee teko\u015f\u00een bikin.<\/span><\/p>\n<p><strong>Nasnamey\u00ean r\u00eaheval\u00ean me y\u00ean \u015feh\u00eed wiha ne;<\/strong><\/p>\n<p><img loading=\"lazy\" decoding=\"async\" class=\"alignnone size-medium wp-image-14134\" src=\"https:\/\/ypjrojava.net\/wp-content\/uploads\/2019\/05\/103338_1554628982-gune_botan.jpg-215x300.jpeg\" alt=\"\" width=\"215\" height=\"300\" srcset=\"https:\/\/ypjrojava.net\/wp-content\/uploads\/2019\/05\/103338_1554628982-gune_botan.jpg-215x300.jpeg 215w, https:\/\/ypjrojava.net\/wp-content\/uploads\/2019\/05\/103338_1554628982-gune_botan.jpg-733x1024.jpeg 733w, https:\/\/ypjrojava.net\/wp-content\/uploads\/2019\/05\/103338_1554628982-gune_botan.jpg.jpeg 751w\" sizes=\"auto, (max-width: 215px) 100vw, 215px\" \/><\/p>\n<p><strong>Nasnav:<\/strong>\u00a0G\u00fbne\u015f Botan<\/p>\n<p><strong>Nav \u00fb Pa\u015fnav:<\/strong> Gurbet Kaplan<\/p>\n<p><strong>Nav\u00ea Dayik\u00ea:<\/strong>\u00a0Kevser<\/p>\n<p><strong>Nav\u00ea Bav:<\/strong>\u00a0Nazm\u00ee<\/p>\n<p><strong>Cih \u00fb D\u00eeroka \u015eehadet\u00ea:<\/strong>\u00a0D\u00earazor \/ Gund\u00ea Baxoz \/ 3\u2019\u00ea N\u00eesan\u00ea 2019<\/p>\n<p>*****<\/p>\n<p><img loading=\"lazy\" decoding=\"async\" class=\"alignnone size-medium wp-image-14133\" src=\"https:\/\/ypjrojava.net\/wp-content\/uploads\/2019\/05\/103338_1554628945-amara_rojhilat.jpg-215x300.jpeg\" alt=\"\" width=\"215\" height=\"300\" srcset=\"https:\/\/ypjrojava.net\/wp-content\/uploads\/2019\/05\/103338_1554628945-amara_rojhilat.jpg-215x300.jpeg 215w, https:\/\/ypjrojava.net\/wp-content\/uploads\/2019\/05\/103338_1554628945-amara_rojhilat.jpg-733x1024.jpeg 733w, https:\/\/ypjrojava.net\/wp-content\/uploads\/2019\/05\/103338_1554628945-amara_rojhilat.jpg.jpeg 751w\" sizes=\"auto, (max-width: 215px) 100vw, 215px\" \/><\/p>\n<p><strong>Nasnav:<\/strong>\u00a0Amara Rojhilat<\/p>\n<p><strong>Nav \u00fb Pa\u015fnav:<\/strong>\u00a0B\u00ear\u00eevan Habe\u015f<\/p>\n<p><strong>Nav\u00ea Dayik\u00ea:<\/strong>\u00a0Naciye<\/p>\n<p><strong>Nav\u00ea Bav:<\/strong>\u00a0Mislim<\/p>\n<p><strong>Cih\u00ea Ji Dayikb\u00fbn\u00ea:<\/strong>\u00a0Efr\u00een<\/p>\n<p><strong>Cih \u00fb D\u00eeroka \u015eehadet\u00ea:<\/strong>\u00a0D\u00earazor \/ Gund\u00ea Baxoz \/ 3\u2019\u00ea N\u00eesan\u00ea 2019<\/p>\n<p><iframe loading=\"lazy\" title=\"YPJ\u2019\u00ea \u015fehadeta 2 \u015fervan\u00ean xwe ragihand\" width=\"696\" height=\"392\" src=\"https:\/\/www.youtube.com\/embed\/Zan6Nvkc9oo?feature=oembed\" frameborder=\"0\" allow=\"accelerometer; autoplay; clipboard-write; encrypted-media; gyroscope; picture-in-picture; web-share\" referrerpolicy=\"strict-origin-when-cross-origin\" allowfullscreen><\/iframe><\/p>\n<p>&nbsp;<\/p>\n<p><strong>Fermandariya Gi\u015ft\u00ee ya Yek\u00eeney\u00ean Parastina Jin YPJ\u2019\u00ea<\/strong><\/p>\n<p>&nbsp;<\/p>\n<p>&nbsp;<\/p>\n<p>&nbsp;<\/p>\n","protected":false},"excerpt":{"rendered":"<p>Em r\u00eaheval\u00ean xwe Amara Efr\u00een \u00fb Gune\u015f Botan ku di encama operesyona paqijkirina gund\u00ea Baxoz de \u015feh\u00eedb\u00fbn, bi r\u00eazdar\u00ee bib\u00eert\u00eenin,\u00a0ji malbat\u00ean wan re sersax\u00ee dixwazin \u00fb soza p\u00eakan\u00eena h\u00eav\u00ee \u00fb armanc\u00ean wan n\u00fb dikin. Pi\u015ft\u00ee ku p\u00eangava t\u00eakbirina terora \u00e7etey\u00ean DAI\u015e\u2019\u00ea, li D\u00earezor\u00ea gund\u00ea Baxoza bi serkeft\u00ee bi encam b\u00fb, h\u00eaz\u00ean me dest bi operasyona [&hellip;]<\/p>\n","protected":false},"author":1,"featured_media":14135,"comment_status":"closed","ping_status":"closed","sticky":false,"template":"","format":"standard","meta":{"footnotes":""},"categories":[39],"tags":[],"class_list":{"0":"post-8624","1":"post","2":"type-post","3":"status-publish","4":"format-standard","5":"has-post-thumbnail","7":"category-daxuyani"},"_links":{"self":[{"href":"https:\/\/ypjrojava.net\/index.php?rest_route=\/wp\/v2\/posts\/8624","targetHints":{"allow":["GET"]}}],"collection":[{"href":"https:\/\/ypjrojava.net\/index.php?rest_route=\/wp\/v2\/posts"}],"about":[{"href":"https:\/\/ypjrojava.net\/index.php?rest_route=\/wp\/v2\/types\/post"}],"author":[{"embeddable":true,"href":"https:\/\/ypjrojava.net\/index.php?rest_route=\/wp\/v2\/users\/1"}],"replies":[{"embeddable":true,"href":"https:\/\/ypjrojava.net\/index.php?rest_route=%2Fwp%2Fv2%2Fcomments&post=8624"}],"version-history":[{"count":4,"href":"https:\/\/ypjrojava.net\/index.php?rest_route=\/wp\/v2\/posts\/8624\/revisions"}],"predecessor-version":[{"id":14136,"href":"https:\/\/ypjrojava.net\/index.php?rest_route=\/wp\/v2\/posts\/8624\/revisions\/14136"}],"wp:featuredmedia":[{"embeddable":true,"href":"https:\/\/ypjrojava.net\/index.php?rest_route=\/wp\/v2\/media\/14135"}],"wp:attachment":[{"href":"https:\/\/ypjrojava.net\/index.php?rest_route=%2Fwp%2Fv2%2Fmedia&parent=8624"}],"wp:term":[{"taxonomy":"category","embeddable":true,"href":"https:\/\/ypjrojava.net\/index.php?rest_route=%2Fwp%2Fv2%2Fcategories&post=8624"},{"taxonomy":"post_tag","embeddable":true,"href":"https:\/\/ypjrojava.net\/index.php?rest_route=%2Fwp%2Fv2%2Ftags&post=8624"}],"curies":[{"name":"wp","href":"https:\/\/api.w.org\/{rel}","templated":true}]}}