{"id":8631,"date":"2019-05-28T14:40:17","date_gmt":"2019-05-28T14:40:17","guid":{"rendered":"https:\/\/ypjrojava.net\/?p=8631"},"modified":"2019-06-16T16:06:19","modified_gmt":"2019-06-16T16:06:19","slug":"em-rehevalen-xwe-berfin-rojda-rojhilat-u-rojbin-bawer-bi-rezdari-bibirtinin","status":"publish","type":"post","link":"https:\/\/ypjrojava.net\/?p=8631","title":{"rendered":"Em r\u00eaheval\u00ean xwe Berf\u00een Rojda Rojhilat \u00fb Rojb\u00een Bawer bi r\u00eazdar\u00ee bib\u00eert\u00eenin"},"content":{"rendered":"<p>&nbsp;<\/p>\n<p>Navenda Ragihandina YPG\u2019\u00ea nasnameya 18 \u015fervan\u00ean YPJ\u2019\u00ea \u2018\u00fb YPG e\u015fkere kir. Gulana 2014\u2019an de di pev\u00e7\u00fbn\u00ean li dij\u00ee DAI\u015e y\u00ean li Ser\u00eakaniy\u00ea \u015feh\u00eed ketin e\u015fkere kir.Di nav 18 r\u00eaheval\u00ean ku hatin e\u015fkerkirin de 2 r\u00eaheval\u00ean me y\u00ean\u00a0<a href=\"https:\/\/www.facebook.com\/hashtag\/ypj?epa=HASHTAG\" data-ft=\"{&quot;type&quot;:104,&quot;tn&quot;:&quot;*N&quot;}\">YPJ<\/a> bi qehreman\u00ee \u00fb sekna berxwed\u00ear li ber xwe dan j\u00ee heb\u00fbn.<\/p>\n<p><strong>Nasnamey\u00ean heval\u00ean me y\u00ean \u015feh\u00eed wiha ne:<\/strong><\/p>\n<p><img loading=\"lazy\" decoding=\"async\" class=\"alignnone size-medium wp-image-8632\" style=\"text-transform: initial;\" src=\"http:\/\/ypjrojava.net\/wp-content\/uploads\/2019\/05\/1559042933-BERFN_ROJDA_ROJHILAT_-_BEYAZ_HASUYAN_1128-225x300.jpg\" alt=\"\" width=\"225\" height=\"300\" srcset=\"https:\/\/ypjrojava.net\/wp-content\/uploads\/2019\/05\/1559042933-BERFN_ROJDA_ROJHILAT_-_BEYAZ_HASUYAN_1128-225x300.jpg 225w, https:\/\/ypjrojava.net\/wp-content\/uploads\/2019\/05\/1559042933-BERFN_ROJDA_ROJHILAT_-_BEYAZ_HASUYAN_1128.jpg 768w\" sizes=\"auto, (max-width: 225px) 100vw, 225px\" \/><\/p>\n<p><strong>Nasnav:\u00a0<\/strong>Berf\u00een Rojda Rojhilat<\/p>\n<p><span style=\"font-style: inherit; font-weight: inherit;\"><strong style=\"font-style: inherit;\">Nav \u00fb Pa\u015fnav:\u00a0<\/strong>Beyaz Hasuyan<\/span><\/p>\n<p><span style=\"font-style: inherit; font-weight: inherit;\"><strong style=\"font-style: inherit;\">Nav\u00ea Dayik\u00ea:\u00a0<\/strong>Nazdar<\/span><\/p>\n<p><span style=\"font-style: inherit; font-weight: inherit;\"><strong style=\"font-style: inherit;\">Nav\u00ea Bav:\u00a0<\/strong>Xor\u015f\u00eed<\/span><\/p>\n<p><span style=\"font-style: inherit; font-weight: inherit;\"><strong style=\"font-style: inherit;\">Cih\u00ea Ji Dayikb\u00fbn\u00ea:\u00a0<\/strong>Selmas<\/span><\/p>\n<p><span style=\"font-style: inherit; font-weight: inherit;\"><strong style=\"font-style: inherit;\">Cih \u00fb D\u00eeroka \u015eehadet\u00ea:\u00a0<\/strong>Ser\u00eakan\u00ee Gund\u00ea Rawya \/ 28 Gulan 2014<\/span><\/p>\n<p>*****<\/p>\n<p><img loading=\"lazy\" decoding=\"async\" class=\"alignnone size-medium wp-image-8633\" src=\"http:\/\/ypjrojava.net\/wp-content\/uploads\/2019\/05\/1559043078-ROJBN_BAWER_-_LEYLA_AHN_1131-225x300.jpg\" alt=\"\" width=\"225\" height=\"300\" srcset=\"https:\/\/ypjrojava.net\/wp-content\/uploads\/2019\/05\/1559043078-ROJBN_BAWER_-_LEYLA_AHN_1131-225x300.jpg 225w, https:\/\/ypjrojava.net\/wp-content\/uploads\/2019\/05\/1559043078-ROJBN_BAWER_-_LEYLA_AHN_1131.jpg 768w\" sizes=\"auto, (max-width: 225px) 100vw, 225px\" \/><\/p>\n<p><strong>Nasnav:\u00a0<\/strong>Rojb\u00een Bawer<\/p>\n<p><strong>Nav \u00fb Pa\u015fnav:\u00a0<\/strong>Leyla \u015eah\u00een<\/p>\n<p><span style=\"font-style: inherit; font-weight: inherit;\"><strong style=\"font-style: inherit;\">Nav\u00ea Dayik\u00ea:\u00a0<\/strong>Ad\u00eele<\/span><\/p>\n<p><span style=\"font-style: inherit; font-weight: inherit;\"><strong style=\"font-style: inherit;\">Nav\u00ea Bav:\u00a0<\/strong>Bozkurt<\/span><\/p>\n<p><span style=\"font-style: inherit; font-weight: inherit;\"><strong style=\"font-style: inherit;\">Cih \u00fb D\u00eeroka \u015eehadet\u00ea:\u00a0<\/strong>Ser\u00eakan\u00ee Gund\u00ea Rawya \/ 28 Gulan 2014<\/span><\/p>\n<p>Navenda Ragihandina YPJ<\/p>\n<p>&nbsp;<\/p>\n<p>&nbsp;<\/p>\n","protected":false},"excerpt":{"rendered":"<p>&nbsp; Navenda Ragihandina YPG\u2019\u00ea nasnameya 18 \u015fervan\u00ean YPJ\u2019\u00ea \u2018\u00fb YPG e\u015fkere kir. Gulana 2014\u2019an de di pev\u00e7\u00fbn\u00ean li dij\u00ee DAI\u015e y\u00ean li Ser\u00eakaniy\u00ea \u015feh\u00eed ketin e\u015fkere kir.Di nav 18 r\u00eaheval\u00ean ku hatin e\u015fkerkirin de 2 r\u00eaheval\u00ean me y\u00ean\u00a0YPJ bi qehreman\u00ee \u00fb sekna berxwed\u00ear li ber xwe dan j\u00ee heb\u00fbn. Nasnamey\u00ean heval\u00ean me y\u00ean \u015feh\u00eed wiha [&hellip;]<\/p>\n","protected":false},"author":1,"featured_media":8634,"comment_status":"closed","ping_status":"closed","sticky":false,"template":"","format":"standard","meta":{"footnotes":""},"categories":[38],"tags":[],"class_list":{"0":"post-8631","1":"post","2":"type-post","3":"status-publish","4":"format-standard","5":"has-post-thumbnail","7":"category-nuce"},"_links":{"self":[{"href":"https:\/\/ypjrojava.net\/index.php?rest_route=\/wp\/v2\/posts\/8631","targetHints":{"allow":["GET"]}}],"collection":[{"href":"https:\/\/ypjrojava.net\/index.php?rest_route=\/wp\/v2\/posts"}],"about":[{"href":"https:\/\/ypjrojava.net\/index.php?rest_route=\/wp\/v2\/types\/post"}],"author":[{"embeddable":true,"href":"https:\/\/ypjrojava.net\/index.php?rest_route=\/wp\/v2\/users\/1"}],"replies":[{"embeddable":true,"href":"https:\/\/ypjrojava.net\/index.php?rest_route=%2Fwp%2Fv2%2Fcomments&post=8631"}],"version-history":[{"count":2,"href":"https:\/\/ypjrojava.net\/index.php?rest_route=\/wp\/v2\/posts\/8631\/revisions"}],"predecessor-version":[{"id":8756,"href":"https:\/\/ypjrojava.net\/index.php?rest_route=\/wp\/v2\/posts\/8631\/revisions\/8756"}],"wp:featuredmedia":[{"embeddable":true,"href":"https:\/\/ypjrojava.net\/index.php?rest_route=\/wp\/v2\/media\/8634"}],"wp:attachment":[{"href":"https:\/\/ypjrojava.net\/index.php?rest_route=%2Fwp%2Fv2%2Fmedia&parent=8631"}],"wp:term":[{"taxonomy":"category","embeddable":true,"href":"https:\/\/ypjrojava.net\/index.php?rest_route=%2Fwp%2Fv2%2Fcategories&post=8631"},{"taxonomy":"post_tag","embeddable":true,"href":"https:\/\/ypjrojava.net\/index.php?rest_route=%2Fwp%2Fv2%2Ftags&post=8631"}],"curies":[{"name":"wp","href":"https:\/\/api.w.org\/{rel}","templated":true}]}}