{"id":8655,"date":"2019-06-08T07:31:41","date_gmt":"2019-06-08T07:31:41","guid":{"rendered":"https:\/\/ypjrojava.net\/?p=8655"},"modified":"2022-06-21T15:42:36","modified_gmt":"2022-06-21T15:42:36","slug":"ji-gele-me-u-raya-gisti-re-2","status":"publish","type":"post","link":"https:\/\/ypjrojava.net\/?p=8655","title":{"rendered":"Ji Gel\u00ea Me \u00fb Raya Gi\u015ft\u00ee Re"},"content":{"rendered":"<p>Em konferansa duyem\u00een ya ku me di d\u00eeroka 1-2 Hez\u00eeran\u00ea de bi diru\u015fmeya <strong>\u201cEm bi rih\u00ea Leyla \u00fb bi h\u00earsa Avesta\u2019yan, xwe ji n\u00fbve ava bikin dagirkeriy\u00ea t\u00eak bibin\u201d<\/strong> lidarxist, di ser\u00ee de li \u015feh\u00eed, B\u00ear\u00eevan, J\u00eenda, Heb\u00fbn Enteriy\u00ea, Destan, \u015feh\u00eed\u00ean Qere\u00e7ox\u00ea \u00fb bi sedan hevr\u00eay\u00ean me ku ji \u00e7ar per\u00e7\u00ea Kurdistan\u00ea, Rojhilata nav\u00een \u00fb C\u00eehan\u00ea, be\u015fdar b\u00fbn \u00fb gih\u00ee\u015ftin \u015fehadet\u00ea, li gel\u00ean Bak\u00fbr-Rojhilat\u00ee S\u00fbriy\u00ea \u00fb tevah\u00ee jinan p\u00eeroz dikin. Em ji bo biryardar\u00ee, soz \u00fb h\u00eaza me ji v\u00ea konferans\u00ea girtiye jiyan\u00ee bikin em \u00ea, ji niha \u00fb p\u00eave teko\u015f\u00eena xwe dijwar \u00fb bilindtir bikin.<\/p>\n<p>Pi\u015ft\u00ee 7 sal\u00ean tije \u015fer, berxwedan\u00ee, teko\u015f\u00een ku me weke yek\u00eeney\u00ean parastina jin YPJ\u2019\u00ea bi gel\u00ea xwe re jiyan kir, em \u00eero gih\u00ee\u015ftin merheleyeke n\u00fb ya teko\u015f\u00een, erk \u00fb berpirsyariyan. Me bi zaneb\u00fbna erk\u00ean xwey\u00ee dema n\u00fb di d\u00eeroka 1-2 Hez\u00eeran\u00ea de bi be\u015fdariya 200 delegeyan konferansa xwe ya duyem\u00een lidarxist. Di v\u00ea meh\u00ea de lidarxistina konferans\u00ea, b\u00eaguman ji bo jin\u00ean Rojhilata Nav\u00een \u00fb jin\u00ean Kurd xwed\u00ee wateyeke d\u00eerok\u00ee ye \u00fb p\u00ea\u015fxistina teko\u015f\u00eena hevbe\u015f \u00eefade dike.<\/p>\n<p><img loading=\"lazy\" decoding=\"async\" class=\"alignnone  wp-image-14129\" src=\"https:\/\/ypjrojava.net\/wp-content\/uploads\/2019\/06\/weneyen_konferansa_ye_daxuyani-2-300x172.jpg\" alt=\"\" width=\"331\" height=\"190\" srcset=\"https:\/\/ypjrojava.net\/wp-content\/uploads\/2019\/06\/weneyen_konferansa_ye_daxuyani-2-300x172.jpg 300w, https:\/\/ypjrojava.net\/wp-content\/uploads\/2019\/06\/weneyen_konferansa_ye_daxuyani-2.jpg 750w\" sizes=\"auto, (max-width: 331px) 100vw, 331px\" \/><\/p>\n<p>Xal\u00ean her\u00ee serek\u00ea y\u00ean di konferansa me de hatin ziman \u00fb li ser hatin sekinandin, rew\u015fa siyas\u00ee-le\u015fker\u00ee, pratika \u015fer\u00ea 7 salan, xwe ji n\u00fbve avakirin, avakirina r\u00eaziknameya YPJ\u2019\u00ea. Her wiha biryar\u00ean di derbar\u00ea \u015feh\u00eedan, perwerde \u00fb p\u00eelansaziya 2 salan de hatin girtin.<\/p>\n<p>Li hember\u00ee \u00e7etey\u00ean DAI\u015e\u2019\u00ea y\u00ean ku ji bo hem\u00fb mirovah\u00ee \u00fb jinan b\u00fbb\u00fbn bahoza tirs\u00ea, zilm\u00ea \u00fb ku\u015ftin\u00ea, YPJ\u2019\u00ea bi rih\u00ea welatpar\u00eaz\u00ee, bi sekna ferdekar \u00fb w\u00earekt\u00ee li hember\u00ee v\u00ea hov\u00eetiya mezin sekin\u00ee, \u015fer kir. \u00a0Teko\u015f\u00een me\u015fand \u00fb berd\u00eal\u00ean giranbiha di oxira parastina gelan, welat \u00fb jinan de da. Li hember\u00ee hem\u00fb \u015fert\u00ean zor \u00fb zehmet y\u00ean v\u00ea \u015fer\u00ee YPJ\u2019\u00ea, li k\u00ealeka yek\u00eeney\u00ean parastina gel YPG-QSD\u2019\u00ea gavek bi pa\u015fde neav\u00eat. Berovaj\u00ee b\u00fb h\u00eaza p\u00ea\u015fneg, moral \u00fb destxistina destkeftiy\u00ean mezin. Me weke YPJ\u2019\u00ea, \u00e7awa di rizgarkirin \u00fb tinekirina DAI\u015e\u2019\u00ea de, rista p\u00ea\u015fengtiy\u00ea ley\u00eest, di konferas\u00ea de biryarb\u00fbn derket ku w\u00ea YPJ\u2019\u00ea, rista p\u00ea\u015fengtiya avakirina civaka azad, demokrat\u00eek \u00fb wekhev bigre ser mil\u00ea xwe.<\/p>\n<p>Di konferansa me de nirxandin\u00ean gir\u00eeng li ser pratika \u015fer\u00ea 7 salan y\u00ea ku YPJ\u2019\u00ea bi awayeke akt\u00eev cih\u00ea xwe t\u00eade girt\u00ee hatin kirin. Her wiha avakar\u00ean van nirx\u00ean mezin \u015feh\u00eed\u00ean \u015fore\u015f\u00ea y\u00ean bi kedeke b\u00eahempa bihust bi bihust di senger\u00ean \u015fer y\u00ea her\u00ee p\u00ea\u015f de cih girtin \u00fb gih\u00ee\u015ftin \u015fehadet\u00ea, hatin b\u00eeran\u00een. Soza domandina teko\u015f\u00eena di r\u00eaya wan de careke din hate dubarekirin. Di konferans\u00ea de gelek nirxandin \u00fb biryar\u00ean gir\u00eeng di derbar\u00ea \u015feh\u00eedan de hatin girtin. \u00db hate ziman parastin \u00fb jiyan\u00ee kirina xeta \u015feh\u00eedan w\u00ea me bibe serkeftineke may\u00eende.<\/p>\n<p>Tevah\u00ee dinyay\u00ea \u015fahid\u00ee ji teko\u015f\u00een \u00fb \u015fer\u00ea YPJ\u2019\u00ea, li hember\u00ee \u00e7etey\u00ean DAI\u015e\u2019\u00ea me\u015fand re kir. Ev teko\u015f\u00eena mezin bi dem\u00ea re ji tevah\u00ee jinan re, b\u00fb \u00e7avkaniya \u00eelham\u00ea. Ji roja dest p\u00ea k\u00ea heta roja me ya \u00eero, li her \u00e7ar aliy\u00ea c\u00eehan\u00ea ji \u00cevana heya H\u00eal\u00eenan jin be\u015fdar\u00ee nav ref\u00ean YPJ\u2019\u00ea b\u00fbn. Ev teko\u015f\u00een yek\u00eetiya ruh\u00ee ya jinan da avakirin \u00fb b\u00fb doza hevbe\u015f ya hem\u00fb jinan. Avakirina YPJ\u2019\u00ea, b\u00fb \u00e7avkaniya bawer\u00ee \u00fb h\u00eaz\u00ea ku jin karibe xwe bipar\u00eaze \u00fb tola hem\u00fb jin\u00ean bi dest\u00ea DAI\u015e\u2019\u00ea hatin qetilkirin, revandin \u00fb d\u00eelgirtin rake.<\/p>\n<p>Heb\u00fbna jin\u00ea di v\u00ea \u015fer\u00ee de, di dunyay\u00ea de b\u00fb m\u00eenak \u00fb bi xwe re pir qalib\u00ean hi\u015fmendiya kevnar, pa\u015fver\u00fb y\u00ean di derbar\u00ea jin\u00ea de \u015fikandin. R\u00ea li ber n\u00eeqa\u015f\u00ean n\u00fb y\u00ean di derbar\u00ea teko\u015f\u00eena jinan de vekir. \u00a0Ev yek b\u00fb n\u00ee\u015faneya ku YPJ\u2019\u00ea, ne ten\u00ea \u015fer\u00ea DAI\u015e\u2019\u00ea dikir, di heman dem\u00ea de \u015fer\u00ea hi\u015fmendiya 5 hezar sal dikir. \u00a0V\u00ea \u015fer\u00ea r\u00fbmet\u00ea ji jinan re r\u00eayeke n\u00fb vekir \u00fb nirx\u00ean mezin ava kir.<\/p>\n<p><img loading=\"lazy\" decoding=\"async\" class=\"alignnone size-medium wp-image-14130\" src=\"https:\/\/ypjrojava.net\/wp-content\/uploads\/2019\/06\/weneyen_konferansa_ye_daxuyani-3-300x166.jpg\" alt=\"\" width=\"300\" height=\"166\" srcset=\"https:\/\/ypjrojava.net\/wp-content\/uploads\/2019\/06\/weneyen_konferansa_ye_daxuyani-3-300x166.jpg 300w, https:\/\/ypjrojava.net\/wp-content\/uploads\/2019\/06\/weneyen_konferansa_ye_daxuyani-3.jpg 768w\" sizes=\"auto, (max-width: 300px) 100vw, 300px\" \/><\/p>\n<p>Ji bo parastina van nirxan, me di konferansa xwe de careke din \u00ee\u015faret bi rista parastina cewher\u00ee kir \u00fb biryardariya xwe ya di v\u00ea derbar\u00ea de bi b\u00eerxist \u00fb nirxand. Ji bo me tevah\u00ee jinan parastin ji av \u00fb xwarin\u00ea gir\u00eengtire hate bi l\u00eavkirin. Em weke YPJ\u2019\u00ea xwe di ber parastina hem\u00fb jin, gelan \u00fb zarokan de berpirsyar dib\u00eenin. Ji ber h\u00eena di S\u00fbriy\u00ea, rojhilata nav\u00een \u00fb c\u00eehan\u00ea de li ser jin, zarok \u00fb netewan xeteriy\u00ean mezin berdewam dikin.<\/p>\n<p>Em weke YPJ\u2019\u00ea, ji bo xwe di war\u00ea pisportiya le\u015fker\u00ee de bi h\u00eaz bikin, xwe bigh\u00eenin \u015fervaneke rast jiyan dike, rast \u015fer dike \u00fb xwe dipar\u00eaze kesayetiyek xwe di war\u00ea le\u015fker\u00ee \u00fb fikr\u00ee de avakir\u00ee p\u00eaw\u00eeste. Li ser v\u00ea hi\u015fmendiy\u00ea me p\u00eaw\u00eest\u00ee bi xwe ji n\u00fbve avakirin \u00fb gih\u00ee\u015ftina kesayetiyek profesyonal ya li gor \u015fer\u00ea v\u00ea serdem\u00ea ava bike d\u00eet. Li ser w\u00ea bingeh\u00ea weke YPJ\u2019\u00ea xwe ji n\u00fb ve avakirin, weke erka me ya yekem\u00een hate d\u00eetin \u00fb li gora w\u00ea biryar\u00ean gir\u00eeng di v\u00ea derheq\u00ea de hatin girtin.<\/p>\n<p>Me di konferansa xwe de careke din d\u00eet ku h\u00eena gelek erk \u00fb berpirsyariy\u00ean d\u00eerok\u00ee \u00fb bi taybet parastina nirx\u00ean civak\u00ea li p\u00ea\u015fiya me ne. Ji bo em van nirxan bipar\u00eazin, civaka netewa demokrat\u00eek saz bikin \u00fb bibin h\u00eaza parastina w\u00ea me soz \u00fb biryardariya xwe n\u00fb kir.<\/p>\n<p>Di daw\u00ee de em bi wes\u00eeleya hatina cejna remezan\u00ea, cejna remezan\u00ea li tevah\u00ee civaka \u00eeslama demokrat\u00eek \u00fb jinan p\u00eeroz dikin \u00fb em bi h\u00eav\u00ee ne ev cejin bibe wes\u00eeleya jiyanek aram, a\u015fit\u00ee yane \u00fb hevbe\u015f ya gelan.<\/p>\n<p><strong>Fermandariya Gi\u015ft\u00ee\u00a0 YPJ\u2019\u00ea <\/strong><\/p>\n","protected":false},"excerpt":{"rendered":"<p>Em konferansa duyem\u00een ya ku me di d\u00eeroka 1-2 Hez\u00eeran\u00ea de bi diru\u015fmeya \u201cEm bi rih\u00ea Leyla \u00fb bi h\u00earsa Avesta\u2019yan, xwe ji n\u00fbve ava bikin dagirkeriy\u00ea t\u00eak bibin\u201d lidarxist, di ser\u00ee de li \u015feh\u00eed, B\u00ear\u00eevan, J\u00eenda, Heb\u00fbn Enteriy\u00ea, Destan, \u015feh\u00eed\u00ean Qere\u00e7ox\u00ea \u00fb bi sedan hevr\u00eay\u00ean me ku ji \u00e7ar per\u00e7\u00ea Kurdistan\u00ea, Rojhilata nav\u00een \u00fb [&hellip;]<\/p>\n","protected":false},"author":1,"featured_media":14131,"comment_status":"closed","ping_status":"closed","sticky":true,"template":"","format":"standard","meta":{"footnotes":""},"categories":[39],"tags":[],"class_list":{"0":"post-8655","1":"post","2":"type-post","3":"status-publish","4":"format-standard","5":"has-post-thumbnail","7":"category-daxuyani"},"_links":{"self":[{"href":"https:\/\/ypjrojava.net\/index.php?rest_route=\/wp\/v2\/posts\/8655","targetHints":{"allow":["GET"]}}],"collection":[{"href":"https:\/\/ypjrojava.net\/index.php?rest_route=\/wp\/v2\/posts"}],"about":[{"href":"https:\/\/ypjrojava.net\/index.php?rest_route=\/wp\/v2\/types\/post"}],"author":[{"embeddable":true,"href":"https:\/\/ypjrojava.net\/index.php?rest_route=\/wp\/v2\/users\/1"}],"replies":[{"embeddable":true,"href":"https:\/\/ypjrojava.net\/index.php?rest_route=%2Fwp%2Fv2%2Fcomments&post=8655"}],"version-history":[{"count":3,"href":"https:\/\/ypjrojava.net\/index.php?rest_route=\/wp\/v2\/posts\/8655\/revisions"}],"predecessor-version":[{"id":14132,"href":"https:\/\/ypjrojava.net\/index.php?rest_route=\/wp\/v2\/posts\/8655\/revisions\/14132"}],"wp:featuredmedia":[{"embeddable":true,"href":"https:\/\/ypjrojava.net\/index.php?rest_route=\/wp\/v2\/media\/14131"}],"wp:attachment":[{"href":"https:\/\/ypjrojava.net\/index.php?rest_route=%2Fwp%2Fv2%2Fmedia&parent=8655"}],"wp:term":[{"taxonomy":"category","embeddable":true,"href":"https:\/\/ypjrojava.net\/index.php?rest_route=%2Fwp%2Fv2%2Fcategories&post=8655"},{"taxonomy":"post_tag","embeddable":true,"href":"https:\/\/ypjrojava.net\/index.php?rest_route=%2Fwp%2Fv2%2Ftags&post=8655"}],"curies":[{"name":"wp","href":"https:\/\/api.w.org\/{rel}","templated":true}]}}