{"id":8729,"date":"2019-06-15T06:38:20","date_gmt":"2019-06-15T06:38:20","guid":{"rendered":"https:\/\/ypjrojava.net\/?p=8729"},"modified":"2022-06-11T11:22:31","modified_gmt":"2022-06-11T11:22:31","slug":"dilan-cudi-sulav-seid","status":"publish","type":"post","link":"https:\/\/ypjrojava.net\/?p=8729","title":{"rendered":"D\u00ceLAN C\u00dbD\u00ce &#8211; SULAV SE\u00ceD"},"content":{"rendered":"<p style=\"text-align: left;\">\n<p style=\"text-align: left;\"><img loading=\"lazy\" decoding=\"async\" class=\"size-medium wp-image-11673 alignleft\" src=\"https:\/\/ypjrojava.net\/wp-content\/uploads\/2019\/06\/DILAN-CUDI-SULAV-SEID-7389-215x300.jpg\" alt=\"\" width=\"215\" height=\"300\" srcset=\"https:\/\/ypjrojava.net\/wp-content\/uploads\/2019\/06\/DILAN-CUDI-SULAV-SEID-7389-215x300.jpg 215w, https:\/\/ypjrojava.net\/wp-content\/uploads\/2019\/06\/DILAN-CUDI-SULAV-SEID-7389.jpg 300w\" sizes=\"auto, (max-width: 215px) 100vw, 215px\" \/>Nasnav: D\u00ceLAN C\u00dbD\u00ce<br \/>\nNav\u00ea Rast \u00fb Pa\u015fnav: SULAV SE\u00ceD<br \/>\nNav\u00ea Dayik\u00ea: REH\u00ceME<br \/>\nNav\u00ea Bav:\u00a0MURAD<br \/>\nCih \u00fb D\u00eeroka \u015eehadet\u00ea: 12.03. 2018 \/ EFR\u00ceN- C\u0130ND\u0130R\u00caS\u00ca<\/p>\n<p>&nbsp;<\/p>\n<p>&nbsp;<\/p>\n<p>&nbsp;<\/p>\n<p>&nbsp;<\/p>\n<p>&nbsp;<\/p>\n<p>&nbsp;<\/p>\n<p><img loading=\"lazy\" decoding=\"async\" class=\"alignnone size-medium wp-image-11674\" src=\"https:\/\/ypjrojava.net\/wp-content\/uploads\/2019\/06\/DILAN-CUDI-SULAF-MURAD-11-199x300.jpg\" alt=\"\" width=\"199\" height=\"300\" srcset=\"https:\/\/ypjrojava.net\/wp-content\/uploads\/2019\/06\/DILAN-CUDI-SULAF-MURAD-11-199x300.jpg 199w, https:\/\/ypjrojava.net\/wp-content\/uploads\/2019\/06\/DILAN-CUDI-SULAF-MURAD-11-681x1024.jpg 681w, https:\/\/ypjrojava.net\/wp-content\/uploads\/2019\/06\/DILAN-CUDI-SULAF-MURAD-11-768x1155.jpg 768w, https:\/\/ypjrojava.net\/wp-content\/uploads\/2019\/06\/DILAN-CUDI-SULAF-MURAD-11-1021x1536.jpg 1021w, https:\/\/ypjrojava.net\/wp-content\/uploads\/2019\/06\/DILAN-CUDI-SULAF-MURAD-11-1362x2048.jpg 1362w, https:\/\/ypjrojava.net\/wp-content\/uploads\/2019\/06\/DILAN-CUDI-SULAF-MURAD-11-scaled.jpg 1702w\" sizes=\"auto, (max-width: 199px) 100vw, 199px\" \/>\u00a0 \u00a0 \u00a0\u00a0 <img loading=\"lazy\" decoding=\"async\" class=\"alignnone size-medium wp-image-11675\" src=\"https:\/\/ypjrojava.net\/wp-content\/uploads\/2019\/06\/DILAN-CUDI-SULAF-MURAD-12-199x300.jpg\" alt=\"\" width=\"199\" height=\"300\" srcset=\"https:\/\/ypjrojava.net\/wp-content\/uploads\/2019\/06\/DILAN-CUDI-SULAF-MURAD-12-199x300.jpg 199w, https:\/\/ypjrojava.net\/wp-content\/uploads\/2019\/06\/DILAN-CUDI-SULAF-MURAD-12-681x1024.jpg 681w, https:\/\/ypjrojava.net\/wp-content\/uploads\/2019\/06\/DILAN-CUDI-SULAF-MURAD-12-768x1155.jpg 768w, https:\/\/ypjrojava.net\/wp-content\/uploads\/2019\/06\/DILAN-CUDI-SULAF-MURAD-12-1021x1536.jpg 1021w, https:\/\/ypjrojava.net\/wp-content\/uploads\/2019\/06\/DILAN-CUDI-SULAF-MURAD-12-1362x2048.jpg 1362w, https:\/\/ypjrojava.net\/wp-content\/uploads\/2019\/06\/DILAN-CUDI-SULAF-MURAD-12-scaled.jpg 1702w\" sizes=\"auto, (max-width: 199px) 100vw, 199px\" \/><\/p>\n<p>&nbsp;<\/p>\n","protected":false},"excerpt":{"rendered":"<p>Nasnav: D\u00ceLAN C\u00dbD\u00ce Nav\u00ea Rast \u00fb Pa\u015fnav: SULAV SE\u00ceD Nav\u00ea Dayik\u00ea: REH\u00ceME Nav\u00ea Bav:\u00a0MURAD Cih \u00fb D\u00eeroka \u015eehadet\u00ea: 12.03. 2018 \/ EFR\u00ceN- C\u0130ND\u0130R\u00caS\u00ca &nbsp; &nbsp; &nbsp; &nbsp; &nbsp; &nbsp; \u00a0 \u00a0 \u00a0\u00a0 &nbsp;<\/p>\n","protected":false},"author":1,"featured_media":11673,"comment_status":"closed","ping_status":"closed","sticky":false,"template":"","format":"standard","meta":{"footnotes":""},"categories":[56,50],"tags":[],"class_list":{"0":"post-8729","1":"post","2":"type-post","3":"status-publish","4":"format-standard","5":"has-post-thumbnail","7":"category-56","8":"category-sahid"},"_links":{"self":[{"href":"https:\/\/ypjrojava.net\/index.php?rest_route=\/wp\/v2\/posts\/8729","targetHints":{"allow":["GET"]}}],"collection":[{"href":"https:\/\/ypjrojava.net\/index.php?rest_route=\/wp\/v2\/posts"}],"about":[{"href":"https:\/\/ypjrojava.net\/index.php?rest_route=\/wp\/v2\/types\/post"}],"author":[{"embeddable":true,"href":"https:\/\/ypjrojava.net\/index.php?rest_route=\/wp\/v2\/users\/1"}],"replies":[{"embeddable":true,"href":"https:\/\/ypjrojava.net\/index.php?rest_route=%2Fwp%2Fv2%2Fcomments&post=8729"}],"version-history":[{"count":2,"href":"https:\/\/ypjrojava.net\/index.php?rest_route=\/wp\/v2\/posts\/8729\/revisions"}],"predecessor-version":[{"id":11676,"href":"https:\/\/ypjrojava.net\/index.php?rest_route=\/wp\/v2\/posts\/8729\/revisions\/11676"}],"wp:featuredmedia":[{"embeddable":true,"href":"https:\/\/ypjrojava.net\/index.php?rest_route=\/wp\/v2\/media\/11673"}],"wp:attachment":[{"href":"https:\/\/ypjrojava.net\/index.php?rest_route=%2Fwp%2Fv2%2Fmedia&parent=8729"}],"wp:term":[{"taxonomy":"category","embeddable":true,"href":"https:\/\/ypjrojava.net\/index.php?rest_route=%2Fwp%2Fv2%2Fcategories&post=8729"},{"taxonomy":"post_tag","embeddable":true,"href":"https:\/\/ypjrojava.net\/index.php?rest_route=%2Fwp%2Fv2%2Ftags&post=8729"}],"curies":[{"name":"wp","href":"https:\/\/api.w.org\/{rel}","templated":true}]}}