{"id":8753,"date":"2019-06-16T16:04:53","date_gmt":"2019-06-16T16:04:53","guid":{"rendered":"https:\/\/ypjrojava.net\/?p=8753"},"modified":"2019-06-16T19:14:52","modified_gmt":"2019-06-16T19:14:52","slug":"em-rehevala-xwe-agiri-qamislo-bi-rezdari-bibirtinin","status":"publish","type":"post","link":"https:\/\/ypjrojava.net\/?p=8753","title":{"rendered":"Em r\u00eahevala xwe Agir\u00ee Qami\u015flo bi r\u00eazdar\u00ee bib\u00eert\u00eenin"},"content":{"rendered":"<p>Navenda Ragihandina YPG\u2019\u00ea nasnameya 4 \u015fervan\u00ean YPJ\u2019\u00ea \u2018\u00fb YPG \u00ean ku di sala 2014-2018&#8217;an de li Ser\u00eakaniy\u00ea di pev\u00e7\u00fbn\u00ean li dij\u00ee \u00e7etey\u00ean DA\u0130\u015e&#8217;\u00ea de \u00fb di Berxwedana Serdem\u00ea de \u015feh\u00eed b\u00fbb\u00fbn, e\u015fkere kir. Di nava 4 r\u00eaheval\u00ean ku nasnameya wan hate e\u015fkere kirin, r\u00eahevala\u00a0 me ya <a href=\"https:\/\/www.facebook.com\/hashtag\/ypj?epa=HASHTAG\" data-ft=\"{&quot;type&quot;:104,&quot;tn&quot;:&quot;*N&quot;}\">YPJ<\/a> Agir\u00ee Qami\u015flo j\u00ee heb\u00fb. R\u00eaheval Agir\u00ee pi\u015ft\u00ee leheng\u00ee \u00fb berxwedaniyeke mezin di berxwedana serdem\u00ea de tevl\u00ee nava karwan\u00ean \u015feh\u00eedan b\u00fb.<\/p>\n<p>Nasnameya r\u00eahevala me wiha ye:<\/p>\n<p><img loading=\"lazy\" decoding=\"async\" class=\"attachment-266x266 size-266x266\" src=\"http:\/\/ypjrojava.net\/wp-content\/uploads\/2019\/06\/1560684291-AGIR_QAMILO_-_NOFA_HESEN_7364.jpg\" sizes=\"auto, (max-width: 192px) 100vw, 192px\" srcset=\"https:\/\/ypjrojava.net\/wp-content\/uploads\/2019\/06\/1560684291-AGIR_QAMILO_-_NOFA_HESEN_7364.jpg 478w, https:\/\/ypjrojava.net\/wp-content\/uploads\/2019\/06\/1560684291-AGIR_QAMILO_-_NOFA_HESEN_7364-217x300.jpg 217w\" alt=\"\" width=\"192\" height=\"266\" \/><\/p>\n<p>Nasnav:\u00a0AG\u0130R\u00ce QAM\u0130\u015eLO<\/p>\n<p><span style=\"font-style: inherit; font-weight: inherit;\">Nav\u00ea Rast \u00fb Pa\u015fnav:\u00a0NOFA HESEN<\/span><\/p>\n<p><span style=\"font-style: inherit; font-weight: inherit;\">Cih\u00ea Ji Day\u00eekb\u00fbn\u00ea: QAM\u0130\u015eLO<\/span><\/p>\n<p><span style=\"font-style: inherit; font-weight: inherit;\">Nav\u00ea Day\u00eek: W\u0130SAM<\/span><\/p>\n<p><span style=\"font-style: inherit; font-weight: inherit;\">Nav\u00ea Bav:\u00a0QEHREMAN<\/span><\/p>\n<p><span style=\"font-style: inherit; font-weight: inherit;\">Cih \u00fb D\u00eeroka \u015eehadet\u00ea: 3 ADAR 2018 \/ EFR\u00ceN &#8211; RACO\u00a0<\/span><\/p>\n<p>Navenda Ragihandina YPJ<\/p>\n<p>&nbsp;<\/p>\n<p>&nbsp;<\/p>\n","protected":false},"excerpt":{"rendered":"<p>Navenda Ragihandina YPG\u2019\u00ea nasnameya 4 \u015fervan\u00ean YPJ\u2019\u00ea \u2018\u00fb YPG \u00ean ku di sala 2014-2018&#8217;an de li Ser\u00eakaniy\u00ea di pev\u00e7\u00fbn\u00ean li dij\u00ee \u00e7etey\u00ean DA\u0130\u015e&#8217;\u00ea de \u00fb di Berxwedana Serdem\u00ea de \u015feh\u00eed b\u00fbb\u00fbn, e\u015fkere kir. Di nava 4 r\u00eaheval\u00ean ku nasnameya wan hate e\u015fkere kirin, r\u00eahevala\u00a0 me ya YPJ Agir\u00ee Qami\u015flo j\u00ee heb\u00fb. R\u00eaheval Agir\u00ee pi\u015ft\u00ee leheng\u00ee [&hellip;]<\/p>\n","protected":false},"author":1,"featured_media":8749,"comment_status":"closed","ping_status":"closed","sticky":false,"template":"","format":"standard","meta":{"footnotes":""},"categories":[38],"tags":[],"class_list":{"0":"post-8753","1":"post","2":"type-post","3":"status-publish","4":"format-standard","5":"has-post-thumbnail","7":"category-nuce"},"_links":{"self":[{"href":"https:\/\/ypjrojava.net\/index.php?rest_route=\/wp\/v2\/posts\/8753","targetHints":{"allow":["GET"]}}],"collection":[{"href":"https:\/\/ypjrojava.net\/index.php?rest_route=\/wp\/v2\/posts"}],"about":[{"href":"https:\/\/ypjrojava.net\/index.php?rest_route=\/wp\/v2\/types\/post"}],"author":[{"embeddable":true,"href":"https:\/\/ypjrojava.net\/index.php?rest_route=\/wp\/v2\/users\/1"}],"replies":[{"embeddable":true,"href":"https:\/\/ypjrojava.net\/index.php?rest_route=%2Fwp%2Fv2%2Fcomments&post=8753"}],"version-history":[{"count":6,"href":"https:\/\/ypjrojava.net\/index.php?rest_route=\/wp\/v2\/posts\/8753\/revisions"}],"predecessor-version":[{"id":8760,"href":"https:\/\/ypjrojava.net\/index.php?rest_route=\/wp\/v2\/posts\/8753\/revisions\/8760"}],"wp:featuredmedia":[{"embeddable":true,"href":"https:\/\/ypjrojava.net\/index.php?rest_route=\/wp\/v2\/media\/8749"}],"wp:attachment":[{"href":"https:\/\/ypjrojava.net\/index.php?rest_route=%2Fwp%2Fv2%2Fmedia&parent=8753"}],"wp:term":[{"taxonomy":"category","embeddable":true,"href":"https:\/\/ypjrojava.net\/index.php?rest_route=%2Fwp%2Fv2%2Fcategories&post=8753"},{"taxonomy":"post_tag","embeddable":true,"href":"https:\/\/ypjrojava.net\/index.php?rest_route=%2Fwp%2Fv2%2Ftags&post=8753"}],"curies":[{"name":"wp","href":"https:\/\/api.w.org\/{rel}","templated":true}]}}