{"id":8802,"date":"2019-06-17T18:33:39","date_gmt":"2019-06-17T18:33:39","guid":{"rendered":"https:\/\/ypjrojava.net\/?p=8802"},"modified":"2022-06-11T09:53:52","modified_gmt":"2022-06-11T09:53:52","slug":"jindar-delila-fatma-demirkaya","status":"publish","type":"post","link":"https:\/\/ypjrojava.net\/?p=8802","title":{"rendered":"J\u00ceNDAR DEL\u00ceLA &#8211; FATMA DEM\u0130R KAYA"},"content":{"rendered":"<p style=\"text-align: left;\"><strong><img loading=\"lazy\" decoding=\"async\" class=\"size-medium wp-image-11609 alignleft\" src=\"https:\/\/ypjrojava.net\/wp-content\/uploads\/2019\/06\/JINDAR-FATMA-DEMIRKAYA-1195-225x300.jpg\" alt=\"\" width=\"225\" height=\"300\" srcset=\"https:\/\/ypjrojava.net\/wp-content\/uploads\/2019\/06\/JINDAR-FATMA-DEMIRKAYA-1195-225x300.jpg 225w, https:\/\/ypjrojava.net\/wp-content\/uploads\/2019\/06\/JINDAR-FATMA-DEMIRKAYA-1195.jpg 768w\" sizes=\"auto, (max-width: 225px) 100vw, 225px\" \/>Nav \u00fb Pa\u015fnav:<\/strong> J\u00ceNDAR DEL\u00ceLA<br \/>\n<strong>Nav\u00ea Rast \u00fb Pa\u015fnav:<\/strong> FATMA DEM\u0130R KAYA<br \/>\n<strong>Nav\u00ea Day\u00eek:<\/strong> BEDEW<br \/>\n<strong>Nav\u00ea Bav:<\/strong> AR\u0130F<br \/>\n<strong>Cih \u00fb D\u00eeroka \u015eehadet\u00ea:<\/strong> 02.12.2014 \/ KOBAN\u00ca<\/p>\n<p>&nbsp;<\/p>\n<p>&nbsp;<\/p>\n<p>&nbsp;<\/p>\n<p>&nbsp;<\/p>\n<p>&nbsp;<\/p>\n<p>&nbsp;<\/p>\n<p><img loading=\"lazy\" decoding=\"async\" class=\"alignnone wp-image-11610\" src=\"https:\/\/ypjrojava.net\/wp-content\/uploads\/2019\/06\/DSC_0064-201x300.jpg\" alt=\"\" width=\"183\" height=\"273\" srcset=\"https:\/\/ypjrojava.net\/wp-content\/uploads\/2019\/06\/DSC_0064-201x300.jpg 201w, https:\/\/ypjrojava.net\/wp-content\/uploads\/2019\/06\/DSC_0064-685x1024.jpg 685w, https:\/\/ypjrojava.net\/wp-content\/uploads\/2019\/06\/DSC_0064-768x1147.jpg 768w, https:\/\/ypjrojava.net\/wp-content\/uploads\/2019\/06\/DSC_0064-1028x1536.jpg 1028w, https:\/\/ypjrojava.net\/wp-content\/uploads\/2019\/06\/DSC_0064-1371x2048.jpg 1371w, https:\/\/ypjrojava.net\/wp-content\/uploads\/2019\/06\/DSC_0064-scaled.jpg 1714w\" sizes=\"auto, (max-width: 183px) 100vw, 183px\" \/><\/p>\n","protected":false},"excerpt":{"rendered":"<p>Nav \u00fb Pa\u015fnav: J\u00ceNDAR DEL\u00ceLA Nav\u00ea Rast \u00fb Pa\u015fnav: FATMA DEM\u0130R KAYA Nav\u00ea Day\u00eek: BEDEW Nav\u00ea Bav: AR\u0130F Cih \u00fb D\u00eeroka \u015eehadet\u00ea: 02.12.2014 \/ KOBAN\u00ca &nbsp; &nbsp; &nbsp; &nbsp; &nbsp; &nbsp;<\/p>\n","protected":false},"author":1,"featured_media":11609,"comment_status":"closed","ping_status":"closed","sticky":false,"template":"","format":"standard","meta":{"footnotes":""},"categories":[52,50],"tags":[],"class_list":{"0":"post-8802","1":"post","2":"type-post","3":"status-publish","4":"format-standard","5":"has-post-thumbnail","7":"category-52","8":"category-sahid"},"_links":{"self":[{"href":"https:\/\/ypjrojava.net\/index.php?rest_route=\/wp\/v2\/posts\/8802","targetHints":{"allow":["GET"]}}],"collection":[{"href":"https:\/\/ypjrojava.net\/index.php?rest_route=\/wp\/v2\/posts"}],"about":[{"href":"https:\/\/ypjrojava.net\/index.php?rest_route=\/wp\/v2\/types\/post"}],"author":[{"embeddable":true,"href":"https:\/\/ypjrojava.net\/index.php?rest_route=\/wp\/v2\/users\/1"}],"replies":[{"embeddable":true,"href":"https:\/\/ypjrojava.net\/index.php?rest_route=%2Fwp%2Fv2%2Fcomments&post=8802"}],"version-history":[{"count":4,"href":"https:\/\/ypjrojava.net\/index.php?rest_route=\/wp\/v2\/posts\/8802\/revisions"}],"predecessor-version":[{"id":11612,"href":"https:\/\/ypjrojava.net\/index.php?rest_route=\/wp\/v2\/posts\/8802\/revisions\/11612"}],"wp:featuredmedia":[{"embeddable":true,"href":"https:\/\/ypjrojava.net\/index.php?rest_route=\/wp\/v2\/media\/11609"}],"wp:attachment":[{"href":"https:\/\/ypjrojava.net\/index.php?rest_route=%2Fwp%2Fv2%2Fmedia&parent=8802"}],"wp:term":[{"taxonomy":"category","embeddable":true,"href":"https:\/\/ypjrojava.net\/index.php?rest_route=%2Fwp%2Fv2%2Fcategories&post=8802"},{"taxonomy":"post_tag","embeddable":true,"href":"https:\/\/ypjrojava.net\/index.php?rest_route=%2Fwp%2Fv2%2Ftags&post=8802"}],"curies":[{"name":"wp","href":"https:\/\/api.w.org\/{rel}","templated":true}]}}