{"id":8851,"date":"2019-06-17T21:26:29","date_gmt":"2019-06-17T21:26:29","guid":{"rendered":"https:\/\/ypjrojava.net\/?p=8851"},"modified":"2022-06-11T08:41:42","modified_gmt":"2022-06-11T08:41:42","slug":"rengin-kobane-medya-osman","status":"publish","type":"post","link":"https:\/\/ypjrojava.net\/?p=8851","title":{"rendered":"RENG\u00ceN KOBAN\u00ca &#8211; MEDYA OSMAN"},"content":{"rendered":"<p style=\"text-align: left;\">\n<p style=\"text-align: left;\"><strong><img loading=\"lazy\" decoding=\"async\" class=\"size-medium wp-image-11575 alignleft\" src=\"https:\/\/ypjrojava.net\/wp-content\/uploads\/2019\/06\/rengin-215x300.jpg\" alt=\"\" width=\"215\" height=\"300\" srcset=\"https:\/\/ypjrojava.net\/wp-content\/uploads\/2019\/06\/rengin-215x300.jpg 215w, https:\/\/ypjrojava.net\/wp-content\/uploads\/2019\/06\/rengin-733x1024.jpg 733w, https:\/\/ypjrojava.net\/wp-content\/uploads\/2019\/06\/rengin.jpg 751w\" sizes=\"auto, (max-width: 215px) 100vw, 215px\" \/>Nav \u00fb Pa\u015fnav:<\/strong> RENG\u00ceN KOBAN\u00ca<br \/>\n<strong>Nav\u00ea Rast \u00fb Pa\u015fnav:<\/strong> MEDYA OSMAN<br \/>\n<strong>Nav\u00ea Day\u00eek:<\/strong> WETHA<br \/>\n<strong>Nav\u00ea Bav:<\/strong> SEYFETD\u00ceN<br \/>\n<strong>Cih \u00fb D\u00eeroka \u015eehadet\u00ea:<\/strong> 22.10.2014 \/ KOBAN\u00ca<\/p>\n<p>&nbsp;<\/p>\n<p>&nbsp;<\/p>\n<p>&nbsp;<\/p>\n<p>&nbsp;<\/p>\n<p>&nbsp;<\/p>\n<p>&nbsp;<\/p>\n<p>&nbsp;<\/p>\n<p><img loading=\"lazy\" decoding=\"async\" class=\"size-medium wp-image-11576\" src=\"https:\/\/ypjrojava.net\/wp-content\/uploads\/2019\/06\/P7250049-300x225.jpg\" alt=\"\" width=\"300\" height=\"225\" srcset=\"https:\/\/ypjrojava.net\/wp-content\/uploads\/2019\/06\/P7250049-300x225.jpg 300w, https:\/\/ypjrojava.net\/wp-content\/uploads\/2019\/06\/P7250049-1024x768.jpg 1024w, https:\/\/ypjrojava.net\/wp-content\/uploads\/2019\/06\/P7250049-768x576.jpg 768w, https:\/\/ypjrojava.net\/wp-content\/uploads\/2019\/06\/P7250049-1536x1152.jpg 1536w, https:\/\/ypjrojava.net\/wp-content\/uploads\/2019\/06\/P7250049-2048x1536.jpg 2048w, https:\/\/ypjrojava.net\/wp-content\/uploads\/2019\/06\/P7250049-86x64.jpg 86w\" sizes=\"auto, (max-width: 300px) 100vw, 300px\" \/><\/p>\n","protected":false},"excerpt":{"rendered":"<p>Nav \u00fb Pa\u015fnav: RENG\u00ceN KOBAN\u00ca Nav\u00ea Rast \u00fb Pa\u015fnav: MEDYA OSMAN Nav\u00ea Day\u00eek: WETHA Nav\u00ea Bav: SEYFETD\u00ceN Cih \u00fb D\u00eeroka \u015eehadet\u00ea: 22.10.2014 \/ KOBAN\u00ca &nbsp; &nbsp; &nbsp; &nbsp; &nbsp; &nbsp; &nbsp;<\/p>\n","protected":false},"author":1,"featured_media":11575,"comment_status":"closed","ping_status":"closed","sticky":false,"template":"","format":"standard","meta":{"footnotes":""},"categories":[52,50],"tags":[],"class_list":{"0":"post-8851","1":"post","2":"type-post","3":"status-publish","4":"format-standard","5":"has-post-thumbnail","7":"category-52","8":"category-sahid"},"_links":{"self":[{"href":"https:\/\/ypjrojava.net\/index.php?rest_route=\/wp\/v2\/posts\/8851","targetHints":{"allow":["GET"]}}],"collection":[{"href":"https:\/\/ypjrojava.net\/index.php?rest_route=\/wp\/v2\/posts"}],"about":[{"href":"https:\/\/ypjrojava.net\/index.php?rest_route=\/wp\/v2\/types\/post"}],"author":[{"embeddable":true,"href":"https:\/\/ypjrojava.net\/index.php?rest_route=\/wp\/v2\/users\/1"}],"replies":[{"embeddable":true,"href":"https:\/\/ypjrojava.net\/index.php?rest_route=%2Fwp%2Fv2%2Fcomments&post=8851"}],"version-history":[{"count":4,"href":"https:\/\/ypjrojava.net\/index.php?rest_route=\/wp\/v2\/posts\/8851\/revisions"}],"predecessor-version":[{"id":11574,"href":"https:\/\/ypjrojava.net\/index.php?rest_route=\/wp\/v2\/posts\/8851\/revisions\/11574"}],"wp:featuredmedia":[{"embeddable":true,"href":"https:\/\/ypjrojava.net\/index.php?rest_route=\/wp\/v2\/media\/11575"}],"wp:attachment":[{"href":"https:\/\/ypjrojava.net\/index.php?rest_route=%2Fwp%2Fv2%2Fmedia&parent=8851"}],"wp:term":[{"taxonomy":"category","embeddable":true,"href":"https:\/\/ypjrojava.net\/index.php?rest_route=%2Fwp%2Fv2%2Fcategories&post=8851"},{"taxonomy":"post_tag","embeddable":true,"href":"https:\/\/ypjrojava.net\/index.php?rest_route=%2Fwp%2Fv2%2Ftags&post=8851"}],"curies":[{"name":"wp","href":"https:\/\/api.w.org\/{rel}","templated":true}]}}