{"id":8873,"date":"2019-06-18T06:06:02","date_gmt":"2019-06-18T06:06:02","guid":{"rendered":"https:\/\/ypjrojava.net\/?p=8873"},"modified":"2022-06-21T15:38:51","modified_gmt":"2022-06-21T15:38:51","slug":"em-e-bi-sekna-sarya-u-bi-rihe-hivda-tekosina-azadiye-bilind-bikin","status":"publish","type":"post","link":"https:\/\/ypjrojava.net\/?p=8873","title":{"rendered":"Em \u00ea bi sekna Sarya \u00fb bi rih\u00ea H\u00eevda teko\u015f\u00eena azadiy\u00ea bilind bikin"},"content":{"rendered":"<p>Di \u015fexs\u00ea p\u00ea\u015feng, teko\u015f\u00eenvan, hevr\u00ea Sarya \u00fb H\u00eevda de, em tevah\u00ee \u015feh\u00eed\u00ean di teko\u015f\u00eena mirovahiy\u00ea de gih\u00ee\u015ftine \u015fehadet\u00ea bib\u00eert\u00eenin. Ji malbata her du r\u00eahevalan re, ji gel\u00ea me y\u00ea berxwed\u00ear \u00fb day\u00eek\u00ean \u015feh\u00eedan re sersax\u00ee dixwazin \u00fb soza me daye \u015feh\u00eedan bi biryardariyeke mezin n\u00fb dikin.<\/p>\n<p>Teko\u015f\u00eena gel\u00ea Bak\u00fbr\u00ea-rojhilat\u00ea S\u00fbriy\u00ea, bi heq\u00eeqeta \u015feh\u00eedan xwe g\u00eehand v\u00ea merheleya d\u00eerok\u00ee. Di \u015fer\u00ea 8 sal\u00ean derbas b\u00fby\u00ee de me bi hezaran r\u00eaheval\u00ean bi r\u00fbmet, di oxira parastina gel \u00fb xaka p\u00eeroz de da. Ti\u015fta ku ket ser gel\u00ea me, bi fedekar\u00ee, bi rih\u00ea welatpar\u00eaz, ked da, xw\u00eedan rijand \u00fb ewlad\u00ean xwe y\u00ean h\u00eaja diyar\u00ee \u015fore\u015fa mirovahiy\u00ea kirin. Me weke yek\u00eeney\u00ean parastina jin\u00ea YPJ\u2019\u00ea, di me\u015fandina teko\u015f\u00een\u00ea de ked \u00fb hewl da em lay\u00eeq\u00ee heq\u00eeqeta gel\u00ea xwe bibin. R\u00eaheval Saryae bi v\u00ea hi\u015fmendiy\u00ea t\u00eako\u015fiya \u00fb bi moraleke bilind \u015fer\u00ea azadiy\u00ea me\u015fand \u00fb di v\u00ea oxir\u00ea de \u015feh\u00eed b\u00fb.<\/p>\n<p>Hevr\u00eaya me Sarya, ku yek ji p\u00ea\u015fenga \u015fore\u015f\u00ea b\u00fb, li ser v\u00ea rastiy\u00ea tevl\u00ee teko\u015f\u00eena mirovahiy\u00ea b\u00fb. R\u00eaheval Sarya, di nav malbateke welatperwer de mezin dibe. Malbateke di teko\u015f\u00eena azadiy\u00ea de gelek berd\u00eal\u00ean giran daye. R\u00eaheval Sarya, di temen\u00ea xwe y\u00ea ciwan de be\u015fdar\u00ee teko\u015f\u00eena azadiy\u00ea dibe. Di destp\u00eaka \u015fore\u015fa Rojava de bi kedeke mezin tevl\u00ee hem\u00fb xebatan b\u00fb. Her tim di \u00e7eper\u00ean her\u00ee p\u00ea\u015f y\u00ea \u015fer de cih girt, teko\u015f\u00een me\u015fand. Ji bo xwe tim\u00ee qad\u00ean her\u00ee zor \u00fb zehmet hilbijart. B\u00ea ku rojek\u00ea dudil\u00ee bij\u00ee bi ezmeke bilind, bi biryardariyeke xurt bi ser erk\u00ean j\u00ea hatin xwestin de \u00e7\u00fb. Di asta fermandar\u00ee de p\u00ea\u015feng\u00ee kir, di p\u00eangav \u00fb \u015fer\u00ean giran de cih\u00ea xwe girt. Bi sekna w\u00earek, fedekar \u00fb dilnizim di dem\u00ean her\u00ee zor de p\u00ea\u015feng\u00ee ji r\u00eaheval\u00ean xwe re kir. Di \u015fer\u00ea 2013-2014 \u00fb 2015\u2019an de roleke p\u00ea\u015feng ley\u00eest. Kedeke b\u00eahempa ya r\u00eaheval Sarye di \u015fore\u015fa Rojava de \u00e7\u00eab\u00fb. Li hember\u00ee \u00e7etey\u00ean hov y\u00ean DAI\u015e\u2019\u00ea, sekna jina Kurd li hember\u00ee dijmin \u00e7awaye bi berxwedana xwe da raberkirin. Bi v\u00ea sekna xwe b\u00fb m\u00eenaka cesaret, fedekar\u00ee, h\u00eav\u00ee \u00fb serkeftin\u00ea.<\/p>\n<p>R\u00eahevala me H\u00eevda p\u00eeros\u00ee, ev demek b\u00fb cih\u00ea xwe di teko\u015f\u00eena azadiy\u00ea de digirt. R\u00eahevaleke me ya ciwan b\u00fb. Heval H\u00eevda, di temen\u00ea xwe y\u00ea ciwan de pergala kap\u00eetal\u00eest ya bi her away\u00ee \u00ear\u00ee\u015f\u00ee fikir, beden \u00fb rih\u00ea ciwanan dike red kir \u00fb ber\u00ea xwe da \u015fore\u015fa gelan. Xwed\u00ee l\u00eager\u00een \u00fb armanc\u00ean mezin b\u00fb. Di jiyan\u00ea de ji bo ley\u00eeq\u00ee r\u00eahevaltiy\u00ea bibe kedeke mezin di ber jiyan \u00fb heval\u00ean xwe de da. Her tim bi co\u015f \u00fb kelecan b\u00fb. Bi rih\u00ea xwe y\u00ea ciwan reng dida jiyan\u00ea. Heval H\u00eevda ev demek b\u00fb ji ber rew\u015fa xwe ya tenduristiy\u00ea tedew\u00ee did\u00eet. L\u00ea ji ber rew\u015fa xwe ya giran giha asta \u015fehadet\u00ea.<\/p>\n<p>Ji ber \u015fert \u00fb merc\u00ean \u015fer\u00ea em t\u00ea re derbas b\u00fbn me nekar\u00ee em \u015fehadeta r\u00eahevala xwe Sarya e\u015fkere bikin, ji bo v\u00ea em ji malbat \u00fb gel\u00ea xwe l\u00eabor\u00een dixwazin. Heval H\u00eevda ku ji ber nexwe\u015fiyek\u00ea can\u00ea xwe ji dest da \u00fb giha asta \u015fehadet\u00ea. B\u00eaguman em xemg\u00eeniya xwe parve dikin \u00fb ji malbata her du r\u00eaheval\u00ean h\u00eaja re careke din sersax\u00ee dixwazin \u00fb dib\u00eajin \u015feh\u00eed namirin. Li ser v\u00ea bingeh\u00ea em soz \u00fb biryardariya ku me daye r\u00eaheval\u00ean xwe y\u00ean \u015feh\u00eed n\u00fb dikin. Ji bo em h\u00eaviy\u00ean \u015feh\u00eed Sarya, H\u00eevda \u00fb tevah\u00ee \u015feh\u00eedan b\u00eenin cih, em \u00ea teko\u015f\u00eena xwe bidom\u00eenin.<\/p>\n<p><strong>Nasnamey\u00ean r\u00eaheval\u00ean me y\u00ean \u015feh\u00eed wiha ne;<\/strong><\/p>\n<p>&nbsp;<\/p>\n<p><img loading=\"lazy\" decoding=\"async\" class=\"alignnone size-medium wp-image-14124\" src=\"https:\/\/ypjrojava.net\/wp-content\/uploads\/2019\/06\/HIVDA-PIROSI-ROJBIN-AKDOGAN-215x300.jpg\" alt=\"\" width=\"215\" height=\"300\" srcset=\"https:\/\/ypjrojava.net\/wp-content\/uploads\/2019\/06\/HIVDA-PIROSI-ROJBIN-AKDOGAN-215x300.jpg 215w, https:\/\/ypjrojava.net\/wp-content\/uploads\/2019\/06\/HIVDA-PIROSI-ROJBIN-AKDOGAN-733x1024.jpg 733w, https:\/\/ypjrojava.net\/wp-content\/uploads\/2019\/06\/HIVDA-PIROSI-ROJBIN-AKDOGAN.jpg 751w\" sizes=\"auto, (max-width: 215px) 100vw, 215px\" \/><\/p>\n<p><strong>Nasnav<\/strong>: H\u0130VDA PIROS\u0130<\/p>\n<p><strong>Nav\u00ea Rast \u00fb Pa\u015fnav<\/strong>: ROJB\u0130N AKDO\u011eAN<\/p>\n<p><strong>Cih \u00fb D\u00eeroka Ji Day\u00eekb\u00fbne<\/strong>: 0.0.1998\/\u015eIRNEX<\/p>\n<p><strong>Nav\u00ea Dayik<\/strong>: SARYA<\/p>\n<p><strong>Nav\u00ea Bav<\/strong>: HAZIM<\/p>\n<p><strong>Cih \u00fb D\u00eeroka \u015eehadet\u00ea<\/strong>: 6-6-2019 HESEK\u00ca<\/p>\n<p>&nbsp;<\/p>\n<p><img loading=\"lazy\" decoding=\"async\" class=\"alignnone size-medium wp-image-14125\" src=\"https:\/\/ypjrojava.net\/wp-content\/uploads\/2019\/06\/SARYA-DERSIM-SONGUL-DOGUC-1200-225x300.jpg\" alt=\"\" width=\"225\" height=\"300\" srcset=\"https:\/\/ypjrojava.net\/wp-content\/uploads\/2019\/06\/SARYA-DERSIM-SONGUL-DOGUC-1200-225x300.jpg 225w, https:\/\/ypjrojava.net\/wp-content\/uploads\/2019\/06\/SARYA-DERSIM-SONGUL-DOGUC-1200.jpg 768w\" sizes=\"auto, (max-width: 225px) 100vw, 225px\" \/><\/p>\n<p><strong>Nasnav<\/strong>: SARYA DERS\u0130M<\/p>\n<p><strong>Nav\u00ea Rast \u00fb Pa\u015fnav<\/strong>: SONG\u00dcL DO\u011eU\u00c7<\/p>\n<p><strong>Cih \u00fb D\u00eeroka Ji Day\u00eekb\u00fbne<\/strong>: 0.0.1981 AMED<\/p>\n<p><strong>Nav\u00ea Dayik<\/strong>: MEYSA<\/p>\n<p><strong>Nav\u00ea Bav<\/strong>: FEYZ\u0130<\/p>\n<p><strong>Cih \u00fb D\u00eeroka \u015eehadet\u00ea<\/strong>: 22.1.2015 \/ HESEKE<\/p>\n<p>&nbsp;<\/p>\n<p><strong>Fermandariya Gi\u015ft\u00ee ya YPJ\u2019\u00ea<\/strong><\/p>\n<p><strong>18 Hez\u00eeran 2019<\/strong><\/p>\n<p>&nbsp;<\/p>\n","protected":false},"excerpt":{"rendered":"<p>Di \u015fexs\u00ea p\u00ea\u015feng, teko\u015f\u00eenvan, hevr\u00ea Sarya \u00fb H\u00eevda de, em tevah\u00ee \u015feh\u00eed\u00ean di teko\u015f\u00eena mirovahiy\u00ea de gih\u00ee\u015ftine \u015fehadet\u00ea bib\u00eert\u00eenin. Ji malbata her du r\u00eahevalan re, ji gel\u00ea me y\u00ea berxwed\u00ear \u00fb day\u00eek\u00ean \u015feh\u00eedan re sersax\u00ee dixwazin \u00fb soza me daye \u015feh\u00eedan bi biryardariyeke mezin n\u00fb dikin. Teko\u015f\u00eena gel\u00ea Bak\u00fbr\u00ea-rojhilat\u00ea S\u00fbriy\u00ea, bi heq\u00eeqeta \u015feh\u00eedan xwe g\u00eehand [&hellip;]<\/p>\n","protected":false},"author":1,"featured_media":14126,"comment_status":"closed","ping_status":"closed","sticky":false,"template":"","format":"standard","meta":{"footnotes":""},"categories":[39],"tags":[],"class_list":{"0":"post-8873","1":"post","2":"type-post","3":"status-publish","4":"format-standard","5":"has-post-thumbnail","7":"category-daxuyani"},"_links":{"self":[{"href":"https:\/\/ypjrojava.net\/index.php?rest_route=\/wp\/v2\/posts\/8873","targetHints":{"allow":["GET"]}}],"collection":[{"href":"https:\/\/ypjrojava.net\/index.php?rest_route=\/wp\/v2\/posts"}],"about":[{"href":"https:\/\/ypjrojava.net\/index.php?rest_route=\/wp\/v2\/types\/post"}],"author":[{"embeddable":true,"href":"https:\/\/ypjrojava.net\/index.php?rest_route=\/wp\/v2\/users\/1"}],"replies":[{"embeddable":true,"href":"https:\/\/ypjrojava.net\/index.php?rest_route=%2Fwp%2Fv2%2Fcomments&post=8873"}],"version-history":[{"count":3,"href":"https:\/\/ypjrojava.net\/index.php?rest_route=\/wp\/v2\/posts\/8873\/revisions"}],"predecessor-version":[{"id":14128,"href":"https:\/\/ypjrojava.net\/index.php?rest_route=\/wp\/v2\/posts\/8873\/revisions\/14128"}],"wp:featuredmedia":[{"embeddable":true,"href":"https:\/\/ypjrojava.net\/index.php?rest_route=\/wp\/v2\/media\/14126"}],"wp:attachment":[{"href":"https:\/\/ypjrojava.net\/index.php?rest_route=%2Fwp%2Fv2%2Fmedia&parent=8873"}],"wp:term":[{"taxonomy":"category","embeddable":true,"href":"https:\/\/ypjrojava.net\/index.php?rest_route=%2Fwp%2Fv2%2Fcategories&post=8873"},{"taxonomy":"post_tag","embeddable":true,"href":"https:\/\/ypjrojava.net\/index.php?rest_route=%2Fwp%2Fv2%2Ftags&post=8873"}],"curies":[{"name":"wp","href":"https:\/\/api.w.org\/{rel}","templated":true}]}}