{"id":8897,"date":"2019-06-30T08:17:17","date_gmt":"2019-06-30T08:17:17","guid":{"rendered":"https:\/\/ypjrojava.net\/?p=8897"},"modified":"2022-08-07T08:09:18","modified_gmt":"2022-08-07T08:09:18","slug":"akademiya-sehid-berivan-dewreya-sehid-evrim-bi-dawi-kir","status":"publish","type":"post","link":"https:\/\/ypjrojava.net\/?p=8897","title":{"rendered":"Akademiya \u015eeh\u00eed B\u00ear\u00eevan dewreya \u015eeh\u00eed Evr\u00eem bi daw\u00ee kir"},"content":{"rendered":"<p style=\"text-align: left;\">\u00a0 Akademiya \u015feh\u00eed B\u00ear\u00eevan, dewreya bi nav\u00ea Evr\u00eem Amed ku beriya 45 rojan dest p\u00ea kirib\u00fb bi meras\u00eemeke le\u015fker\u00ee \u00fb soz day\u00eena \u015fervanan re hat bi daw\u00ee kirin.<\/p>\n<p style=\"text-align: left;\">\u00a0Di meras\u00eema le\u015fker\u00ee de fermandara yek\u00eeney\u00ean parastina jin\u00ea YPJ&#8217;\u00ea, Rojda Efr\u00een axiv\u00ee. Efr\u00een, di dest p\u00ea k\u00ea de xilaskirina dewrey\u00ea li R\u00eaber Abdullah Ocelan, \u015fervanan \u00fb li \u015feh\u00eed\u00ean xwe p\u00eeroz kir \u00fb wiha got; \u201cDi p\u00eavajoyeke hesas de em derbas dibin. Her wiha ev meh ji bo me jin\u00ean Kurd, meheke teko\u015f\u00een, mezinkirina rih\u00ea feda\u00eeyane. Bi rih\u00ea heval Z\u00eelan \u00fb Sema rih\u00ea berxwed\u00ear ya jina Kurd li kurdistan\u00ea derket. Ev rih\u00ea teko\u015f\u00eenvan bi berdewam\u00ee di \u015fore\u015fa me de bi rih\u00ea Ar\u00een \u00fb Avesta re deng\u00ea xwe li c\u00eehan\u00ea belav kir. Ji bo we em dib\u00eajin ev meheke d\u00eerok\u00ee ye.\u201d<\/p>\n<p style=\"text-align: left;\">\n<p style=\"text-align: left;\">Her wiha Rojda Efr\u00een got; \u201c Her hevalek dema \u00e7\u00fb cih\u00ea xwe p\u00eaw\u00eeste li gor\u00ee rih\u00ea hevala Z\u00eelan, Ar\u00een \u00fb bi rih\u00ea heval Avesta li himber\u00ee \u00e7etey\u00ean hov y\u00ean DAI\u015e\u2019\u00ea \u00fb dewleta tirk \u015fer bikin \u00fb tevl\u00ee jiyan\u00ea bibin. Perwerdey\u00ean ku we li v\u00ea akedemiy\u00ea d\u00eet\u00ee jibo h\u00fbn derbas\u00ee jiyan\u00ea bikin, h\u00fbn\u00ea teko\u015f\u00een\u00ea bime\u015f\u00eenin.\u201d<\/p>\n<p style=\"text-align: left;\">\u00a0Pi\u015ft\u00ee axaftina meras\u00eem\u00ea bi daw\u00ee b\u00fb, \u015fervanan bi dir\u00fb\u015fmey\u00ean ( B\u0130J\u00ce SEROK APO, B\u0130 CAN B\u0130 XW\u00ceN EMTARENA EY SEROK, B\u00ca SEROK JIYAN NABE) meras\u00eem bi daw\u00ee kirin.<\/p>\n<p style=\"text-align: left;\">\n<p style=\"text-align: left;\"><span style=\"text-transform: initial;\">\u015eervana Avesta Am\u00fbd\u00ea, ku cih\u00ea xwe di dewr\u00ea de girtiye hest\u00ean xwe wiha an\u00een ziman; \u201cSedem\u00ea tevl\u00eab\u00fbna min ji ref\u00ean YPJ&#8217;\u00ea re, \u015fehadeta kur\u00ea ap\u00ea min b\u00fb. Em bi hestiyar\u00ee be\u015fdar b\u00fbn l\u00ea me bi v\u00ea perwerdey\u00ea re tevl\u00eeb\u00fbna rast \u00e7iye \u00fb \u00e7awa p\u00ea\u015fdikeve fam kir. Ev demeke em di perwerde deb\u00fbn, me perwerda fikir\u00ee, le\u015fker\u00ee d\u00eet, me rast\u00eeya xwe nas kir. Rastiya r\u00eabertiy\u00ea \u00fb d\u00eeroka kurdistan\u00ea d\u00eet. Em di van dersan de f\u00ear b\u00fbn ku d\u00eerokeke me ya \u00e7iqas dewlemend heye. L\u00ea li k\u00ealeka van dewlemendiyan \u00ea\u015f\u00ean mezin j\u00ee hatine jiy\u00een. Em ji bo v\u00ea perwerdey\u00ea di prat\u00eek\u00ea de jiyan\u00ee bikim \u00fb tola \u015feh\u00eedan rakim heya daw\u00ee ez \u00ea bibim \u015fopdar\u00ea v\u00ea r\u00eaya heq\u00eeqet\u00ea.\u201d<\/span><\/p>\n<p style=\"text-align: left;\">\u00a0\u015eervana YPJ\u2019\u00ea Asm\u00een Hesek\u00ea wiha behsa tevl\u00eeb\u00fbna xwe kir; \u201cSedem\u00ea tevl\u00eab\u00fbna min ez bi keda ku R\u00eaber APO day\u00ea ji bo gelan \u00fb bi kede \u015feh\u00eedan bandor b\u00fbm. Ji bo min ev perwerde b\u00fb dest p\u00ea k\u00ea teko\u015f\u00eena \u015fore\u015fger\u00ee. Min di v\u00ea perwerd\u00ea de bawer\u00ee, armanc \u00fb v\u00eena xwe naskir. Min aliy\u00ea xwe bi h\u00eaz \u00fb nebes d\u00eetin. Ev bi tehl\u00eel\u00ean \u015fexs\u00ee \u00fb n\u00ear\u00een\u00ean r\u00eahevalan p\u00ea\u015fket. Ez \u00ea v\u00ea l\u00eah\u00fbrb\u00fbna xwe di jiyan\u00ea de kur bikim tevl\u00eeb\u00fbneke ley\u00eeq\u00ee gel\u00ea xwe esas bigrim. Em \u00ea ked bidin da ku em keda xeyr\u00ee xwe li erd\u00ea nexin, keda \u015feh\u00eedan li erd\u00ea nex\u00eenin.\u201dDewreya \u015fervanan bi girtina govend\u00ea bi baw\u00ee b\u00fb.<\/p>\n<p style=\"text-align: left;\">Navenda Ragihandina YPJ<\/p>\n<p><iframe loading=\"lazy\" title=\"Akademiya \u015eeh\u00eed B\u00ear\u00eevan dewreya \u015eeh\u00eed Evr\u00eem bi daw\u00ee kir\" width=\"696\" height=\"392\" src=\"https:\/\/www.youtube.com\/embed\/ZFC9A-xno70?feature=oembed\" frameborder=\"0\" allow=\"accelerometer; autoplay; clipboard-write; encrypted-media; gyroscope; picture-in-picture; web-share\" referrerpolicy=\"strict-origin-when-cross-origin\" allowfullscreen><\/iframe><\/p>\n","protected":false},"excerpt":{"rendered":"<p>\u00a0 Akademiya \u015feh\u00eed B\u00ear\u00eevan, dewreya bi nav\u00ea Evr\u00eem Amed ku beriya 45 rojan dest p\u00ea kirib\u00fb bi meras\u00eemeke le\u015fker\u00ee \u00fb soz day\u00eena \u015fervanan re hat bi daw\u00ee kirin. \u00a0Di meras\u00eema le\u015fker\u00ee de fermandara yek\u00eeney\u00ean parastina jin\u00ea YPJ&#8217;\u00ea, Rojda Efr\u00een axiv\u00ee. Efr\u00een, di dest p\u00ea k\u00ea de xilaskirina dewrey\u00ea li R\u00eaber Abdullah Ocelan, \u015fervanan \u00fb li [&hellip;]<\/p>\n","protected":false},"author":1,"featured_media":15433,"comment_status":"closed","ping_status":"closed","sticky":false,"template":"","format":"standard","meta":{"footnotes":""},"categories":[38],"tags":[],"class_list":{"0":"post-8897","1":"post","2":"type-post","3":"status-publish","4":"format-standard","5":"has-post-thumbnail","7":"category-nuce"},"_links":{"self":[{"href":"https:\/\/ypjrojava.net\/index.php?rest_route=\/wp\/v2\/posts\/8897","targetHints":{"allow":["GET"]}}],"collection":[{"href":"https:\/\/ypjrojava.net\/index.php?rest_route=\/wp\/v2\/posts"}],"about":[{"href":"https:\/\/ypjrojava.net\/index.php?rest_route=\/wp\/v2\/types\/post"}],"author":[{"embeddable":true,"href":"https:\/\/ypjrojava.net\/index.php?rest_route=\/wp\/v2\/users\/1"}],"replies":[{"embeddable":true,"href":"https:\/\/ypjrojava.net\/index.php?rest_route=%2Fwp%2Fv2%2Fcomments&post=8897"}],"version-history":[{"count":3,"href":"https:\/\/ypjrojava.net\/index.php?rest_route=\/wp\/v2\/posts\/8897\/revisions"}],"predecessor-version":[{"id":15435,"href":"https:\/\/ypjrojava.net\/index.php?rest_route=\/wp\/v2\/posts\/8897\/revisions\/15435"}],"wp:featuredmedia":[{"embeddable":true,"href":"https:\/\/ypjrojava.net\/index.php?rest_route=\/wp\/v2\/media\/15433"}],"wp:attachment":[{"href":"https:\/\/ypjrojava.net\/index.php?rest_route=%2Fwp%2Fv2%2Fmedia&parent=8897"}],"wp:term":[{"taxonomy":"category","embeddable":true,"href":"https:\/\/ypjrojava.net\/index.php?rest_route=%2Fwp%2Fv2%2Fcategories&post=8897"},{"taxonomy":"post_tag","embeddable":true,"href":"https:\/\/ypjrojava.net\/index.php?rest_route=%2Fwp%2Fv2%2Ftags&post=8897"}],"curies":[{"name":"wp","href":"https:\/\/api.w.org\/{rel}","templated":true}]}}