{"id":8914,"date":"2019-07-19T07:37:44","date_gmt":"2019-07-19T07:37:44","guid":{"rendered":"https:\/\/ypjrojava.net\/?p=8914"},"modified":"2022-06-21T15:34:32","modified_gmt":"2022-06-21T15:34:32","slug":"ypj-soresa-19e-tirmehe-vina-gele-azadixwaz-u-jina-tekoser-afirand","status":"publish","type":"post","link":"https:\/\/ypjrojava.net\/?p=8914","title":{"rendered":"YPJ: \u015eore\u015fa 19\u2019\u00ea T\u00eermeh\u00ea V\u00eena Gel\u00ea Azad\u00eexwaz \u00fb Jina Teko\u015fer Afirand"},"content":{"rendered":"<p><strong>Ji gel\u00ea me \u00fb raya gi\u015ft\u00ee re <\/strong><\/p>\n<p>Em salvegera 7. Ya \u015eore\u015fa 19\u2019\u00ea T\u00eermeh\u00ea, di ser\u00ee de li kedkar\u00ea mezin R\u00eaber\u00ea gelan R\u00eaber APO, fedaiy\u00ean xaka p\u00eeroz, \u015feh\u00eed\u00ean nemir, gel\u00ea Bak\u00fbr-rojhilat\u00ea S\u00fbr\u00ee \u00fb tevah\u00ee gel\u00ean c\u00eehan\u00ea p\u00eeroz dikin. Em di \u015fexs\u00ea \u015eeh\u00eed J\u00eenda, Roksen, Xebat, Ar\u00een, R\u00eavana, Gelhat, Av\u00easta \u00fb Karkeran de hem\u00fb \u015feh\u00eed\u00ean \u015fore\u015fa gelan bib\u00eert\u00eenin \u00fb soza parastina \u015fore\u015f\u00ea n\u00fb dikin.<\/p>\n<p>Di sala 2010\u2019an de li gelek welat\u00ean Ereban li hember\u00ee pergala netew dewlet\u00ea, p\u00eala serhildan\u00ean gel bi p\u00ea\u015fketin. Di ser\u00ee de li Tunus, Misr\u00ea, Libya \u00fb hwd din neraz\u00eeb\u00fbn\u00ean gelan li hember\u00ee desthilatdariya hey\u00ee \u00e7\u00eab\u00fb. Ev p\u00eala serhildanan di sala 2011\u2019an de li S\u00fbriy\u00ea belav b\u00fb. \u015eore\u015fa 19\u2019\u00ea T\u00eermeh\u00ea, di p\u00ea\u015fengtiya gel\u00ea Kurd de bi reng\u00ea jin, bi hi\u015fmend\u00ee, v\u00een, cesaret \u00fb l\u00eager\u00eena gelan, \u00a0heq\u00eeqteta mirov\u00ea azad\u00eexwaz, jina bir\u00e7\u00eey\u00ea azadiy\u00ea afirand. \u015eore\u015fa Rojava bi p\u00ea\u015fengtiya jin\u00ea p\u00ea\u015fket \u00fb di nav sal\u00ean derbas b\u00fby\u00ee de ji bo gel\u00ean teko\u015f\u00eena azadiy\u00ea didin \u00fb hem\u00fb jinan b\u00fb \u00e7avkaniya h\u00eav\u00ee \u00fb baweriya serkeftin\u00ea.<\/p>\n<p>7 sal\u00ean derbas b\u00fby\u00ee ji bo tevah\u00ee gel\u00ea S\u00fbr\u00ee \u00fb bi taybet gel\u00ea Kurd sal\u00ean bi qas\u00ee teko\u015f\u00een \u00fb serkeftin\u00ea b\u00fbn ewqas\u00ee j\u00ee bi \u00ea\u015f\u00ean mezin ve dagirt\u00ee b\u00fb. Me her roj\u00ean van salan de bi sedan r\u00eaheval\u00ean h\u00eaja winda kirin. gel\u00ea me bi fedekar\u00ee \u00fb berd\u00eal\u00ean giranbiha xwed\u00ee li \u015fore\u015f\u00ea derket \u00fb li k\u00ealeka \u015fervan\u00ean xwe di her k\u00ealiya jiyan\u00ea de ked di ber mezin kirina teko\u015f\u00een\u00ea \u00fb parastina nirxan ve da. Di v\u00ea watey\u00ea de \u015fore\u015fa me b\u00fbye \u015fore\u015fa \u00a0gelan, b\u00fbye \u015fore\u015fa \u015feh\u00eedan.<\/p>\n<p>B\u00eaguman ji dest p\u00ea ka \u015fore\u015f\u00ea ve di ser\u00ee de dewleta Tirk, h\u00eaz\u00ean pa\u015fver\u00fb y\u00ean her\u00eam\u00ea, hevkar\u00ean n\u00fbkeran \u00fb gelek h\u00eaz\u00ean din hewl dan bi \u00eari\u015f\u00ean cur bi c\u00fbr h\u00eaza demokrat\u00eek ya gelan ji hol\u00ea rabikin. Bi dest\u00ea gelek kom\u00ean \u00e7ete plan\u00ean xwey\u00ee tinekirin\u00ea xistin meriyet\u00ea. \u00c7etey\u00ean DAI\u015e\u2019\u00ea yek h\u00eaza talanker ya her\u00ee mezin b\u00fb. Bi dest\u00ea \u00c7etey\u00ean DAI\u015e\u2019\u00ea bi hezaran mirov, bi r\u00eabaz\u00ean her\u00ee hovane hatin qetilkirin. Cih \u00fb war\u00ean d\u00eerok\u00ee, nirx\u00ean civak\u00ee bi dest\u00ea van \u00e7eteyan hatin r\u00fbxandin \u00fb ji hol\u00ea hatin rakirin. Ev h\u00ears \u00fb k\u00eena h\u00eaz\u00ean desthiladar ya li hember\u00ee v\u00eena gelan \u00eefade dikir.T\u00eakbirina \u00e7etey\u00ean DAI\u015e\u2019\u00ea serkeftina her\u00ee mezin ya gelan \u00fb \u015fervan\u00ean azadiy\u00ea b\u00fb. Gel\u00ean li S\u00fbr\u00ee, Kurd, Ereb, S\u00fbryan, keldan \u00fb tirkmen li ser hi\u015fmendiya jiyana hevbe\u015f \u00fb yek\u00eetiya gelan di mezinkirina \u015fore\u015f\u00ea de kedeke mezin dan. Ev yek\u00eetiya gelan di roja \u00eero de di yekpareb\u00fbna S\u00fbriya demokrat\u00eek de dikare rista sereke biley\u00eeze.<\/p>\n<p>Me weke yek\u00eeney\u00ean parastina jin YPJ\u2019\u00ea, ji bo \u015fore\u015fa 19\u2019\u00ea T\u00eermeh\u00ea were mezinkirin \u00fb parastin soz da gel\u00ea xwe em li hember\u00ee her \u00eari\u015f\u00ean p\u00ea\u015fbikevin bi rola parastin\u00ea rabin. P\u00eakan\u00eena v\u00ea erka d\u00eerok\u00ee ji bo me her tim b\u00fb cih\u00ea r\u00fbmet\u00ea. \u00a0Em dizanin di roja \u00eero de j\u00ee h\u00eena gelek xeter\u00ee li ser \u015fora\u015f\u00ea hene. Em ji bo di sala 8. Ya \u015fore\u015f\u00ea de xwed\u00ee li erk \u00fb berpirsyariy\u00ean xwe y\u00ean d\u00eerok\u00ee derbikevin keda ji me t\u00ea xwestin em \u00ea p\u00eakb\u00eenin. Ji bo em xwed\u00ee li keda r\u00eaheval\u00ean xwey\u00ee \u015feh\u00eed derkevin, em \u00ea teko\u015f\u00eena xwe mezin bikin, ta ku em \u015fert \u00fb merc\u00ean avakirina pergala netewa demokrat\u00eek misoger bikin. Em careke din soza xwe ya parastina \u015fore\u015f\u00ea \u00fb biryardariya me\u015fa di r\u00eaya \u015feh\u00eedan de n\u00fb dikin.<\/p>\n<p>Li ser v\u00ea bingeh\u00ea em careke din \u015fore\u015fa 19\u2019\u00ea T\u00eermeh\u00ea, li \u015feh\u00eed\u00ean xwe, malbat\u00ean \u015feh\u00eedan, gel\u00ea mey\u00ee her \u00e7arper\u00e7an, tevah\u00ee gel\u00ean Bak\u00fbr-Rojhilat\u00ea S\u00fbr\u00ee, gel\u00ean rojhilata nav\u00een \u00fb c\u00eehan\u00ea p\u00eeroz dikin.<\/p>\n<p><strong>Fermandariya Gi\u015ft\u00ee ya YPJ<\/strong><\/p>\n<p><strong>19 T\u00eermeh 2019<\/strong><\/p>\n<p>&nbsp;<\/p>\n<p>&nbsp;<\/p>\n","protected":false},"excerpt":{"rendered":"<p>Ji gel\u00ea me \u00fb raya gi\u015ft\u00ee re Em salvegera 7. Ya \u015eore\u015fa 19\u2019\u00ea T\u00eermeh\u00ea, di ser\u00ee de li kedkar\u00ea mezin R\u00eaber\u00ea gelan R\u00eaber APO, fedaiy\u00ean xaka p\u00eeroz, \u015feh\u00eed\u00ean nemir, gel\u00ea Bak\u00fbr-rojhilat\u00ea S\u00fbr\u00ee \u00fb tevah\u00ee gel\u00ean c\u00eehan\u00ea p\u00eeroz dikin. Em di \u015fexs\u00ea \u015eeh\u00eed J\u00eenda, Roksen, Xebat, Ar\u00een, R\u00eavana, Gelhat, Av\u00easta \u00fb Karkeran de hem\u00fb \u015feh\u00eed\u00ean \u015fore\u015fa [&hellip;]<\/p>\n","protected":false},"author":1,"featured_media":14123,"comment_status":"closed","ping_status":"closed","sticky":false,"template":"","format":"standard","meta":{"footnotes":""},"categories":[39],"tags":[],"class_list":{"0":"post-8914","1":"post","2":"type-post","3":"status-publish","4":"format-standard","5":"has-post-thumbnail","7":"category-daxuyani"},"_links":{"self":[{"href":"https:\/\/ypjrojava.net\/index.php?rest_route=\/wp\/v2\/posts\/8914","targetHints":{"allow":["GET"]}}],"collection":[{"href":"https:\/\/ypjrojava.net\/index.php?rest_route=\/wp\/v2\/posts"}],"about":[{"href":"https:\/\/ypjrojava.net\/index.php?rest_route=\/wp\/v2\/types\/post"}],"author":[{"embeddable":true,"href":"https:\/\/ypjrojava.net\/index.php?rest_route=\/wp\/v2\/users\/1"}],"replies":[{"embeddable":true,"href":"https:\/\/ypjrojava.net\/index.php?rest_route=%2Fwp%2Fv2%2Fcomments&post=8914"}],"version-history":[{"count":1,"href":"https:\/\/ypjrojava.net\/index.php?rest_route=\/wp\/v2\/posts\/8914\/revisions"}],"predecessor-version":[{"id":8916,"href":"https:\/\/ypjrojava.net\/index.php?rest_route=\/wp\/v2\/posts\/8914\/revisions\/8916"}],"wp:featuredmedia":[{"embeddable":true,"href":"https:\/\/ypjrojava.net\/index.php?rest_route=\/wp\/v2\/media\/14123"}],"wp:attachment":[{"href":"https:\/\/ypjrojava.net\/index.php?rest_route=%2Fwp%2Fv2%2Fmedia&parent=8914"}],"wp:term":[{"taxonomy":"category","embeddable":true,"href":"https:\/\/ypjrojava.net\/index.php?rest_route=%2Fwp%2Fv2%2Fcategories&post=8914"},{"taxonomy":"post_tag","embeddable":true,"href":"https:\/\/ypjrojava.net\/index.php?rest_route=%2Fwp%2Fv2%2Ftags&post=8914"}],"curies":[{"name":"wp","href":"https:\/\/api.w.org\/{rel}","templated":true}]}}