{"id":8941,"date":"2019-07-24T13:00:08","date_gmt":"2019-07-24T13:00:08","guid":{"rendered":"https:\/\/ypjrojava.net\/?p=8941"},"modified":"2022-06-21T15:32:09","modified_gmt":"2022-06-21T15:32:09","slug":"ypj-hevre-zeryan-bi-rihe-netewi-bere-xwe-da-sorese","status":"publish","type":"post","link":"https:\/\/ypjrojava.net\/?p=8941","title":{"rendered":"YPJ: Hevr\u00ea Zeryan Bi Rih\u00ea Netew\u00ee Ber\u00ea Xwe Da \u015eore\u015f\u00ea"},"content":{"rendered":"<p>&nbsp;<\/p>\n<p>Em di \u015fexs\u00ea r\u00eahevala xwe ya t\u00eako\u015fer, dilpak, \u015fopdara Dest\u00eena \u00fb Diyar Xer\u00eeb\u2019an, Zeryan \u015e\u00fban\u00ee de tevah\u00ee \u015feh\u00eed\u00ean her \u00e7ar per\u00e7ey\u00ean welat bi r\u00eazdar\u00ee bi b\u00eert\u00eenin. Ji malbata hevr\u00ea Zeryan re sersax\u00ee dixwazin \u00fb em soza xwe ya misogerkirina welat\u00ea azad \u00fb bi cih an\u00eena h\u00eaviy\u00ean \u015feh\u00eedan n\u00fb dikin.<\/p>\n<p>Em weke gel\u00ea Kurd \u00fb gel\u00ea her\u00eama Rojhilata nav\u00een di nav demeke awarte da derbas dibin. Ev p\u00eavajo ji me teko\u015f\u00eeneke bilind \u00fb xebateke pir al\u00ee dixwaze. Em weke \u015fore\u015fger\u00ean gel\u00ea xwe dixwazin ji v\u00ea dema d\u00eerok\u00ee re bibin bersiv. \u015eert \u00fb merc\u00ean ku teko\u015f\u00eena gel\u00ea me xwe gihandiye v\u00ea sekn \u00fb biryardariy\u00ea ji me dixwaze. R\u00eahevala me Zeryan di v\u00ea zaneb\u00fbn\u00ea de b\u00fb, ji ber w\u00ea j\u00ee bi temen\u00ea xwe y\u00ea ciwan ber\u00ea xwe da nava ref\u00ean \u015fore\u015f\u00ea. R\u00eaheval Zeryan salek b\u00fb, di nav ref\u00ean me de cih\u00ea xwe digirt, weke ke\u00e7eke Kurd ya ji Ba\u015f\u00fbr\u00ea Kurdistan\u00ea, ji bo azadiya xwe \u00fb azadiya gel\u00ea xwe bi hest\u00ean netew\u00ee tevl\u00ee nava ref\u00ean \u015fore\u015f\u00ea b\u00fb. Tev\u00ee ku li mal\u00ea ke\u00e7eke bi ten\u00ea ye, l\u00ea ev\u00eena welat\u00ea xwe ji bo xwe dike derman\u00ea ten\u00eatiya xwe. R\u00eaya xw ya jiyan\u00ea bi teko\u015f\u00eena azadiy\u00ea re x\u00eaz dike \u00fb ji bo ciwan\u00ean Ba\u015f\u00fbr\u00ea Kurdistan\u00ea dibe m\u00eenaka jiyan \u00fb teko\u015f\u00eena rast. Ji bo w\u00ea \u00fb bi taybet\u00ee di v\u00ea dem\u00ea de sekna ciwan\u00ean Ba\u015f\u00fbr\u00ea Kurdistan\u00ea ya li hember\u00ee dagirkeriy\u00ea sekneke bi r\u00fbmet \u00fb ni\u015ft\u00eemaniye. Heval Zeryan j\u00ee, ji bo ku ji daxwaz\u00ean gel\u00ea xwe re bibe bersiv, bi rih\u00ea berpirsyariya dem\u00ea tevgeriya \u00fb li ser \u015fopa Viyan, Dest\u00eena \u00fb Helmet\u2019an b\u00fb par\u00e7eyek ji teko\u015f\u00eena gel\u00ea xwe re.<\/p>\n<p>B\u00eaguman \u015fehadeta r\u00eaheval Zeryan, ji bo me cih\u00ea xemg\u00eeniy\u00ea ye. Heval Zeryan, di nav saleke xwe ya teko\u015f\u00een\u00ea de tevl\u00eeb\u00fbneke bi berpirsyar, fedekar, dilnizm di nav r\u00eaheval\u00ean xwe de da n\u00ee\u015fandan. Hevala me di d\u00eeroka 15. 07. 2019\u2019an de dema di\u00e7\u00fb ser kar\u00ea xwe, di encama qezayek\u00ea de tevl\u00ea nava karwan\u00ean \u015feh\u00eedan b\u00fb.<\/p>\n<p>Em careke din xemg\u00eeniya malbata r\u00eahevala xwe zeryan parve dikin \u00fb sersaxiy\u00ea ji hem\u00fb malbat\u00ean \u015feh\u00eedan re dixwazin. Her wiha em di \u015fexs\u00ea \u015feh\u00eed Zeryan de hem\u00fb \u015feh\u00eed\u00ean \u015fore\u015f\u00ea bi b\u00eert\u00eenin. Soz \u00fb minetdariya xwe li hember \u015feh\u00eedan n\u00fb dikin.<\/p>\n<p>Nasnameya r\u00eahevala me ya \u015feh\u00eed wiha ye<\/p>\n<p><img loading=\"lazy\" decoding=\"async\" class=\"alignnone size-medium wp-image-14121\" src=\"https:\/\/ypjrojava.net\/wp-content\/uploads\/2019\/07\/ZERYAN-CUDI-ROJNA-SUANI-2-215x300.jpg\" alt=\"\" width=\"215\" height=\"300\" srcset=\"https:\/\/ypjrojava.net\/wp-content\/uploads\/2019\/07\/ZERYAN-CUDI-ROJNA-SUANI-2-215x300.jpg 215w, https:\/\/ypjrojava.net\/wp-content\/uploads\/2019\/07\/ZERYAN-CUDI-ROJNA-SUANI-2-733x1024.jpg 733w, https:\/\/ypjrojava.net\/wp-content\/uploads\/2019\/07\/ZERYAN-CUDI-ROJNA-SUANI-2.jpg 751w\" sizes=\"auto, (max-width: 215px) 100vw, 215px\" \/><\/p>\n<p><strong>Nasnav<\/strong>: ZERYAN C\u00dbD\u00ce<\/p>\n<p><strong>Nav \u00fb Pa\u015fnav<\/strong>: ROJNA \u015eUAN\u0130<\/p>\n<p><strong>Nav\u00ea Dayik\u00ea<\/strong>: SEM\u0130A<\/p>\n<p><strong>Nav\u00ea Bav<\/strong>:\u00a0 SERDAR<\/p>\n<p><strong>Cih\u00ea Ji Dayikb\u00fbn\u00ea<\/strong>: HEWLER<\/p>\n<p><strong>Cih \u00fb D\u00eeroka Tevl\u00eab\u00fbn\u00ea<\/strong>\/01.10.2018<\/p>\n<p><strong>Cih \u00fb D\u00eeroka \u015eehadet\u00ea<\/strong>: T\u0130L TEM\u0130R \/ 15.7. 2019<\/p>\n<p>&nbsp;<\/p>\n<p><strong>Fermandariya gi\u015ft\u00ee ya YPJ\u2019\u00ea<\/strong><\/p>\n<p><strong>24 T\u00eermeh 2019<\/strong><\/p>\n<h4><\/h4>\n<p>&nbsp;<\/p>\n<p>&nbsp;<\/p>\n","protected":false},"excerpt":{"rendered":"<p>&nbsp; Em di \u015fexs\u00ea r\u00eahevala xwe ya t\u00eako\u015fer, dilpak, \u015fopdara Dest\u00eena \u00fb Diyar Xer\u00eeb\u2019an, Zeryan \u015e\u00fban\u00ee de tevah\u00ee \u015feh\u00eed\u00ean her \u00e7ar per\u00e7ey\u00ean welat bi r\u00eazdar\u00ee bi b\u00eert\u00eenin. Ji malbata hevr\u00ea Zeryan re sersax\u00ee dixwazin \u00fb em soza xwe ya misogerkirina welat\u00ea azad \u00fb bi cih an\u00eena h\u00eaviy\u00ean \u015feh\u00eedan n\u00fb dikin. Em weke gel\u00ea Kurd \u00fb [&hellip;]<\/p>\n","protected":false},"author":1,"featured_media":14120,"comment_status":"closed","ping_status":"closed","sticky":false,"template":"","format":"standard","meta":{"footnotes":""},"categories":[39],"tags":[],"class_list":{"0":"post-8941","1":"post","2":"type-post","3":"status-publish","4":"format-standard","5":"has-post-thumbnail","7":"category-daxuyani"},"_links":{"self":[{"href":"https:\/\/ypjrojava.net\/index.php?rest_route=\/wp\/v2\/posts\/8941","targetHints":{"allow":["GET"]}}],"collection":[{"href":"https:\/\/ypjrojava.net\/index.php?rest_route=\/wp\/v2\/posts"}],"about":[{"href":"https:\/\/ypjrojava.net\/index.php?rest_route=\/wp\/v2\/types\/post"}],"author":[{"embeddable":true,"href":"https:\/\/ypjrojava.net\/index.php?rest_route=\/wp\/v2\/users\/1"}],"replies":[{"embeddable":true,"href":"https:\/\/ypjrojava.net\/index.php?rest_route=%2Fwp%2Fv2%2Fcomments&post=8941"}],"version-history":[{"count":7,"href":"https:\/\/ypjrojava.net\/index.php?rest_route=\/wp\/v2\/posts\/8941\/revisions"}],"predecessor-version":[{"id":14122,"href":"https:\/\/ypjrojava.net\/index.php?rest_route=\/wp\/v2\/posts\/8941\/revisions\/14122"}],"wp:featuredmedia":[{"embeddable":true,"href":"https:\/\/ypjrojava.net\/index.php?rest_route=\/wp\/v2\/media\/14120"}],"wp:attachment":[{"href":"https:\/\/ypjrojava.net\/index.php?rest_route=%2Fwp%2Fv2%2Fmedia&parent=8941"}],"wp:term":[{"taxonomy":"category","embeddable":true,"href":"https:\/\/ypjrojava.net\/index.php?rest_route=%2Fwp%2Fv2%2Fcategories&post=8941"},{"taxonomy":"post_tag","embeddable":true,"href":"https:\/\/ypjrojava.net\/index.php?rest_route=%2Fwp%2Fv2%2Ftags&post=8941"}],"curies":[{"name":"wp","href":"https:\/\/api.w.org\/{rel}","templated":true}]}}