{"id":8973,"date":"2019-08-04T06:41:49","date_gmt":"2019-08-04T06:41:49","guid":{"rendered":"https:\/\/ypjrojava.net\/?p=8973"},"modified":"2022-08-07T08:00:35","modified_gmt":"2022-08-07T08:00:35","slug":"akademiya-sehid-berivan-dewreyek-servane-nu-vekir-2","status":"publish","type":"post","link":"https:\/\/ypjrojava.net\/?p=8973","title":{"rendered":"Akadem\u0131ya \u015eeh\u00eed B\u00ear\u00eevan Dewreyek \u015eervan\u00ea N\u00fb Vek\u0131r"},"content":{"rendered":"<p>&nbsp;<\/p>\n<p>Akademiya \u015feh\u00eed B\u00ear\u00eevan ya \u015fervan\u00ea n\u00fb dewreyek bi nav\u00ea \u015feh\u00eed R\u00fbqeya Erep \u00fb \u015feh\u00eed Jiyan Ser\u00ea Kaniy\u00ea ku ji p\u00eakhatiya Erep \u00fb Kurd p\u00eak t\u00ea hat vekirin.<\/p>\n<p>Li kantona Hesek\u00ea bi dehan \u015fervan\u00ean YPJ\u2019\u00ea, y\u00ean ji her\u00eam\u00ean c\u00fbda be\u015fdar\u00ee nava ref\u00ean bune, Perwerdeya wan ya 45 rojan dewam dike desp\u00ea kir. Vekirina dewrey\u00ea bi meras\u00eemek\u00ee le\u015fker\u00ee desp\u00ea kir.<\/p>\n<p>Di meras\u00eem\u00ea de fermandara YPJ\u2019\u00ea R\u00fbken Efr\u00een, axiv\u00ee \u00fb wiha got; \u00a0\u201cEm dest p\u00ea k\u00ea dewreya \u015feh\u00eed R\u00fbqeya Erep \u00fb \u015feh\u00eed Jiyan Ser\u00ea Kaniy\u00ea di ser\u00ee de li R\u00eaber APO, \u015eeh\u00eed\u00ean azadiy\u00ea p\u00eeroz dikin. Li ser v\u00ee esas\u00ee dewreya ku bi p\u00eakhateya Erep \u00fb Kurd em bawerin heval w\u00ea tevl\u00eeb\u00fbnek xurt bidin \u00e7\u00eakirin. B\u00ea guman di p\u00eavajoya ku dewleta tirk gef\u00ean \u00ear\u00ee\u015f\u00ea li ser welat\u00ea me \u00fb destkeftiy\u00ean gel\u00ea me \u00fb \u015feh\u00eed\u00ean me dixwe. Hun di demek\u00ee wiha awerte de perwerdeya xwe dib\u00eenin.\u00a0 Tev\u00eeb\u00fbna we ya nav ref\u00ean YPJ\u2019\u00ea di demek wiha de pir gir\u00eenge. Ev bers\u00eeva gefxwarin\u00ean li ser nirx\u00ean me ye. Em bawerin h\u00fbn\u00ea bi v\u00ea zaneb\u00fbn\u00ea perwerdeya xwe bib\u00eenin \u00fb xwe ji prat\u00eek\u00ea re amade bikin. Di ser\u00ee de hun weke ke\u00e7\u00ean ciwan \u00fb tevah\u00ee ciwan\u00ean me p\u00eaw\u00eeste xwe di ber parastina welat\u00ea xwe de xwe berpirsyar bib\u00eenin.\u201d<\/p>\n<p>Fermandara YPJ\u00b4\u00ea R\u00fbken Efr\u00een di daw\u00ee de got di v\u00ea dema d\u00eerok\u00ee de p\u00eaw\u00eeste ciwan bere xwe bidin nav ref\u00ean YPJ-QSD\u2019\u00ea\u00a0 \u00fb wiha axaftina xwe bi daw\u00ee kir; \u201cEm bang dikin ciwan\u00ean me y\u00ean ji p\u00eakhateya Erep \u00fb Kurd her yek ji wan ser\u00ee hilde \u00fb parastina welat\u00ea xwe bike. Parastina \u015fore\u015fa ku bi xw\u00eena hezaran \u015feh\u00eedan hatiye ava kirin bipar\u00eazin. Ev erkek\u00ee wijdan\u00ee, welatpar\u00eaz\u00ee ye. Li ser v\u00ee esas\u00ee gerek h\u00een z\u00eadetir li hember\u00ee v\u00ea dagirkeriy\u00ea derbikevin \u00fb tevl\u00eeb\u00fbnek xurt di nava \u015fore\u015f\u00ea de bidin \u00e7\u00eakirin.\u201d<\/p>\n<p>Pi\u015ft\u00ee meras\u00eema le\u015fkeri bi daw\u00ee b\u00fb \u015fervanan sond xwarin \u00fb bi gerandina govend\u00ea bi daw\u00ee kirin.<\/p>\n<p>&nbsp;<\/p>\n<p>Navenda Ragihandina YPJ<\/p>\n<p>&nbsp;<\/p>\n","protected":false},"excerpt":{"rendered":"<p>&nbsp; Akademiya \u015feh\u00eed B\u00ear\u00eevan ya \u015fervan\u00ea n\u00fb dewreyek bi nav\u00ea \u015feh\u00eed R\u00fbqeya Erep \u00fb \u015feh\u00eed Jiyan Ser\u00ea Kaniy\u00ea ku ji p\u00eakhatiya Erep \u00fb Kurd p\u00eak t\u00ea hat vekirin. Li kantona Hesek\u00ea bi dehan \u015fervan\u00ean YPJ\u2019\u00ea, y\u00ean ji her\u00eam\u00ean c\u00fbda be\u015fdar\u00ee nava ref\u00ean bune, Perwerdeya wan ya 45 rojan dewam dike desp\u00ea kir. Vekirina dewrey\u00ea bi [&hellip;]<\/p>\n","protected":false},"author":1,"featured_media":15432,"comment_status":"closed","ping_status":"closed","sticky":false,"template":"","format":"standard","meta":{"footnotes":""},"categories":[38],"tags":[],"class_list":{"0":"post-8973","1":"post","2":"type-post","3":"status-publish","4":"format-standard","5":"has-post-thumbnail","7":"category-nuce"},"_links":{"self":[{"href":"https:\/\/ypjrojava.net\/index.php?rest_route=\/wp\/v2\/posts\/8973","targetHints":{"allow":["GET"]}}],"collection":[{"href":"https:\/\/ypjrojava.net\/index.php?rest_route=\/wp\/v2\/posts"}],"about":[{"href":"https:\/\/ypjrojava.net\/index.php?rest_route=\/wp\/v2\/types\/post"}],"author":[{"embeddable":true,"href":"https:\/\/ypjrojava.net\/index.php?rest_route=\/wp\/v2\/users\/1"}],"replies":[{"embeddable":true,"href":"https:\/\/ypjrojava.net\/index.php?rest_route=%2Fwp%2Fv2%2Fcomments&post=8973"}],"version-history":[{"count":4,"href":"https:\/\/ypjrojava.net\/index.php?rest_route=\/wp\/v2\/posts\/8973\/revisions"}],"predecessor-version":[{"id":9001,"href":"https:\/\/ypjrojava.net\/index.php?rest_route=\/wp\/v2\/posts\/8973\/revisions\/9001"}],"wp:featuredmedia":[{"embeddable":true,"href":"https:\/\/ypjrojava.net\/index.php?rest_route=\/wp\/v2\/media\/15432"}],"wp:attachment":[{"href":"https:\/\/ypjrojava.net\/index.php?rest_route=%2Fwp%2Fv2%2Fmedia&parent=8973"}],"wp:term":[{"taxonomy":"category","embeddable":true,"href":"https:\/\/ypjrojava.net\/index.php?rest_route=%2Fwp%2Fv2%2Fcategories&post=8973"},{"taxonomy":"post_tag","embeddable":true,"href":"https:\/\/ypjrojava.net\/index.php?rest_route=%2Fwp%2Fv2%2Ftags&post=8973"}],"curies":[{"name":"wp","href":"https:\/\/api.w.org\/{rel}","templated":true}]}}