{"id":8982,"date":"2019-08-06T10:15:46","date_gmt":"2019-08-06T10:15:46","guid":{"rendered":"https:\/\/ypjrojava.net\/?p=8982"},"modified":"2022-07-22T06:00:44","modified_gmt":"2022-07-22T06:00:44","slug":"dewreya-sehid-zozan-ya-operesyone-bi-dawi-bu","status":"publish","type":"post","link":"https:\/\/ypjrojava.net\/?p=8982","title":{"rendered":"Dewreya \u015eeh\u00eed Zozan Ya Operesyon\u00ea Bi Daw\u00ee B\u00fb"},"content":{"rendered":"<p>Du yek\u00eeney\u00ean parastina jin\u00ea YPJ\u2019\u00ea, li akademiya \u015feh\u00eed \u015eev\u00een dewreya bi nav\u00ea \u015feh\u00eed Zozan ya le\u015fker\u00ee bi meras\u00eemeke bi daw\u00ee kirin.<\/p>\n<p>Li her\u00eama Firat\u00ea du yek\u00eeney\u00ean YPJ\u2019\u00ea, li akademiya \u015feh\u00eed \u015eev\u00een, dewreya \u015feh\u00eed Zozan perwerdeya xwe ya operesyon\u00ea bi meras\u00eemek le\u015fkeri bi daw\u00ee kirin. Ji fermandar\u00ean YPJ\u2019\u00ea, Newroz Ehmed, Rojda Efr\u00een \u00fb T\u00eejda heval be\u015fdar b\u00fbn. Fermandara gi\u015ft\u00ee ya YPJ-QSD\u2019\u00ea Newroz Ehmed, x\u00eetab\u00ee \u015fervanan kir \u00fb wiha got; \u201c Em di ser\u00ee de perwerdeya we ya ku bi serkeft\u00ee derbas b\u00fb, li \u015feh\u00eed\u00ean me \u00fb li we p\u00eeroz dikin. Em di \u015fexs\u00ea \u015feh\u00eed \u015eev\u00een \u00fb \u015feh\u00eed Zozan de tevah\u00ee \u015feh\u00eed\u00ean xwe b\u00eert\u00eenin. Em pi\u015ft\u00ee p\u00eangava qedandina DAI\u015e\u2019\u00ea ketin p\u00eavajoyeke n\u00fb y\u00ea teko\u015f\u00een\u00ea. Hem weke her\u00eam \u00fb hem j\u00ee di war\u00ea le\u015fker\u00ee de em demeke n\u00fb dij\u00een.\u201d<\/p>\n<p>Fermandara YPJ\u2019\u00ea Newroz, bal ki\u015fand li ser gefxwarin\u00ean daw\u00ee y\u00ean dewleta Tirk li ser her\u00eam\u00ean wan \u00fb wiha got; \u201c\u015e\u00eawaz\u00ea \u015fer\u00ea me \u00ead\u00ee weke ber\u00ea n\u00eene. \u00cad\u00ee dijmin\u00ea me ten\u00ea \u00e7etey\u00ean DAI\u015e\u2019\u00ea n\u00eene. Ji bo w\u00ea bi taybet em weke yek\u00eeney\u00ean parastina jin YPJ\u2019\u00ea p\u00eaw\u00eeste xwe di war\u00ea birdoz\u00ee \u00fb le\u015fker\u00ee de perwerde bikin. Ev akademiya hun t\u00eade derbas dibin xwed\u00ee gir\u00eengiyek mezine. Li ser text\u00eek, \u015f\u00eawaz \u00fb tekn\u00eeka n\u00fb k\u00fbrb\u00fbnek ji me t\u00ea xwestin. Em w\u00ea baweriy\u00ea da ne ev perwerde we bibe bingeha avakirina v\u00ea k\u00fbrb\u00fbn\u00ea. Li ser bingeha biryar\u00ean me di konferansa YPG-YPJ\u2019\u00ea de girtine em \u00ea xwe bigh\u00eenin ger\u00eelatiya n\u00fbjen ya \u00e7ol\u00ea. Em niha xwe ji demeke n\u00fb re amade dikin, hun j\u00ee bi v\u00ea zaneb\u00fbn\u00ea pi\u015ft\u00ee perwerdey\u00ea bi\u00e7in ser erken xwe.\u201d<\/p>\n<p>Pi\u015ft\u00ee merasim bi daw\u00ee b\u00fb, \u015fervanan sond xwarin \u00fb d\u00eeplomey\u00ean xwe wergirtin. \u015eervanan girtina dewreya xwe bi \u015fahiya ku amade kirib\u00fbn bi daw\u00ee kirin.<\/p>\n<p>&nbsp;<\/p>\n<p><strong>Navenda Ragihandina YPJ&#8217;\u00ea<\/strong><\/p>\n<p><iframe loading=\"lazy\" title=\"Dewreya \u015eeh\u00eed Zozan Ya Operesyon\u00ea Bi Daw\u00ee B\u00fb\" width=\"696\" height=\"392\" src=\"https:\/\/www.youtube.com\/embed\/aqAUB9Z3ZGw?feature=oembed\" frameborder=\"0\" allow=\"accelerometer; autoplay; clipboard-write; encrypted-media; gyroscope; picture-in-picture; web-share\" referrerpolicy=\"strict-origin-when-cross-origin\" allowfullscreen><\/iframe><\/p>\n<p>&nbsp;<\/p>\n","protected":false},"excerpt":{"rendered":"<p>Du yek\u00eeney\u00ean parastina jin\u00ea YPJ\u2019\u00ea, li akademiya \u015feh\u00eed \u015eev\u00een dewreya bi nav\u00ea \u015feh\u00eed Zozan ya le\u015fker\u00ee bi meras\u00eemeke bi daw\u00ee kirin. Li her\u00eama Firat\u00ea du yek\u00eeney\u00ean YPJ\u2019\u00ea, li akademiya \u015feh\u00eed \u015eev\u00een, dewreya \u015feh\u00eed Zozan perwerdeya xwe ya operesyon\u00ea bi meras\u00eemek le\u015fkeri bi daw\u00ee kirin. Ji fermandar\u00ean YPJ\u2019\u00ea, Newroz Ehmed, Rojda Efr\u00een \u00fb T\u00eejda heval be\u015fdar [&hellip;]<\/p>\n","protected":false},"author":1,"featured_media":14884,"comment_status":"closed","ping_status":"closed","sticky":false,"template":"","format":"standard","meta":{"footnotes":""},"categories":[38],"tags":[],"class_list":{"0":"post-8982","1":"post","2":"type-post","3":"status-publish","4":"format-standard","5":"has-post-thumbnail","7":"category-nuce"},"_links":{"self":[{"href":"https:\/\/ypjrojava.net\/index.php?rest_route=\/wp\/v2\/posts\/8982","targetHints":{"allow":["GET"]}}],"collection":[{"href":"https:\/\/ypjrojava.net\/index.php?rest_route=\/wp\/v2\/posts"}],"about":[{"href":"https:\/\/ypjrojava.net\/index.php?rest_route=\/wp\/v2\/types\/post"}],"author":[{"embeddable":true,"href":"https:\/\/ypjrojava.net\/index.php?rest_route=\/wp\/v2\/users\/1"}],"replies":[{"embeddable":true,"href":"https:\/\/ypjrojava.net\/index.php?rest_route=%2Fwp%2Fv2%2Fcomments&post=8982"}],"version-history":[{"count":2,"href":"https:\/\/ypjrojava.net\/index.php?rest_route=\/wp\/v2\/posts\/8982\/revisions"}],"predecessor-version":[{"id":14885,"href":"https:\/\/ypjrojava.net\/index.php?rest_route=\/wp\/v2\/posts\/8982\/revisions\/14885"}],"wp:featuredmedia":[{"embeddable":true,"href":"https:\/\/ypjrojava.net\/index.php?rest_route=\/wp\/v2\/media\/14884"}],"wp:attachment":[{"href":"https:\/\/ypjrojava.net\/index.php?rest_route=%2Fwp%2Fv2%2Fmedia&parent=8982"}],"wp:term":[{"taxonomy":"category","embeddable":true,"href":"https:\/\/ypjrojava.net\/index.php?rest_route=%2Fwp%2Fv2%2Fcategories&post=8982"},{"taxonomy":"post_tag","embeddable":true,"href":"https:\/\/ypjrojava.net\/index.php?rest_route=%2Fwp%2Fv2%2Ftags&post=8982"}],"curies":[{"name":"wp","href":"https:\/\/api.w.org\/{rel}","templated":true}]}}