{"id":8986,"date":"2019-08-08T12:56:24","date_gmt":"2019-08-08T12:56:24","guid":{"rendered":"https:\/\/ypjrojava.net\/?p=8986"},"modified":"2022-06-21T15:18:01","modified_gmt":"2022-06-21T15:18:01","slug":"ji-gele-me-u-raya-gisti-re-3","status":"publish","type":"post","link":"https:\/\/ypjrojava.net\/?p=8986","title":{"rendered":"Ji Gel\u00ea me \u00fb Raya Gi\u015ft\u00ee re"},"content":{"rendered":"<p>&nbsp;<\/p>\n<p>R\u00eahevala me XED\u00ceCE BEKIR bi nasnav VEJ\u00ceN ZAGROS di d\u00eeroka 5 \u00ea Tebax\u2019a 2019\u2019de\u00a0 dema ku li ser erk \u00fb peywira xwe bu li bajar\u00ea \u015eedad\u00ea di encama qezayek\u00ee de \u015feh\u00eed ket. Di ser\u00ee de em ji malbata r\u00eaheval Vej\u00een \u00fb ji tevah\u00ee gel\u00ea xwe re sersaxiy\u00ea dixwazin. Di kesayeta hevr\u00ea Vej\u00een de em tevah\u00ee \u015feh\u00eed\u00ean \u015fore\u015f\u00ea bi r\u00eazdar\u00ee b\u00eer t\u00eenin \u00fb bejna xwe li beramber\u00ee wan ditew\u00eenin.<\/p>\n<p>Em weke gel\u00ea Kurd di demeke awarte re derbas dibin. Ti\u015fta ji me j\u00ee t\u00ea xwestin li hember erken v\u00ea p\u00eavajoy\u00ea b\u00fby\u00eena bersive. \u00a0Di her k\u00eal\u00ee jiyana xwe de b\u00fby\u00eena xwed\u00ee gav\u00ean mezin m\u00eesoger w\u00ea me bigih\u00eene bersiv\u00ean rast. R\u00eahevala me Vej\u00een Zagros j\u00ee li nav\u00e7eya \u015eiy\u00ea ya gir\u00eaday\u00ee bajar\u00ea Efr\u00een\u00ea ji day\u00eek dibe. Di nava malbateke welatpar\u00eaz de bi zaneb\u00fbna welatpar\u00eaziy\u00ea mezin dibe. Di temen\u00ea xwe y\u00ea ciwan de bersiva l\u00eager\u00een\u00ean xwe di nava ref\u00ean YPJ\u2019\u00ea de dib\u00eene \u00fb be\u015fdar\u00ee nava ref\u00ean me dibe. Ji roja ku di nava ref\u00ean me de \u00fb heta k\u00ealiya ku \u015feh\u00eed b\u00fb j\u00ee, her dem\u00ea b\u00fb xwed\u00ee tevl\u00eeb\u00fbneke xurt. Di tevl\u00eeb\u00fbna xwe de j\u00ee her dem\u00ea bi fedekar\u00ee, co\u015f \u00fb bi morale xwe dihate nas kirin. R\u00eaheval Vej\u00een \u00e7awa ku di jiyana xwe de di nava hevr\u00eay\u00ean xwe de dihat heskirin di heman dem\u00ea de di aliy\u00ea le\u015fker\u00ee de j\u00ee her dem\u00ea xwesteka w\u00ea ya xwe p\u00ea\u015f xistin\u00ea k\u00eam nedib\u00fb. Hevr\u00ea Vej\u00een di tevl\u00eeb\u00fbna xwe ya jiyan\u00ea de her dem\u00ea xwestek\u00ean xwe y\u00ean ji bona rizgar kirina bajar\u00ea Efr\u00een\u00ea dian\u00ee ziman \u00fb li ser van bingehan j\u00ee roj bi roj di her al\u00ee de tevl\u00eeb\u00fbna xwe xurt dikir. Mutewaz\u00eeb\u00fbn \u00fb dilnizmiya heval Vej\u00een dihi\u015ft ku ji aliy\u00ea tevah\u00ee r\u00eaheval\u00ean xwe ve were heskirin \u00fb ti r\u00eaheval\u00eak\u00ee\/e we j\u00ea ne \u00ea\u015fe.<\/p>\n<p>B\u00ea g\u00fbman \u015fehadeta her r\u00eahevaleke me ji bona me dibe cih\u00ea xemg\u00eeniy\u00ea. Em careke din di kesayeta r\u00eaheval Vej\u00een de tevah\u00ee \u015feh\u00eed\u00ean xwe bi r\u00eazdar\u00ee b\u00eer t\u00eenin \u00fb soza bilind kirina t\u00eako\u015f\u00een\u00ea \u00fb p\u00eak an\u00eena xeyal\u00ean \u015feh\u00eedan n\u00fb dikin. Em careke din ji malbata \u015feh\u00eed Vej\u00een re \u00fb tevah\u00ee malbat\u00ean xwe y\u00ean \u015feh\u00eedan re sersaxiy\u00ea dixwazin.<\/p>\n<p>Nasnameya r\u00eahevala me ya \u015feh\u00eed wiha ye;<\/p>\n<p>&nbsp;<\/p>\n<p><img loading=\"lazy\" decoding=\"async\" class=\"alignnone size-medium wp-image-14116\" src=\"https:\/\/ypjrojava.net\/wp-content\/uploads\/2019\/08\/ji-bo-sehid-194x300.jpg\" alt=\"\" width=\"194\" height=\"300\" srcset=\"https:\/\/ypjrojava.net\/wp-content\/uploads\/2019\/08\/ji-bo-sehid-194x300.jpg 194w, https:\/\/ypjrojava.net\/wp-content\/uploads\/2019\/08\/ji-bo-sehid.jpg 420w\" sizes=\"auto, (max-width: 194px) 100vw, 194px\" \/><\/p>\n<p><strong>Nasnav:<\/strong> VEJ\u00ceN ZAGROS<\/p>\n<p><strong>Nav \u00fb Pa\u015fnav:<\/strong> XED\u00ceCE BEKIR<\/p>\n<p><strong>Nav\u00ea Dayik\u00ea:<\/strong> MERYEM<\/p>\n<p><strong>Nav\u00ea Bav:<\/strong> FAYIQ<\/p>\n<p><strong>Cih\u00ea Ji Dayikb\u00fbn\u00ea:<\/strong> EFR\u00ceN<\/p>\n<p><strong>Cih \u00fb D\u00eeroka \u015eehadet\u00ea:<\/strong> \u015eEDAD\u00ca \/ 05. 08. 2019<\/p>\n<p>&nbsp;<\/p>\n<p><strong>Fermandariya Gi\u015ft\u00ee ya YPJ\u2019\u00ea<\/strong><\/p>\n<p><strong>08 Tebax 2019<\/strong><\/p>\n","protected":false},"excerpt":{"rendered":"<p>&nbsp; R\u00eahevala me XED\u00ceCE BEKIR bi nasnav VEJ\u00ceN ZAGROS di d\u00eeroka 5 \u00ea Tebax\u2019a 2019\u2019de\u00a0 dema ku li ser erk \u00fb peywira xwe bu li bajar\u00ea \u015eedad\u00ea di encama qezayek\u00ee de \u015feh\u00eed ket. Di ser\u00ee de em ji malbata r\u00eaheval Vej\u00een \u00fb ji tevah\u00ee gel\u00ea xwe re sersaxiy\u00ea dixwazin. Di kesayeta hevr\u00ea Vej\u00een de em [&hellip;]<\/p>\n","protected":false},"author":1,"featured_media":14115,"comment_status":"closed","ping_status":"closed","sticky":false,"template":"","format":"standard","meta":{"footnotes":""},"categories":[39],"tags":[],"class_list":{"0":"post-8986","1":"post","2":"type-post","3":"status-publish","4":"format-standard","5":"has-post-thumbnail","7":"category-daxuyani"},"_links":{"self":[{"href":"https:\/\/ypjrojava.net\/index.php?rest_route=\/wp\/v2\/posts\/8986","targetHints":{"allow":["GET"]}}],"collection":[{"href":"https:\/\/ypjrojava.net\/index.php?rest_route=\/wp\/v2\/posts"}],"about":[{"href":"https:\/\/ypjrojava.net\/index.php?rest_route=\/wp\/v2\/types\/post"}],"author":[{"embeddable":true,"href":"https:\/\/ypjrojava.net\/index.php?rest_route=\/wp\/v2\/users\/1"}],"replies":[{"embeddable":true,"href":"https:\/\/ypjrojava.net\/index.php?rest_route=%2Fwp%2Fv2%2Fcomments&post=8986"}],"version-history":[{"count":4,"href":"https:\/\/ypjrojava.net\/index.php?rest_route=\/wp\/v2\/posts\/8986\/revisions"}],"predecessor-version":[{"id":14118,"href":"https:\/\/ypjrojava.net\/index.php?rest_route=\/wp\/v2\/posts\/8986\/revisions\/14118"}],"wp:featuredmedia":[{"embeddable":true,"href":"https:\/\/ypjrojava.net\/index.php?rest_route=\/wp\/v2\/media\/14115"}],"wp:attachment":[{"href":"https:\/\/ypjrojava.net\/index.php?rest_route=%2Fwp%2Fv2%2Fmedia&parent=8986"}],"wp:term":[{"taxonomy":"category","embeddable":true,"href":"https:\/\/ypjrojava.net\/index.php?rest_route=%2Fwp%2Fv2%2Fcategories&post=8986"},{"taxonomy":"post_tag","embeddable":true,"href":"https:\/\/ypjrojava.net\/index.php?rest_route=%2Fwp%2Fv2%2Ftags&post=8986"}],"curies":[{"name":"wp","href":"https:\/\/api.w.org\/{rel}","templated":true}]}}