{"id":9002,"date":"2019-08-10T06:41:22","date_gmt":"2019-08-10T06:41:22","guid":{"rendered":"https:\/\/ypjrojava.net\/?p=9002"},"modified":"2022-06-18T18:31:57","modified_gmt":"2022-06-18T18:31:57","slug":"heval","status":"publish","type":"post","link":"https:\/\/ypjrojava.net\/?p=9002","title":{"rendered":"HEVAL"},"content":{"rendered":"<p>Bes e \u00ead\u00ee were heval<\/p>\n<p>Tu j\u00ee were \u00fb bibe r\u00eaheval<\/p>\n<p>Vaye gul \u00fb kul\u00eelk\u00ean bihar\u00ea bi\u015fkiv\u00eene<\/p>\n<p>\u00db bi h\u00eaviya mezin li benda teye heval<\/p>\n<p>Xemla xwe dane welat heval<\/p>\n<p>Reng\u00ean xemilandina wan<\/p>\n<p>M\u00eena ken\u00ea li ser l\u00eav\u00ean tene heval<\/p>\n<p>Bes e \u00ead\u00ee were heval<\/p>\n<p>Vaye \u00e7iyayan s\u00eenga xwe<\/p>\n<p>Vekirine heval<\/p>\n<p>Dib\u00eaje ev\u00eena strana b\u00eawelat\u00ee<\/p>\n<p>B\u00easaz \u00fb ne j\u00ee awaz<\/p>\n<p>Deng\u00ea dil\u00ea xwe kiriye saz \u00fb<\/p>\n<p>Xemla bihar\u00ea kiriye awaz<\/p>\n<p>\u00db distire soza r\u00eaheval Kan\u00ee<\/p>\n<p>Me ev\u00eena xwe mezin kir heval<\/p>\n<p>Neb\u00eaje me ev\u00eena xwe winda kir heval<\/p>\n<p>\u00c7av\u00ean hova bi \u00ee\u015ftahek\u00ee pir mezin dev\u00ea xwe vedikirin \u00fb<\/p>\n<p>Av ji dev\u00ean wan diforiya<\/p>\n<p>Li ser ev\u00eena me ya paqij heval<\/p>\n<p>Min ji dev\u00ean wan revand heval<\/p>\n<p>Min revand \u00e7iyan heval<\/p>\n<p>Ka were li ev\u00eena me bin\u00eare heval<\/p>\n<p>H\u00eena weke dil\u00ea zarokek\u00ee ku<\/p>\n<p>Biheskirin\u00ea ve dagirtiye<\/p>\n<p>Ka were em bibin r\u00eaheval heval<\/p>\n<p>Were em bib\u00eajin helbesta ev\u00eena rast<\/p>\n<p>Ya dib\u00eaje, b\u00ea azad\u00ee nabe ev\u00eendar\u00ee heval<\/p>\n<p>&nbsp;<\/p>\n<p><strong><em>\u015eeh\u00eed Gulbahar Koban\u00ea<\/em><\/strong><\/p>\n<p>&nbsp;<\/p>\n","protected":false},"excerpt":{"rendered":"<p>Bes e \u00ead\u00ee were heval Tu j\u00ee were \u00fb bibe r\u00eaheval Vaye gul \u00fb kul\u00eelk\u00ean bihar\u00ea bi\u015fkiv\u00eene \u00db bi h\u00eaviya mezin li benda teye heval Xemla xwe dane welat heval Reng\u00ean xemilandina wan M\u00eena ken\u00ea li ser l\u00eav\u00ean tene heval Bes e \u00ead\u00ee were heval Vaye \u00e7iyayan s\u00eenga xwe Vekirine heval Dib\u00eaje ev\u00eena strana b\u00eawelat\u00ee [&hellip;]<\/p>\n","protected":false},"author":1,"featured_media":13415,"comment_status":"closed","ping_status":"closed","sticky":false,"template":"","format":"standard","meta":{"footnotes":""},"categories":[60],"tags":[],"class_list":{"0":"post-9002","1":"post","2":"type-post","3":"status-publish","4":"format-standard","5":"has-post-thumbnail","7":"category-helbest"},"_links":{"self":[{"href":"https:\/\/ypjrojava.net\/index.php?rest_route=\/wp\/v2\/posts\/9002","targetHints":{"allow":["GET"]}}],"collection":[{"href":"https:\/\/ypjrojava.net\/index.php?rest_route=\/wp\/v2\/posts"}],"about":[{"href":"https:\/\/ypjrojava.net\/index.php?rest_route=\/wp\/v2\/types\/post"}],"author":[{"embeddable":true,"href":"https:\/\/ypjrojava.net\/index.php?rest_route=\/wp\/v2\/users\/1"}],"replies":[{"embeddable":true,"href":"https:\/\/ypjrojava.net\/index.php?rest_route=%2Fwp%2Fv2%2Fcomments&post=9002"}],"version-history":[{"count":1,"href":"https:\/\/ypjrojava.net\/index.php?rest_route=\/wp\/v2\/posts\/9002\/revisions"}],"predecessor-version":[{"id":9005,"href":"https:\/\/ypjrojava.net\/index.php?rest_route=\/wp\/v2\/posts\/9002\/revisions\/9005"}],"wp:featuredmedia":[{"embeddable":true,"href":"https:\/\/ypjrojava.net\/index.php?rest_route=\/wp\/v2\/media\/13415"}],"wp:attachment":[{"href":"https:\/\/ypjrojava.net\/index.php?rest_route=%2Fwp%2Fv2%2Fmedia&parent=9002"}],"wp:term":[{"taxonomy":"category","embeddable":true,"href":"https:\/\/ypjrojava.net\/index.php?rest_route=%2Fwp%2Fv2%2Fcategories&post=9002"},{"taxonomy":"post_tag","embeddable":true,"href":"https:\/\/ypjrojava.net\/index.php?rest_route=%2Fwp%2Fv2%2Ftags&post=9002"}],"curies":[{"name":"wp","href":"https:\/\/api.w.org\/{rel}","templated":true}]}}