{"id":9013,"date":"2019-08-14T06:53:33","date_gmt":"2019-08-14T06:53:33","guid":{"rendered":"https:\/\/ypjrojava.net\/?p=9013"},"modified":"2022-06-28T04:58:59","modified_gmt":"2022-06-28T04:58:59","slug":"minbic-bi-keda-sehidan-u-yekitiya-gele-kurd-u-ereb-hate-rizgakirin","status":"publish","type":"post","link":"https:\/\/ypjrojava.net\/?p=9013","title":{"rendered":"Minbic, bi keda \u015feh\u00eedan \u00fb yek\u00eetiya gel\u00ea Kurd \u00fb Ereb hate rizgakirin"},"content":{"rendered":"<p><strong>Ji gel\u00ea me \u00fb raya gi\u015ft\u00ee re <\/strong><\/p>\n<p>Bajar\u00ea minbic\u00ea, ku b\u00fb yek ji bajar\u00ean lehengan \u00fb h\u00eal\u00eena berxwed\u00earan bi keda sedan \u015feh\u00eedan hate rizgarkirin. Di \u015fexs\u00ea \u015feh\u00eed Beng\u00een M\u00fb\u015f, Dijle, Arj\u00een, Ko\u00e7er\u00een, Botan Tirmen \u00fb Eb\u00fb Leyla de em tevah\u00ee hevr\u00eay\u00ean di p\u00eangava d\u00eerok\u00ee ya rizgarkirina minbic\u00ea de gih\u00ee\u015ftin \u015fehadet\u00ea \u00fb hem\u00fb \u015feh\u00eed\u00ean azadiy\u00ea Soza tolhildana \u015feh\u00eedan \u00fb p\u00eakan\u00eena armanc\u00ean wan n\u00fb dikin.<\/p>\n<p>Bajar\u00ea Minbic\u00ea, yek ji bajar\u00ean her\u00ee kevnar e \u00fb xwed\u00ee cihek\u00ee stratej\u00eeke. Gelek netew, reng \u00fb \u00e7and\u00ean gelan di v\u00ea bajar\u00ee de dijiyan. \u00c7etey\u00ean DAI\u015e\u2019\u00ea, bi dagirkirina Bajar\u00ean weke Reqa, Tepqa, D\u00earezor, \u015eedad\u00ea, \u015eengal\u00ea, Musul \u00fb hwd bajar\u00ea Minbic\u00ea j\u00ee dagir kirin. \u00c7etey\u00ean DAI\u015e\u2019\u00ea bi dagirkirin\u00ea ve s\u00eenordar nema, ku\u015ftin, talan, revandina mirovan, xirakirina cih\u00ean d\u00eerok\u00ee \u00fb dijminahiya jinan di v\u00ea bajar\u00ea d\u00eerok\u00ee de ji xwe re kirin armanc. Pi\u015ft\u00ee \u015fervan\u00ean me di Koban\u00ea de berxwedaneke d\u00eerok\u00ee, li hember\u00ee \u00e7eteyan raber kirin, bi xw\u00eena hezaran \u015feh\u00eedan Koban\u00ea rizgar kirin. Li ser v\u00ea di sala 2016\u2019an de gel\u00ea me y\u00ea Minbic\u00ea daxwaz kir bajar\u00ea wan ji \u00e7etey\u00ean DAI\u015e\u2019\u00ea we re rizgarkirin. Me daxwaza gel\u00ea Minbic ji bo xwe weke ferman\u00ea d\u00eet \u00fb biryara p\u00eangava rizgarkirina Minbic\u00ea girt.<\/p>\n<p>B\u00eaguman biryara p\u00eangava rizgarkirina Minbic\u00ea bi rihet\u00ee nehat girtin. L\u00ea biryarb\u00fby\u00een, fedekar\u00ee, cesaret, hesta tolhildan\u00ea, v\u00een \u00fb baweriya di \u015fervan \u00fb gel\u00ea me y\u00ea Kurd \u00fb Ereb de hatib\u00fb avakirin, b\u00fbn mifteya sereke ya girtina v\u00ea biryar\u00ea. \u015eerek\u00ee dijwar li Minbic\u00ea \u00e7\u00eab\u00fb, tev\u00ee ku p\u00eangav di \u015fert\u00ean demsala hav\u00eena her\u00ee gerim de dest p\u00ea kir, l\u00ea fedekariya r\u00eaheval\u00ean me y\u00ea \u015feh\u00eed dest n\u00ee\u015fan kirin, w\u00ea tu car\u00ee ney\u00ea ji b\u00eerkirin. P\u00eangava d\u00eerok\u00ee di p\u00ea\u015fengtiya fermandar\u00ea Efsanew\u00ee \u015feh\u00eed Eb\u00fb Leyla de dest p\u00ea kir. Eb\u00fb Leyla bi \u015fer\u00ea xwe tirsek\u00ee mezin di dijmin de \u00e7andib\u00fb. Eb\u00fb Leyla cih\u00ea xwe di teko\u015f\u00eena gelan de bi herf\u00ean z\u00ear\u00een niv\u00eesand. \u00c7awa li Koban\u00ea di \u015fexs\u00ea \u015feh\u00eed Ar\u00een \u00fb R\u00eavana de rih\u00ea feda\u00ee deng veda, li Minbic\u00ea j\u00ee ev rih\u00ea xwe bi nirx\u00ean civak\u00ee strandib\u00fb, di \u015fexs\u00ea \u015feh\u00eed Ko\u00e7er\u00een de j\u00eendar kir. Van r\u00eaheval\u00ean me bi ked\u00ean xwe, bi rih\u00ea tolhildan \u00fb serkeftin\u00ea biryardariya me ya teko\u015f\u00eena li hember\u00ee \u00e7etey\u00ean DAI\u015e\u2019\u00ea xurtir \u00fb bi h\u00eaztir kir. Me tola \u015feh\u00eed\u00ean xwey\u00ee koban\u00ea, li minbic\u00ea, y\u00ea minbic\u00ea, li tepqa, y\u00ea tepqa li Reqa \u00fb y\u00ea Reqa li D\u00earezor\u00ea hilan\u00ee. Minbic bi xw\u00eena her\u00eay\u00ean mey\u00ee h\u00eaja \u00fb bi nirx hate rizgarkirin. Bi p\u00eangava Minbic\u00ea re, jin\u00ean Kurd \u00fb Ereb yek\u00eetiya ruh\u00ee \u00fb hevgirtina xeta parastina welat\u00ea xwe ava kirin. Minbic, bi keda \u015feh\u00eedan yek\u00eetiya gel\u00ea Kurd \u00fb Ereb hate rizgakirin. Ev serkeftina me ya her\u00ee mezin \u00fb bi nirx b\u00fb, ku me diyar\u00ee \u015feh\u00eed\u00ean xwe kir.<\/p>\n<p>Li ser w\u00ea bingeh\u00ee, di roja \u00eero de xeteriy\u00ean mezin \u00fb plangeriy\u00ean berfireh li ser van destkeftiy\u00ean me bi xw\u00eena \u015feh\u00eedan ava kir\u00ee hene. Dewleta tirk, di dema me dest bi p\u00eangava rizgakirina minbic\u00ea kir, \u00eari\u015f \u00fb gefxwarin\u00ean xwe li ser her\u00eam\u00ean me z\u00eade kirin. Wisa Carebl\u00fbs, Efr\u00een \u00fb hin dever\u00ean din dagir kir. \u00cero j\u00ee bi heman feraset\u00ea hewl dide her\u00eam\u00ean rizgar\u00ee dagir bike. Helwesta gel\u00ea me w\u00ea dem\u00ea \u00e7awa b\u00fb, \u00eero j\u00ee bi hi\u015fmendiya yek\u00eetiya gelan parastina welat gel\u00ea me helwest\u00ea xwe diyar kiriye. Sekna hevgirt\u00ee ya gel\u00ea me w\u00ea van \u00eari\u015f \u00fb l\u00eestok\u00ean \u00eero t\u00ean gerandin vala derbixe. Ji bo w\u00ea j\u00ee p\u00eaw\u00eeste em hem weke gel \u00fb hem j\u00ee weke h\u00eaz\u00ean parastin\u00ea li hember\u00ee xeteriy\u00ean hey\u00ee xwe ba\u015f r\u00eaxistin bikin \u00fb xeta parastina destkeftiy\u00ean hey\u00ee bi h\u00eaz bikin.<\/p>\n<p>Em careke din rizgarkirina minbic\u00ea li gel\u00ea Minbic\u00ea p\u00eeroz dikin. \u015eeh\u00eed\u00ean p\u00eangava rizgarkirina minbic\u00ea b\u00eert\u00eenin \u00fb soza parastina destkeftiy\u00ean gel\u00ea me bi dest xistiye n\u00fb dikin. Gel\u00ea me \u00eero salvegera rizgarkirina Minbic\u00ea di cejna qurban\u00ea de p\u00ea\u015fwaz\u00ee dike. Em bi v\u00ea wes\u00eeley\u00ea cejna qurb\u00fbn\u00ea li hem\u00fb alema \u00eeslam\u00ea \u00fb gel\u00ea Bak\u00fbr\u00ea-Rojhilat\u00ea S\u00fbr\u00ee p\u00eeroz dikin.<\/p>\n<p><strong>Fermandariya gi\u015ft\u00ee ya YPJ\u2019\u00ea \u00a0\u00a0<\/strong><\/p>\n","protected":false},"excerpt":{"rendered":"<p>Ji gel\u00ea me \u00fb raya gi\u015ft\u00ee re Bajar\u00ea minbic\u00ea, ku b\u00fb yek ji bajar\u00ean lehengan \u00fb h\u00eal\u00eena berxwed\u00earan bi keda sedan \u015feh\u00eedan hate rizgarkirin. Di \u015fexs\u00ea \u015feh\u00eed Beng\u00een M\u00fb\u015f, Dijle, Arj\u00een, Ko\u00e7er\u00een, Botan Tirmen \u00fb Eb\u00fb Leyla de em tevah\u00ee hevr\u00eay\u00ean di p\u00eangava d\u00eerok\u00ee ya rizgarkirina minbic\u00ea de gih\u00ee\u015ftin \u015fehadet\u00ea \u00fb hem\u00fb \u015feh\u00eed\u00ean azadiy\u00ea Soza [&hellip;]<\/p>\n","protected":false},"author":1,"featured_media":14114,"comment_status":"closed","ping_status":"closed","sticky":false,"template":"","format":"standard","meta":{"footnotes":""},"categories":[39],"tags":[],"class_list":{"0":"post-9013","1":"post","2":"type-post","3":"status-publish","4":"format-standard","5":"has-post-thumbnail","7":"category-daxuyani"},"_links":{"self":[{"href":"https:\/\/ypjrojava.net\/index.php?rest_route=\/wp\/v2\/posts\/9013","targetHints":{"allow":["GET"]}}],"collection":[{"href":"https:\/\/ypjrojava.net\/index.php?rest_route=\/wp\/v2\/posts"}],"about":[{"href":"https:\/\/ypjrojava.net\/index.php?rest_route=\/wp\/v2\/types\/post"}],"author":[{"embeddable":true,"href":"https:\/\/ypjrojava.net\/index.php?rest_route=\/wp\/v2\/users\/1"}],"replies":[{"embeddable":true,"href":"https:\/\/ypjrojava.net\/index.php?rest_route=%2Fwp%2Fv2%2Fcomments&post=9013"}],"version-history":[{"count":1,"href":"https:\/\/ypjrojava.net\/index.php?rest_route=\/wp\/v2\/posts\/9013\/revisions"}],"predecessor-version":[{"id":9015,"href":"https:\/\/ypjrojava.net\/index.php?rest_route=\/wp\/v2\/posts\/9013\/revisions\/9015"}],"wp:featuredmedia":[{"embeddable":true,"href":"https:\/\/ypjrojava.net\/index.php?rest_route=\/wp\/v2\/media\/14114"}],"wp:attachment":[{"href":"https:\/\/ypjrojava.net\/index.php?rest_route=%2Fwp%2Fv2%2Fmedia&parent=9013"}],"wp:term":[{"taxonomy":"category","embeddable":true,"href":"https:\/\/ypjrojava.net\/index.php?rest_route=%2Fwp%2Fv2%2Fcategories&post=9013"},{"taxonomy":"post_tag","embeddable":true,"href":"https:\/\/ypjrojava.net\/index.php?rest_route=%2Fwp%2Fv2%2Ftags&post=9013"}],"curies":[{"name":"wp","href":"https:\/\/api.w.org\/{rel}","templated":true}]}}