{"id":9018,"date":"2019-08-16T11:48:00","date_gmt":"2019-08-16T11:48:00","guid":{"rendered":"https:\/\/ypjrojava.net\/?p=9018"},"modified":"2022-06-18T14:49:13","modified_gmt":"2022-06-18T14:49:13","slug":"bajare-minbice-bi-hersa-dile-servanan-azad-bu","status":"publish","type":"post","link":"https:\/\/ypjrojava.net\/?p=9018","title":{"rendered":"Bajar\u00ea Minbic\u00ea Bi H\u00earsa Dil\u00ea \u015eervanan Azad B\u00fb"},"content":{"rendered":"<p>M\u0130NB\u0130C<\/p>\n<p>YEK Ji bajar\u00ea Sur\u00ee y\u00ea kevnare, ev bajar dikeve bakur rojhilat\u00ea Heleb\u2019\u00ea, xwed\u00ee stratejiyeke gir\u00eenge \u00fb m\u00eena qela necim gelek cih\u00ean w\u00ea y\u00ean d\u00eerok\u00ee hene. bi tayebet\u00ee ava \u00e7em\u00ea firat\u00ea ya ku bedew\u00ee dide qel\u00ea bajar\u00ea minbic\u00ea tim\u00ee bedewe dih\u00eale. Gel \u00fb netew\u00ean ku l\u00ea jiyan kirine wek\u00ee gel\u00ea Ereb, Kurd, \u00c7erkes \u00fb Turkmen bi salane di nava aram\u00ee \u00fb heskirin\u00ea de dij\u00een. gelek\u00ee ku bi dewlemendiya xwe ya manew\u00ee \u00fb mad\u00ee t\u00ea naskirin. Ji ber v\u00ea yek\u00ea kar\u00ea her\u00ee sereke ku p\u00eave mej\u00fbl dibin, kar\u00ea \u00e7andiniy\u00ea ye, lewma ev bajar bi \u00e7andiniya fistiq \u00fb dar\u00ean f\u00eak\u00ee \u00fb \u015f\u00eenkahiya xwezay\u00ee ve hatiye xemilandin. Ji v\u00ee bajar\u00ee gelek helbestavan \u00fb rew\u015fenb\u00eer\u00ean d\u00eerok\u00ee derketine p\u00ea\u015f \u00fb \u00e7\u00eerok\u00ean bajar\u00ea xwe niv\u00eesandine. mirov kare bib\u00eaje ku ev bajar rolek xwe di nava \u015fore\u015fa gelan de bi taybet\u00ee j\u00ee di nava \u015fore\u015fa rojava \u00fb bak\u00fbr-rojhilat\u00ea s\u00fbr\u00ee de ley\u00eestiye.<\/p>\n<p>Bi desp\u00eakirina \u015fore\u015fa Rojava ya ku rast\u00ee \u00ear\u00ee\u015f\u00ea gelek h\u00eaz\u00ean \u00e7ete y\u00ean weke ehrar e\u015fam, cebhetuln\u00fbsra, \u00eaxwan musl\u00eem\u00een hatiye, bajar\u00ea Minbic\u00ea j\u00ee b\u00fb hedefa van h\u00eaz\u00ean \u00e7ete y\u00ean ku xwestin v\u00ee bajar\u00ee\u00a0 li gor\u00ee xwe tar \u00fb mar bikin \u00fb xwe t\u00eade bicih bikin, ji ber w\u00ea bi qas\u00ee ku ji dest\u00ea wan hat kaosek di nava gel \u00fb\u00a0 netewan de dane avakirin, bi tayebet di nava gel\u00ea Ereb \u00fb Kurde de xwestin tevl\u00eeheviyek\u00ea bidin \u00e7\u00eakirin, ev tevl\u00eehev\u00ee heta sala 2014\u2019an bandora xwe li ser gel da kirin \u00fb heov\u00eetiya kom\u00ean tar\u00ee di nava minbic\u00ea de dewam kir. Bi taybet\u00ee bi r\u00eabaz\u00ean ku gelek \u00eensan bin \u00e7av kirin \u00fb rihek\u00ee mirin\u00ea li ser civaka wir ferz kirin xwestin civak\u00ea ji mirovat\u00ee \u00fb d\u00eeroka w\u00ea d\u00fbr bixin. Bi v\u00ea r\u00eabaz\u00ea ebaya xwe ya re\u015f bi ser w\u00ee bajar\u00ea d\u00eerok\u00ee de li bakirin, xwestin ronahiya w\u00ee bajar\u00ee bidizin \u00fb bixin mal\u00ea xwe, tar \u00fb mar bikin.<\/p>\n<p>R\u00fbpel\u00ean d\u00eerok\u00ea sala 2014\u2019an dida n\u00ee\u015fandan dema ku \u00e7etey\u00ean DA\u0130\u015e\u2019\u00ea ber\u00ea \u00ear\u00ee\u015f\u00ean xwe da bajar\u00ea kevnar Minbic\u00ea. Van h\u00eaz\u00ean \u00e7ete bi awayek\u00ee weh\u015f\u00ee \u00ear\u00ee\u015f\u00ea gel kirin. b\u00eaguman di van \u00ear\u00ee\u015fan de j\u00ee wek\u00ee herdem her\u00ee z\u00eade jinan \u00ea\u015f d\u00eet, her\u00ee z\u00eade jin rast\u00ee destdir\u00eajiy\u00ea hatin. Ji ber em xwed\u00ee civakeke wel\u00ea ne ku jin di nava pen\u00e7\u00ea pergala desthiladar \u00fb feraseta zilam\u00ea serdest de mezin b\u00fbye, ji ber w\u00ea j\u00ee ji parastina xwe ya cewher\u00ee b\u00ea par hatib\u00fb hi\u015ftin. Ji w\u00ea ye ku jin\u00ean Minbic\u00ee j\u00ee rast\u00ee gelek \u00ear\u00ee\u015f, destdir\u00eaj\u00ee \u00fb hov\u00eetiy\u00ea hatin. Ji xwe \u00e7etey\u00ean DA\u0130\u015e\u2019\u00ea di dagirkirina xwe ya her bajar\u00ee de di ser\u00ee de jin kire hedef, qetil kir \u00fb dest dir\u00eaj\u00ea kir. Ji bo ku xwe pir xurt \u00fb bi h\u00eaz n\u00ee\u015fan bidin jin kirin hedef \u00fb careke din bi zind\u00eekirina \u00e7anda 5 hezar sal\u00ee ya destdir\u00eajiy\u00ea perdey\u00ean re\u015f li ser jinan ferz kirin \u00fb jin di odeyan tar\u00ee de hebis kirin. Serdema Enk\u00eedo ye ku ser\u00ee li hember\u00ee afr\u00eeneriya w\u00ea rakir,\u00a0 di v\u00ea sedsala 21\u2019min de v\u00ea car\u00ea DA\u0130\u015e b\u00fb h\u00eaza yekane ku digot ez karim jin\u00ea ji h\u00eem\u00ea d\u00eerok\u00ea rakim \u00fb w\u00ea bixim bin serweriya xwe de.<\/p>\n<p>2 salan bajar\u00ea Minbic\u00ea bi tar\u00eetiya \u00e7etey\u00ean DA\u0130\u015e\u2019\u00ea hate nuxumandin, 2 salan day\u00eek, jin, kal, p\u00eer \u00fb zarok rast\u00ee zilm \u00fb zordestiyeke mezin hatin, sala s\u00eayem\u00een deriy\u00ea xwe ji rab\u00fbneke n\u00fb re vedikir. \u00cad\u00ee em diketin sala 2016\u2019an. Sala ku \u015fervanan pi\u015ft\u00ee amadekariyeke mezin ber\u00ea xwe dane bajar\u00ea Minbic\u00ea. Di Hez\u00eerana v\u00ea sal\u00ea de P\u00eangava rizgarkirina Minbic\u00ea ji aliy\u00ea \u015fervan\u00ean YPJ \u00fb YPG de destp\u00eakir.<\/p>\n<p>Bi sedan ke\u00e7 \u00fb xort\u00ean Kurdistan\u00ea xwe bi xeleka ev\u00eendariy\u00ea ve kirin yek \u00fb berbi p\u00eal\u00ean ava Firat\u00ea ve herik\u00een. \u015eervanan bi hatina xwe re ruh dane w\u00ea ava bedew da ku mizg\u00eeniya serkeftin\u00ea di p\u00eal\u00ean xwe bigh\u00eene gel\u00ea Minbic\u00ea. Her \u015fervanek b\u00fb bersiv ji bangawaziya gel\u00ea Minbic\u00ea ya ji bo xilasiya ji dest\u00ea \u00e7etey\u00ean DA\u0130\u015e\u2019\u00ea \u00fb di beriq\u00eena \u00e7av\u00ea xwe de ji gel re gotin; bila h\u00eaviya we her hebe, ji ber h\u00eav\u00ee ji serkeftin\u00ea bi r\u00fbmetire, h\u00eaviya we w\u00ea me \u00fb we bibe serkeftin\u00ea.<\/p>\n<p>Bi biryardariyeke mezin \u00ead\u00ee \u015fervanan hewl didan gav bi gav xwe bigh\u00eenin Minbic\u00ea. Di demek wiha de \u00fb di nava ewqas \u015fer \u00fb pev\u00e7unan de, dema mirov dib\u00eene ku teko\u015f\u00een \u00fb azad\u00ee xwe li ser mirin\u00ea ferz dike, \u00ead\u00ee \u015f\u00eerove kirina peyvan \u00fb gotinan t\u00ear\u00ea nake, \u00e7\u00eerok\u00ean \u015fev\u00ean germ \u00fb sar nay\u00ean niv\u00eesandin, ji ber ku ji bo p\u00eanasekirina wan k\u00ealiyan \u00fb vegotina wan serp\u00eahatiy\u00ean lehengiy\u00ea peyv \u00fb hevok lal dibin, matmay\u00ee dim\u00eenin. Deng\u00ea qil\u00ea\u015fa wan \u015fervanan, h\u00eaviya di r\u00fb\u00e7ik\u00ea wan de \u00fb fedekariya wan ti car\u00ee ji b\u00eer nabe div \u00ee bajar\u00ee de.<\/p>\n<p>Bajar\u00ea Minbic\u00ea qet bi h\u00easan\u00ee nehate rizgarkirin. Bi sedan heta bi hezaran \u015fervanan can\u00ea xwe kirin qurban da ku aram\u00ee \u00fb r\u00fbkeniy\u00ea b\u00eene ji v\u00ee bajar\u00ee re. Her \u00e7end\u00ee \u00e7etey\u00ean DA\u0130\u015e\u2019\u00ea bi hem\u00fb hov\u00eetiya xwe \u00ear\u00ee\u015f kirin, hem\u00fb tekn\u00eeka xwe ya p\u00ea\u015fket\u00ee bi kar an\u00een, l\u00ea nekar\u00een zora \u015fervan\u00ean roj\u00ea bibin. Ji ber \u015fervanan s\u00eenge s\u00eeng bi dil \u00fb can \u015ferkirin. kes\u00ee tirsa mirin\u00ea nekirib\u00fb dil \u00fb mejiy\u00ea xwe de, ji ber dizanib\u00fbn ku ew bi \u015fer\u00ea xwe, bi berxwedaniya xwe ji bo gel\u00ea Minbic\u00ea jiyan\u00ea diafr\u00eenin. Dil\u00ea wan ji bo azadiya minbic\u00ea l\u00eadida, H\u00easr\u00ea \u00e7av\u00ea zarok\u00ean Minbic\u00ee di re\u015fka \u00e7av\u00ea \u015fervanan de as\u00ea mab\u00fb, ji bo w\u00ea j\u00ee bi v\u00een \u00fb baweriyeke mezin bi ser dijmin\u00ea xwe ve di\u00e7\u00fbn. Dest\u00ea wan ji germahiya \u00e7ek\u00ea bi xw\u00eadan \u00fb xw\u00een b\u00fb, bir\u00e7\u00eeb\u00fbn nedihate b\u00eera wan, ten\u00ea xwe di azadiy\u00ea de kil\u00eet kirib\u00fbn.<\/p>\n<p>Germ b\u00fb ew \u015fer, germ b\u00fb dil\u00ea \u015fervanan, germ b\u00fb ew \u015fer, gerim b\u00fb\u2026<\/p>\n<p>Di p\u00ea\u015fengiya rih\u00ea leheng\u00ean ku ev bajar kirin gora \u00e7eteyan, bi rih\u00ea Beng\u00ee\u2019ya ku bi sala b\u00fb li benda rojek wiha b\u00fb, bi sedan ke\u00e7 \u00fb ciwan bi feday\u00eetiya xwe ve b\u00fbn \u015fopdar\u00ean w\u00ea, xwe xisin r\u00eaheval ji doza w\u00ea re, wek\u00ee Sila\u2019ya r\u00fb bi ken ku di \u00e7ir\u00fbska deng \u00fb reng\u00ea xwe de hertim li benda azadiya zarok\u00ean p\u00eaxas \u00fb l\u00eav terik\u00ee, dayik\u00ean dil \u015fewat \u00fb ke\u00e7\u00ean ciwan \u00ean ki her li benda w\u00ea k\u00ealiy\u00ea b\u00fbn. Bi hem\u00fb hucrey\u00ean xwe ve \u00ead\u00ee sila b\u00fb zaroka w\u00ea roj\u00ea\u2026 Eylem j\u00ee b\u00fb yek ji wan \u015fopdaran \u00fb bi w\u00ea h\u00ears\u00ea \u00e7av\u00ean xwe ne \u015fev ne j\u00ee bi roj xilma\u015f\u00ee bindestiy\u00ea nekir \u00fb weke fir\u00ee\u015fteyek\u00ea bi s\u00eeleha xwe ve hate bedew kirin. Di \u00e7av\u00ean \u015e\u00eelana dilpak de j\u00ee ten\u00ea Ev\u00eendariya serkeftin \u00fb berxwedan\u00ea heb\u00fb. Her wiha ev\u00eendar\u00ea ku c\u00eehan\u00ea hem\u00fb serp\u00eahatiya w\u00ee naskir r\u00eaheval H\u00eewa Sine bi cesaret \u00fb fedekariyeke mezin xwe bi azadiy\u00ea re kire yek. Bi v\u00ee reng\u00ee bi sedan \u015fervan\u00ean azadiy\u00ea m\u00eena xelekek\u00ea li dora bajar\u00ea Minbic\u00ea civiyan \u00fb sond xwarin ku heya w\u00ee bajar\u00ee rizgar nekin ew\u00ea yek gav\u00ea j\u00ee pa\u015fde nav\u00eajin, her yek ji wan bi helwesta xwe ya p\u00eeroz ve destaneke lehengiy\u00ea niv\u00eesandin. V\u00ea destan\u00ea ber\u00ea bi sedan ciwan\u00ean ji welat\u00ean derve da \u015fore\u015fa gelan, \u015fore\u015fa Rojava \u00fb wan j\u00ee tola azadiy\u00ea hilgirtin ser mil\u00ea xwe.<\/p>\n<p>P\u00eangava rizgarkirina Minbic\u00ea bi rih\u00ea vej\u00een\u00ea y\u00ea 15\u2019\u00ea Tebax\u00ea \u00e7end mehan bi fedekariyeke mezin dewam kir. W\u00ea roj\u00ea \u015fervan\u00ean azadiy\u00ea bi rizgarkirina bajar\u00ea Minbic\u00ea re dilsoziya xwe ya bi fermandar\u00ea xwe re dan raber kirin. \u015eervanan ev serkeftina d\u00eerok\u00ee bi nav\u00ea fermandar\u00ea fedekar Feysel Eb\u00fb Leyla diyar\u00ee gel\u00ea Minbic\u00ea kirin. \u00cad\u00ee Minbic bi temam\u00ee kete bin serweriya yek\u00eeney\u00ean parastin\u00ea de. \u00cad\u00ee Minbic cihek\u00ee bi wate di r\u00fbpel\u00ean \u015fore\u015f\u00ea de girt. Ev serkeftina d\u00eerok\u00ee b\u00eaguman bi saya mamost\u00ea mezin R\u00eaber\u00ea APO giha v\u00ea ast\u00ea \u00fb vaye \u00eero Minbic \u00fb tevah\u00ee her\u00eam\u00ean Bak\u00fbr-Rojhilat\u00ea S\u00fbr\u00ee di nava ewlehiyek\u00ea de dij\u00een.<\/p>\n<p>&nbsp;<\/p>\n<p style=\"text-align: left;\">\u00a0Soz\u00ea D\u00earik<\/p>\n","protected":false},"excerpt":{"rendered":"<p>M\u0130NB\u0130C YEK Ji bajar\u00ea Sur\u00ee y\u00ea kevnare, ev bajar dikeve bakur rojhilat\u00ea Heleb\u2019\u00ea, xwed\u00ee stratejiyeke gir\u00eenge \u00fb m\u00eena qela necim gelek cih\u00ean w\u00ea y\u00ean d\u00eerok\u00ee hene. bi tayebet\u00ee ava \u00e7em\u00ea firat\u00ea ya ku bedew\u00ee dide qel\u00ea bajar\u00ea minbic\u00ea tim\u00ee bedewe dih\u00eale. Gel \u00fb netew\u00ean ku l\u00ea jiyan kirine wek\u00ee gel\u00ea Ereb, Kurd, \u00c7erkes \u00fb Turkmen [&hellip;]<\/p>\n","protected":false},"author":1,"featured_media":13338,"comment_status":"closed","ping_status":"closed","sticky":false,"template":"","format":"standard","meta":{"footnotes":""},"categories":[38],"tags":[],"class_list":{"0":"post-9018","1":"post","2":"type-post","3":"status-publish","4":"format-standard","5":"has-post-thumbnail","7":"category-nuce"},"_links":{"self":[{"href":"https:\/\/ypjrojava.net\/index.php?rest_route=\/wp\/v2\/posts\/9018","targetHints":{"allow":["GET"]}}],"collection":[{"href":"https:\/\/ypjrojava.net\/index.php?rest_route=\/wp\/v2\/posts"}],"about":[{"href":"https:\/\/ypjrojava.net\/index.php?rest_route=\/wp\/v2\/types\/post"}],"author":[{"embeddable":true,"href":"https:\/\/ypjrojava.net\/index.php?rest_route=\/wp\/v2\/users\/1"}],"replies":[{"embeddable":true,"href":"https:\/\/ypjrojava.net\/index.php?rest_route=%2Fwp%2Fv2%2Fcomments&post=9018"}],"version-history":[{"count":3,"href":"https:\/\/ypjrojava.net\/index.php?rest_route=\/wp\/v2\/posts\/9018\/revisions"}],"predecessor-version":[{"id":9022,"href":"https:\/\/ypjrojava.net\/index.php?rest_route=\/wp\/v2\/posts\/9018\/revisions\/9022"}],"wp:featuredmedia":[{"embeddable":true,"href":"https:\/\/ypjrojava.net\/index.php?rest_route=\/wp\/v2\/media\/13338"}],"wp:attachment":[{"href":"https:\/\/ypjrojava.net\/index.php?rest_route=%2Fwp%2Fv2%2Fmedia&parent=9018"}],"wp:term":[{"taxonomy":"category","embeddable":true,"href":"https:\/\/ypjrojava.net\/index.php?rest_route=%2Fwp%2Fv2%2Fcategories&post=9018"},{"taxonomy":"post_tag","embeddable":true,"href":"https:\/\/ypjrojava.net\/index.php?rest_route=%2Fwp%2Fv2%2Ftags&post=9018"}],"curies":[{"name":"wp","href":"https:\/\/api.w.org\/{rel}","templated":true}]}}