{"id":9029,"date":"2019-08-21T11:09:20","date_gmt":"2019-08-21T11:09:20","guid":{"rendered":"https:\/\/ypjrojava.net\/?p=9029"},"modified":"2022-06-21T15:10:56","modified_gmt":"2022-06-21T15:10:56","slug":"em-e-bi-tekosina-xwe-xeyalen-hevre-emgihan-bi-cih-binin","status":"publish","type":"post","link":"https:\/\/ypjrojava.net\/?p=9029","title":{"rendered":"Em \u00ca Bi Teko\u015f\u00eena Xwe Xeyal\u00ean Hevr\u00ea Emg\u00eehan Bi C\u00eeh B\u00eenin\u00a0\u00a0"},"content":{"rendered":"<p>&nbsp;<\/p>\n<p>Di \u015fexs\u00ea R\u00eahevala me Emg\u00eehan C\u00fbd\u00ee de, em tevah\u00ee \u015feh\u00eed\u00ean teko\u015f\u00eena azadiy\u00ea bib\u00eert\u00eenin. Li hember fedekar\u00ee, ked \u00fb teko\u015f\u00eena hevr\u00ea Emg\u00eehan, soza \u015fopandina r\u00eaya \u015feh\u00eedan n\u00fb dikin. Ji malbata r\u00eaheval Emg\u00eehan \u00fb tevah\u00ee malbat\u00ean \u015feh\u00eedan re sersax\u00ee dixwezin.<\/p>\n<p>R\u00eahevala me Emg\u00eehan CUD\u00ce, hem\u00fb jiyana xwe di nav ref\u00ean teko\u015f\u00eena azadiy\u00ea de derbas kir. Ji\u00a0 malbateke welatperwer e, di malbatek bi \u00e7and \u00fb nasnameya xwe ya cewher\u00ee dij\u00ee de mezin dibe. Li hember\u00ee siyaseta tinekirin, ne qeb\u00fblkirin \u00fb dagirkeriya dewlet\u00ean n\u00fbker ji bo jiyaneke azad, wekhev, diyar\u00ee gel\u00ea xwe bike t\u00eadiko\u015fe. Me\u015fa b\u00ea westan ya li ser \u015fopa \u015feh\u00eedan, ji bo xwe weke erkek\u00ee d\u00eerok\u00ee, \u00e7and\u00ee, Exlaq\u00ee \u00fb civak\u00ee dib\u00eene. Bi v\u00ea zaneb\u00fbn\u00ea hem\u00fb temen\u00ea xwe dixe xizmeta teko\u015f\u00eena ji bo azadiya jin\u00ea \u00fb gelan.<\/p>\n<p>R\u00eaheval Emg\u00eehan, di nav sal\u00ean xwey\u00ee dir\u00eaj y\u00ean teko\u015f\u00een\u00ea de, ji bo xizmeta gel\u00ea xwe bike li gelek qadan erk digre \u00fb teko\u015f\u00eena xwe b\u00ea navber dime\u015f\u00eene. Weke jineke Kurd, bi zaneb\u00fbn \u00fb rola p\u00ea\u015fengt\u00ee, ji teko\u015f\u00eena hem\u00fb jinan re kirin radibe \u00fb li qad\u00ean l\u00ea dim\u00eene her tim xwe ji bo hem\u00fb kar \u00fb xebatan amade dike.<\/p>\n<p>\u015eore\u015fa Rojava ku b\u00fb \u00eelhamek ji bo tevah\u00ee jin\u00ean Kurd, ji bo hevala me Emg\u00eehan j\u00ee b\u00fb \u00e7avkaniya mezinkirina teko\u015f\u00eena azadiy\u00ea. Bi fedekar\u00ee, bi biryardariyeke xurt li hember\u00ee hov\u00eetiya \u00e7etey\u00ean DAI\u015e\u2019\u00ea, weke her jinek\u00ea teko\u015f\u00eena azadiy\u00ea me\u015fand. R\u00eahevala Emg\u00eehan CUD\u00ce yek ji wan \u015fore\u015fgeran b\u00fbn tevl\u00ee \u015fore\u015f\u00ea b\u00fb. Di \u015fore\u015fa gelan de kedek mezin dide. Ji bo avakirina feraset \u00fb pergala netewa demokrat\u00eek bi jiyan\u00ee bibe, teko\u015f\u00eenek b\u00eahempa me\u015fand. R\u00eahevala me Emg\u00eehan bi r\u00fbken\u00ee, bi \u00e7o\u015f \u00fb fedakariya xwe bala hem\u00fb heval\u00ean xwe dik\u015fand ser xwe \u00fb heta k\u00ealiya ku \u015feh\u00eed b\u00fb, ji bo azadiya gel\u00ea Kurd t\u00eako\u015fiyaye. Di hem\u00fb jiyana xwe ya \u015fore\u015fger\u00ee de di xet \u00fb teko\u015f\u00eena jina azad de her tim b\u00fb xwed\u00ee seknek\u00ee \u00fb di v\u00ee war\u00ee de b\u00ea tav\u00eez \u00fb b\u00ea dudil\u00ee teko\u015f\u00een me\u015fand.\u00a0 Bi teko\u015f\u00eena xwe kesayetek azad \u00fb \u015fore\u015fger afirand.<\/p>\n<p>Me hevr\u00ea Emg\u00eehan di d\u00eeroka 19.08.2019\u2019an li Koban\u00ea encama nexwe\u015fiya qir\u00eeza dil de winda kir. Em ji ber \u015fehadeta r\u00eahevala xwe \u00ea\u015fa malbat\u00ea parve dikin \u00fb sersaxiy\u00ea ji malbat \u00fb gel\u00ea me re dixwezin. Ji bo em ala azadiy\u00ea ya r\u00eaheval\u00ean xwey\u00ee \u015feh\u00eed hil\u00eenin \u00fb h\u00eav\u00eeya wan ya jiyana azad bi c\u00eeh b\u00eenin em \u00ea her tim t\u00eabiko\u015fin.<\/p>\n<p>Em li ser w\u00ea bingeh\u00ea carek din, di ser\u00ee de Malbata r\u00eahevala Emg\u00eehan \u00fb hem\u00fb gel\u00ea mey\u00ee welatpar\u00eaz re sersaxiy\u00ea dixwazin \u00fb soza xwe dubare dikin ku em \u00ea ala azadiy\u00ea ya ku \u015feh\u00eedan dewr\u00ee me kiriye, bigih\u00eenin serkeftin\u00ea.&#8221;<strong>\u00a0<\/strong><\/p>\n<p>Nasnameya r\u00eahevala me ya \u015feh\u00eed wiha ye;<\/p>\n<p>&nbsp;<\/p>\n<p><img loading=\"lazy\" decoding=\"async\" class=\"alignnone size-medium wp-image-14111\" src=\"https:\/\/ypjrojava.net\/wp-content\/uploads\/2019\/08\/sehid-Emgihan-Cudi-200x300.jpeg\" alt=\"\" width=\"200\" height=\"300\" srcset=\"https:\/\/ypjrojava.net\/wp-content\/uploads\/2019\/08\/sehid-Emgihan-Cudi-200x300.jpeg 200w, https:\/\/ypjrojava.net\/wp-content\/uploads\/2019\/08\/sehid-Emgihan-Cudi.jpeg 591w\" sizes=\"auto, (max-width: 200px) 100vw, 200px\" \/><\/p>\n<p>&nbsp;<\/p>\n<p><strong>\u00a0<\/strong><strong>Nasnav:<\/strong> EMG\u00ceHAN C\u00dbD\u00ce<\/p>\n<p><strong>Nav \u00fb Pa\u015fnav:<\/strong> XEM\u00ca POSTA<\/p>\n<p><strong>C\u00eeh \u00fb d\u00eeroka \u015eahadet\u00ea:<\/strong> KOBAN\u00ca<strong>\/<\/strong>19.08.2019<\/p>\n<p>&nbsp;<\/p>\n<p><strong>Fermandariya Gi\u015ft\u00ee Ya YPJ<\/strong><\/p>\n<p>&nbsp;<\/p>\n","protected":false},"excerpt":{"rendered":"<p>&nbsp; Di \u015fexs\u00ea R\u00eahevala me Emg\u00eehan C\u00fbd\u00ee de, em tevah\u00ee \u015feh\u00eed\u00ean teko\u015f\u00eena azadiy\u00ea bib\u00eert\u00eenin. Li hember fedekar\u00ee, ked \u00fb teko\u015f\u00eena hevr\u00ea Emg\u00eehan, soza \u015fopandina r\u00eaya \u015feh\u00eedan n\u00fb dikin. Ji malbata r\u00eaheval Emg\u00eehan \u00fb tevah\u00ee malbat\u00ean \u015feh\u00eedan re sersax\u00ee dixwezin. R\u00eahevala me Emg\u00eehan CUD\u00ce, hem\u00fb jiyana xwe di nav ref\u00ean teko\u015f\u00eena azadiy\u00ea de derbas kir. Ji\u00a0 [&hellip;]<\/p>\n","protected":false},"author":1,"featured_media":14112,"comment_status":"closed","ping_status":"closed","sticky":false,"template":"","format":"standard","meta":{"footnotes":""},"categories":[39],"tags":[],"class_list":{"0":"post-9029","1":"post","2":"type-post","3":"status-publish","4":"format-standard","5":"has-post-thumbnail","7":"category-daxuyani"},"_links":{"self":[{"href":"https:\/\/ypjrojava.net\/index.php?rest_route=\/wp\/v2\/posts\/9029","targetHints":{"allow":["GET"]}}],"collection":[{"href":"https:\/\/ypjrojava.net\/index.php?rest_route=\/wp\/v2\/posts"}],"about":[{"href":"https:\/\/ypjrojava.net\/index.php?rest_route=\/wp\/v2\/types\/post"}],"author":[{"embeddable":true,"href":"https:\/\/ypjrojava.net\/index.php?rest_route=\/wp\/v2\/users\/1"}],"replies":[{"embeddable":true,"href":"https:\/\/ypjrojava.net\/index.php?rest_route=%2Fwp%2Fv2%2Fcomments&post=9029"}],"version-history":[{"count":4,"href":"https:\/\/ypjrojava.net\/index.php?rest_route=\/wp\/v2\/posts\/9029\/revisions"}],"predecessor-version":[{"id":14113,"href":"https:\/\/ypjrojava.net\/index.php?rest_route=\/wp\/v2\/posts\/9029\/revisions\/14113"}],"wp:featuredmedia":[{"embeddable":true,"href":"https:\/\/ypjrojava.net\/index.php?rest_route=\/wp\/v2\/media\/14112"}],"wp:attachment":[{"href":"https:\/\/ypjrojava.net\/index.php?rest_route=%2Fwp%2Fv2%2Fmedia&parent=9029"}],"wp:term":[{"taxonomy":"category","embeddable":true,"href":"https:\/\/ypjrojava.net\/index.php?rest_route=%2Fwp%2Fv2%2Fcategories&post=9029"},{"taxonomy":"post_tag","embeddable":true,"href":"https:\/\/ypjrojava.net\/index.php?rest_route=%2Fwp%2Fv2%2Ftags&post=9029"}],"curies":[{"name":"wp","href":"https:\/\/api.w.org\/{rel}","templated":true}]}}