{"id":9050,"date":"2019-08-24T06:08:52","date_gmt":"2019-08-24T06:08:52","guid":{"rendered":"https:\/\/ypjrojava.net\/?p=9050"},"modified":"2022-06-21T14:31:08","modified_gmt":"2022-06-21T14:31:08","slug":"reheval-zin-di-sopa-bave-xwe-de-bu-sembola-hevretiya-rast","status":"publish","type":"post","link":"https:\/\/ypjrojava.net\/?p=9050","title":{"rendered":"R\u00eaheval Z\u00een Di \u015eopa Bav\u00ea Xwe De B\u00fb Sembola Hevr\u00eatiya Rast"},"content":{"rendered":"<p>&nbsp;<\/p>\n<p>Em di \u015fexs\u00ea r\u00eahevala xwe Z\u00een \u015eore\u015f \u00fb Bav\u00ea w\u00ea de, tevah\u00ee \u015feh\u00eed\u00ean azadiy\u00ea bi b\u00eert\u00eenin, Li hember\u00ee ked \u00fb fedekariya malbat\u00ean me y\u00ean \u015feh\u00eed, soza domandina teko\u015f\u00een\u00ea n\u00fb dikin. Ji malbata hevr\u00ea Z\u00een \u00fb gel\u00ea me re sersaxiy\u00ea dixwazin.<\/p>\n<p>Bi destp\u00ea kirina \u015fore\u015fa Rojava re, gel\u00ea me bi hezaran berd\u00eal di oxira serxistina \u015fore\u015f\u00ea de dan. Di ser\u00ee de gel\u00ea me y\u00ea Ser\u00ea kaniy\u00ea ku tev\u00ee \u015fervan\u00ean xwe di sala 2013\u2019an de li hember\u00ee kom\u00ean \u00e7ete berxwedan, Ev berxwedaniya d\u00eerok\u00ee pi\u015ftre belav\u00ee her der\u00ea welat b\u00fb.<\/p>\n<p>Malbata hevr\u00eaya me Z\u00een yek ji wan malbatan b\u00fb ji destp\u00eaka \u015fore\u015f\u00ea de, di ref\u00ean her\u00ee p\u00ea\u015f y\u00ean teko\u015f\u00een\u00ea de cih\u00ea xwe girtin. Kedkar\u00ea \u015fore\u015f\u00ea, bav\u00ea hevala me z\u00een ji bo parastina welat\u00ea xwe \u00e7ek hilda ser mile xwe \u00fb di \u00e7eper\u00ean ceng\u00ea y\u00ean her\u00ee p\u00ea\u015f de mil bi mil\u00ea \u015fervanan \u015fer\u00ea heb\u00fbn\u00ea da me\u015fandin \u00fb tevl\u00ea karwan\u00ean \u015feh\u00eedan b\u00fb.<\/p>\n<p>R\u00eahevala me Z\u00een, li ser \u015fopa Bav \u00fb xal\u00ea xwe, di sala 2013\u2019an be\u015fdar\u00ee nava ref\u00ean YPJ\u2019\u00ea b\u00fb. Ji bo bibe \u015fopdarek rast ya teko\u015f\u00eena bav\u00ea xwe, \u00e7eka w\u00ee rakir \u00fb di \u015fopa w\u00ee de ber\u00ea xwe da nava ref\u00ean teko\u015f\u00een\u00ea. R\u00eaheval Z\u00een di \u015fer\u00ea Til Hem\u00ees, Til Temir, Mebruka \u00fb p\u00eangav\u00ean cuda de bi w\u00earekiyeke mezin cih\u00ea xwe girt. Bi ruxm\u00ea ku di nava \u015fer de bir\u00eendar b\u00fbb\u00fb, l\u00ea r\u00eahevala me Z\u00een ti car\u00ee ev bir\u00eendar\u00ee ji bo xwe nekire weke astengiyek\u00ea \u00fb di her k\u00ealiya jiyan\u00ea de li rex r\u00eaheval\u00ean xwe her di ref\u00ean p\u00ea\u015fde b\u00fb.<\/p>\n<p>Hevr\u00eaya me Z\u00een, di temenek\u00ee ciwan de ber\u00ea xwe da nava ref\u00ean teko\u015f\u00een\u00ea. Kesayeta xwe bi nirx\u00ean \u015fore\u015f\u00ea re ava kir. Bi fedekar\u00ee \u00fb rih\u00ea xwe y\u00ea ciwan, b\u00fb yek ji ev\u00eendara welat\u00ea xwe. Ji bo lay\u00eeq\u00ee ked \u00fb nirx\u00ean malbata w\u00ea avakir\u00ee bibe, her tim di jiyan\u00ea de hewlda \u00fb t\u00eako\u015fiya. R\u00eaheval Z\u00een her\u00ee daw\u00ee bi erka ajokariy\u00ea radib\u00fb. Di d\u00eeroka 21.08.2019\u2019an de di encama qezayek\u00ea de gih\u00ee\u015fte asta \u015fehadet\u00ea. Em xemg\u00eeniya malbat\u00ea parve dikin \u00fb dib\u00eajin em\u00ea her tim teko\u015f\u00eeneke lay\u00eeq\u00ee xeta \u015feh\u00eedan bidin me\u015fandin. Em weke r\u00eaheval \u00fb \u015fopdar\u00ean w\u00ea careke din soza xwe ya li hember\u00ee \u015feh\u00eed\u00ean azadiy\u00ea n\u00fb dikin \u00fb dib\u00eajin heta em jiyaneke azad, diyar\u00ee gel\u00ea xwe nekin w\u00ea teko\u015f\u00eena me berdewam bike.<\/p>\n<p>Li ser v\u00ea esas\u00ea, em careke din ji malbata h\u00eaja \u00fb fedekar ya ku r\u00eaheval Z\u00een, mezin kir\u00ee re sersax\u00ee dixwazin. Em soza xwe careke din dubare dikin, ku em\u00ea xeyal\u00ean \u015feh\u00eedan bicih b\u00eenin \u00fb p\u00ea\u015ferojeke azad ji niv\u015f\u00ean n\u00fb re ava bikin.<\/p>\n<p>Nasnameya r\u00eahevala me ya \u015feh\u00eed wiha ye;<\/p>\n<p>&nbsp;<\/p>\n<p><img loading=\"lazy\" decoding=\"async\" class=\"alignnone size-medium wp-image-14105\" src=\"https:\/\/ypjrojava.net\/wp-content\/uploads\/2019\/08\/zin-2-188x300.jpg\" alt=\"\" width=\"188\" height=\"300\" srcset=\"https:\/\/ypjrojava.net\/wp-content\/uploads\/2019\/08\/zin-2-188x300.jpg 188w, https:\/\/ypjrojava.net\/wp-content\/uploads\/2019\/08\/zin-2.jpg 354w\" sizes=\"auto, (max-width: 188px) 100vw, 188px\" \/><\/p>\n<p>&nbsp;<\/p>\n<p><strong>Nasnav<\/strong>:Z\u00ceN \u015eORE\u015e<\/p>\n<p><strong>Nav \u00fb Pa\u015fnav:<\/strong>HEV\u00ceDAR BE\u015eAR<\/p>\n<p><strong>Nav\u00ea Dayik\u00ea:<\/strong>FEVZIYE<\/p>\n<p><strong>Nav\u00ea Bav:<\/strong>HEM\u00ceT<\/p>\n<p><strong>Cih\u00ea ji Dayikbun\u00ea:<\/strong>SER\u00caKAN\u00ce<\/p>\n<p><strong>Cih \u00fb D\u00eeroka \u015eehadet\u00ea:<\/strong>SER\u00caKAN\u00ce\/21.8.2019<strong>\u00a0<\/strong><\/p>\n<p>&nbsp;<\/p>\n<p><strong>Fermandariya Gi\u015ft\u00ee ya YPJ\u2019\u00ea<\/strong><\/p>\n<p><strong>24 Tebax 2019<\/strong><\/p>\n","protected":false},"excerpt":{"rendered":"<p>&nbsp; Em di \u015fexs\u00ea r\u00eahevala xwe Z\u00een \u015eore\u015f \u00fb Bav\u00ea w\u00ea de, tevah\u00ee \u015feh\u00eed\u00ean azadiy\u00ea bi b\u00eert\u00eenin, Li hember\u00ee ked \u00fb fedekariya malbat\u00ean me y\u00ean \u015feh\u00eed, soza domandina teko\u015f\u00een\u00ea n\u00fb dikin. Ji malbata hevr\u00ea Z\u00een \u00fb gel\u00ea me re sersaxiy\u00ea dixwazin. Bi destp\u00ea kirina \u015fore\u015fa Rojava re, gel\u00ea me bi hezaran berd\u00eal di oxira serxistina [&hellip;]<\/p>\n","protected":false},"author":1,"featured_media":14109,"comment_status":"closed","ping_status":"closed","sticky":false,"template":"","format":"standard","meta":{"footnotes":""},"categories":[39],"tags":[],"class_list":{"0":"post-9050","1":"post","2":"type-post","3":"status-publish","4":"format-standard","5":"has-post-thumbnail","7":"category-daxuyani"},"_links":{"self":[{"href":"https:\/\/ypjrojava.net\/index.php?rest_route=\/wp\/v2\/posts\/9050","targetHints":{"allow":["GET"]}}],"collection":[{"href":"https:\/\/ypjrojava.net\/index.php?rest_route=\/wp\/v2\/posts"}],"about":[{"href":"https:\/\/ypjrojava.net\/index.php?rest_route=\/wp\/v2\/types\/post"}],"author":[{"embeddable":true,"href":"https:\/\/ypjrojava.net\/index.php?rest_route=\/wp\/v2\/users\/1"}],"replies":[{"embeddable":true,"href":"https:\/\/ypjrojava.net\/index.php?rest_route=%2Fwp%2Fv2%2Fcomments&post=9050"}],"version-history":[{"count":4,"href":"https:\/\/ypjrojava.net\/index.php?rest_route=\/wp\/v2\/posts\/9050\/revisions"}],"predecessor-version":[{"id":9055,"href":"https:\/\/ypjrojava.net\/index.php?rest_route=\/wp\/v2\/posts\/9050\/revisions\/9055"}],"wp:featuredmedia":[{"embeddable":true,"href":"https:\/\/ypjrojava.net\/index.php?rest_route=\/wp\/v2\/media\/14109"}],"wp:attachment":[{"href":"https:\/\/ypjrojava.net\/index.php?rest_route=%2Fwp%2Fv2%2Fmedia&parent=9050"}],"wp:term":[{"taxonomy":"category","embeddable":true,"href":"https:\/\/ypjrojava.net\/index.php?rest_route=%2Fwp%2Fv2%2Fcategories&post=9050"},{"taxonomy":"post_tag","embeddable":true,"href":"https:\/\/ypjrojava.net\/index.php?rest_route=%2Fwp%2Fv2%2Ftags&post=9050"}],"curies":[{"name":"wp","href":"https:\/\/api.w.org\/{rel}","templated":true}]}}