{"id":9066,"date":"2019-08-25T14:43:17","date_gmt":"2019-08-25T14:43:17","guid":{"rendered":"https:\/\/ypjrojava.net\/?p=9066"},"modified":"2022-07-21T15:42:48","modified_gmt":"2022-07-21T15:42:48","slug":"zin-bu-sopdara-bav-u-xale-xwe","status":"publish","type":"post","link":"https:\/\/ypjrojava.net\/?p=9066","title":{"rendered":"Z\u00een B\u00fb \u015eopdara Bav \u00fb Xal\u00ea Xwe"},"content":{"rendered":"<p>&nbsp;<\/p>\n<p>\u015eervana YPJ&#8217;\u00ea \u015eeh\u00eed Z\u00een \u015eore\u015f ku di diroka 21.8.2019\u00a0 li bajar\u00ea Ser\u00eakaniy\u00ea \u015eeh\u00eed bub\u00fb, li goristana \u015eeh\u00eed R\u00fbstem C\u00fbd\u00ee ya gir\u00eaday\u00ee bajar\u00ea Dirb\u00easiy\u00ea, di diroka 24. 8. 2019 an de bi meras\u00eemeke girsey\u00ee ji aliy\u00ea \u015fervan \u00fb gel, hat oxir kirin.<\/p>\n<p>Pi\u015ft\u00ee ku cenaze ji nexwe\u015fxaneya le\u015fker\u00ee ya bajar\u00ea Ser\u00eakaniy\u00ea \u00a0hat wergirtin ji bona meras\u00eema le\u015fker\u00ee bi konvoyek\u00ea ber bi goristana \u015eeh\u00eed R\u00fbstem C\u00fbd\u00ee ve birin. Meras\u00eema oxir kirina \u015eeh\u00eed bi meras\u00eemeke le\u015fker\u00ee destp\u00ea kir \u00fb pi\u015ft\u00ee meras\u00eema le\u015fkeri li ser nav\u00ea saziya malbat\u00ea \u015feh\u00eedan Dayika Mas\u00eero axiv\u00ee \u00fb wiha got. &#8221; em li ser nav\u00ea saziya malbat\u00ea \u015eeh\u00eeda di ser\u00ee de ji malbata \u015eeh\u00eed Z\u00een \u00fb ji tevah\u00ee malbat\u00ean \u015feh\u00eedan re sersaxiy\u00ea dixwazin. \u015eervan\u00ean YPJ&#8217;\u00ea \u00fb YPG&#8217;\u00ea \u00fb gel\u00ea Kurd sax bin&#8221;.<\/p>\n<p>Pi\u015ft\u00ee axaftinan bawernameya \u015eeh\u00eed hat xwendin \u00fb cenaze bi dir\u00fb\u015fmey\u00ean \u015eeh\u00eed Namirin hat oxir kirin.<\/p>\n<p>Navenda Rag\u0131ihandina YPJ<\/p>\n<p><iframe loading=\"lazy\" title=\"Z\u00een B\u00fb \u015eopdara Bav \u00fb Xal\u00ea Xwe\" width=\"696\" height=\"392\" src=\"https:\/\/www.youtube.com\/embed\/VGPO8rbOHks?feature=oembed\" frameborder=\"0\" allow=\"accelerometer; autoplay; clipboard-write; encrypted-media; gyroscope; picture-in-picture; web-share\" referrerpolicy=\"strict-origin-when-cross-origin\" allowfullscreen><\/iframe><\/p>\n","protected":false},"excerpt":{"rendered":"<p>&nbsp; \u015eervana YPJ&#8217;\u00ea \u015eeh\u00eed Z\u00een \u015eore\u015f ku di diroka 21.8.2019\u00a0 li bajar\u00ea Ser\u00eakaniy\u00ea \u015eeh\u00eed bub\u00fb, li goristana \u015eeh\u00eed R\u00fbstem C\u00fbd\u00ee ya gir\u00eaday\u00ee bajar\u00ea Dirb\u00easiy\u00ea, di diroka 24. 8. 2019 an de bi meras\u00eemeke girsey\u00ee ji aliy\u00ea \u015fervan \u00fb gel, hat oxir kirin. Pi\u015ft\u00ee ku cenaze ji nexwe\u015fxaneya le\u015fker\u00ee ya bajar\u00ea Ser\u00eakaniy\u00ea \u00a0hat wergirtin ji bona [&hellip;]<\/p>\n","protected":false},"author":1,"featured_media":14874,"comment_status":"closed","ping_status":"closed","sticky":false,"template":"","format":"standard","meta":{"footnotes":""},"categories":[38],"tags":[],"class_list":{"0":"post-9066","1":"post","2":"type-post","3":"status-publish","4":"format-standard","5":"has-post-thumbnail","7":"category-nuce"},"_links":{"self":[{"href":"https:\/\/ypjrojava.net\/index.php?rest_route=\/wp\/v2\/posts\/9066","targetHints":{"allow":["GET"]}}],"collection":[{"href":"https:\/\/ypjrojava.net\/index.php?rest_route=\/wp\/v2\/posts"}],"about":[{"href":"https:\/\/ypjrojava.net\/index.php?rest_route=\/wp\/v2\/types\/post"}],"author":[{"embeddable":true,"href":"https:\/\/ypjrojava.net\/index.php?rest_route=\/wp\/v2\/users\/1"}],"replies":[{"embeddable":true,"href":"https:\/\/ypjrojava.net\/index.php?rest_route=%2Fwp%2Fv2%2Fcomments&post=9066"}],"version-history":[{"count":8,"href":"https:\/\/ypjrojava.net\/index.php?rest_route=\/wp\/v2\/posts\/9066\/revisions"}],"predecessor-version":[{"id":14875,"href":"https:\/\/ypjrojava.net\/index.php?rest_route=\/wp\/v2\/posts\/9066\/revisions\/14875"}],"wp:featuredmedia":[{"embeddable":true,"href":"https:\/\/ypjrojava.net\/index.php?rest_route=\/wp\/v2\/media\/14874"}],"wp:attachment":[{"href":"https:\/\/ypjrojava.net\/index.php?rest_route=%2Fwp%2Fv2%2Fmedia&parent=9066"}],"wp:term":[{"taxonomy":"category","embeddable":true,"href":"https:\/\/ypjrojava.net\/index.php?rest_route=%2Fwp%2Fv2%2Fcategories&post=9066"},{"taxonomy":"post_tag","embeddable":true,"href":"https:\/\/ypjrojava.net\/index.php?rest_route=%2Fwp%2Fv2%2Ftags&post=9066"}],"curies":[{"name":"wp","href":"https:\/\/api.w.org\/{rel}","templated":true}]}}