{"id":9078,"date":"2019-08-25T17:12:40","date_gmt":"2019-08-25T17:12:40","guid":{"rendered":"https:\/\/ypjrojava.net\/?p=9078"},"modified":"2022-07-21T15:35:16","modified_gmt":"2022-07-21T15:35:16","slug":"axin-nucan-em-e-rexistinbuneke-nu-ya-jinan-a-leskeri-biafirinin","status":"publish","type":"post","link":"https:\/\/ypjrojava.net\/?p=9078","title":{"rendered":"Ax\u00een N\u00fbcan: Em \u00ca R\u00eaxistinb\u00fbneke N\u00fb Ya Jinan A Le\u015fker\u00ee Biafir\u00eenin"},"content":{"rendered":"<p>Endama Fermandariya Gi\u015ft\u00ee ya YPJ&#8217;\u00ea Ax\u00een N\u00fbcan diyar kir, jin w\u00ea p\u00ea\u015fengiy\u00ea ji jin\u00fbve r\u00eaxistinb\u00fbna QSD&#8217;\u00ea re bikin \u00fb got, &#8220;Em \u00ea r\u00eaxistinb\u00fbneke n\u00fb ya jinan a le\u015fker\u00ee biafir\u00eenin.&#8221;<\/p>\n<p>YPJ ku yek ji p\u00eakhatey\u00ean bingeh\u00een \u00ean H\u00eaz\u00ean S\u00fbriyeya Demokrat\u00eek (QSD) ye,<\/p>\n<p>tevl\u00ee civ\u00eena salane ya QSD&#8217;\u00ea b\u00fb. YPJ di civ\u00een\u00ea de hem hevpar\u00ea biryar\u00ean gi\u015ft\u00ee ye hem j\u00ee amadekariyan dike ku li gor\u00ee xweseriya xwe r\u00eaxistiniya jin\u00ea ji n\u00fb ve biafir\u00eene.<\/p>\n<p>Endama Fermandariya Gi\u015ft\u00ee ya YPJ&#8217;\u00ea Ax\u00een N\u00fbcan qala rojeva civ\u00een\u00ea, n\u00eeqa\u015fan \u00fb asta biryardan\u00ea kir.<\/p>\n<p><strong>&#8216;BI HI\u015eMENDIYA BERPIRSYARIYA D\u00ceROK\u00ce ME N\u00ceQA\u015e KIR&#8217;<\/strong><\/p>\n<p>Ax\u00een N\u00fbcan bal ki\u015fand ser t\u00eako\u015f\u00eena li dij\u00ee DA\u00ce\u015e&#8217;\u00ea \u00fb got, &#8220;Di t\u00eako\u015f\u00eena dij\u00ee DA\u00ce\u015e&#8217;\u00ea de em bi ser ketin, l\u00ea bel\u00ea haya me j\u00ea heye ku t\u00eako\u015f\u00een didome. Me di v\u00ea civ\u00een\u00ea de bi xurt\u00ee n\u00eeqa\u015f kir ku karibin t\u00eako\u015f\u00eeneke mezintir li dij\u00ee DA\u00ce\u015e&#8217;\u00ea bime\u015f\u00eenin \u00fb serketin\u00ean mezin biafir\u00eenin. M\u00eena ku em her tim dib\u00eajin, ji bo me ya esas\u00ee t\u00eako\u015f\u00eene. Di civ\u00eena me de ev rew\u015f careke din hate destn\u00ee\u015fankirin.<\/p>\n<p>Em QSD \u00fb YPJ bi berpirsyariya d\u00eerok\u00ee dixwazin kar\u00ea xwe p\u00eak b\u00eenin. Ji bo v\u00ea j\u00ee di \u00e7ar\u00e7oveya tecr\u00fbbey\u00ean xwe de me k\u00eamasiy\u00ean xwe nirxand. Me hewl dan taybetmendiy\u00ean xwe y\u00ean xurt xurtir bikin. Mijareke din a civ\u00eena me bi v\u00ee reng\u00ee b\u00fb.&#8221;<\/p>\n<p><strong>&#8216;ME METIRS\u00ce \u00db PARASTINA REWA N\u00ceQA\u015e KIR&#8217;<\/strong><\/p>\n<p>Ax\u00een N\u00fbcan bal ki\u015fand ser p\u00eavajoy\u00ea \u00fb metirsiy\u00ean hey\u00ee \u00fb got, &#8220;Em ne ten\u00ea DA\u00ce\u015e&#8217;\u00ea weke metirsiy\u00ea dib\u00eenin, di heman dem\u00ea de dewleta Tirk ji bo dagirkirin\u00ea gef\u00ea dixwe. Me n\u00eeqa\u015f kirin ku li dij\u00ee v\u00ea yek\u00ea dikarin \u00e7i bikin, amadekariy\u00ean bi \u00e7i reng\u00ee bikin.&#8221;<\/p>\n<p><strong>&#8216;EM AMADE NE KU BI REJ\u00ceM\u00ca RE \u00c7ARESERIYEKE DEMOKRAT\u00ceK BIAFIR\u00ceNIN&#8217;<\/strong><\/p>\n<p>N\u00fbcan destn\u00ee\u015fan kir ku ew her tim dixwazin bi m\u00fbxatab\u00ean xwe y\u00ean li her\u00eam\u00ea \u00fb h\u00eaz\u00ean c\u00eeran re di nava a\u015ftiy\u00ea de bin \u00fb got, &#8220;Di civ\u00eena me de r\u00ea \u00fb r\u00eabaz\u00ean a\u015ftiy\u00ea y\u00ean ji bo v\u00ea yek\u00ea hatin n\u00eeqa\u015fkirin.<\/p>\n<p>Em di nava w\u00ea l\u00eager\u00een\u00ea de ne ku a\u015ftiy\u00ea biafir\u00eenin \u00fb aramiy\u00ea ji bo gel\u00ea xwe p\u00eak b\u00eenin. Em amade ne ku bi rej\u00eema S\u00fbriyey\u00ea re \u00e7areseriyek\u00ea p\u00eak b\u00eenin. Di \u00e7ar\u00e7oveya ewlekirina maf\u00ean Kurdan \u00fb hem\u00fb gel\u00ean her\u00eam\u00ea bi dest\u00fbra bingeh\u00een em amade ne bi rej\u00eema S\u00fbriyey\u00ea re \u00e7areseriyek\u00ea p\u00eak b\u00eenin. Doh j\u00ee me ev yek got, \u00eero j\u00ee em heman ti\u015ft\u00ee dib\u00eajin.&#8221;<\/p>\n<p><strong>&#8216;EM JI QADA JI 5 K\u00ceLOMETREY\u00ce H\u00caZ\u00caN XWE VEDIKI\u015e\u00ceNIN&#8217;<\/strong><\/p>\n<p>N\u00fbcan an\u00ee ziman ku yek ji mijar\u00ean gir\u00eeng \u00ean civ\u00een\u00ea j\u00ee n\u00eeqa\u015f\u00ean der bar\u00ea ewlekariya s\u00eenor b\u00fb \u00fb got, &#8220;Plana Her\u00eama Ewle planeke ku h\u00een t\u00ea n\u00eeqa\u015fkirin. Detay\u00ean w\u00ea h\u00een diyar neb\u00fbne, gelek mijar t\u00ean n\u00eeqa\u015fkirin. Ji ber ku h\u00een hin mijar hene ku Tirkiyey\u00ea j\u00ee me j\u00ee j\u00ee qeb\u00fbl nekirin.<\/p>\n<p>Hin gav\u00ean prat\u00eek\u00ee y\u00ean ji bo niyeta ba\u015f hatin av\u00eatin. Em h\u00eaz\u00ean YPG \u00fb YPJ&#8217;\u00ea ji qada 5 k\u00eelometrey\u00ee ya s\u00eenor vediki\u015f\u00eenin. Li her\u00eam\u00ean ku h\u00eaz\u00ean YPG \u00fb YPJ j\u00ea t\u00ean veki\u015fandin \u015fervan\u00ean mecl\u00ees\u00ean le\u015fker\u00ee y\u00ean her\u00eaman t\u00ean bicihkirin. L\u00ea bel\u00ea h\u00een n\u00eeqa\u015f\u00ean der bar\u00ea ewlekariya s\u00eenor bi daw\u00ee neb\u00fbne. Ji bo ewlekar\u00ee \u00fb aramiya gel\u00ea xwe em ji her gav\u00ea re amade ne \u00fb 7-8 sal in em banga v\u00ea yek\u00ea dikin.&#8221;<\/p>\n<p><strong>&#8216;EM \u00ca XWE JI N\u00db VE BI R\u00caXISTIN BIKIN&#8217;<\/strong><\/p>\n<p>Endama Fermandariya Gi\u015ft\u00ee ya YPJ&#8217;\u00ea Ax\u00een N\u00fbcan diyar kir, YPJ, YPG \u00fb QSD ku 7-8 sal in di nava \u015fer de ne yekemcar e ku derfet\u00ea dib\u00eenin bi v\u00ee reng\u00ee li hev kom bibin \u00fb ji n\u00fb ve r\u00eaxistinb\u00fbn\u00ea n\u00eeqa\u015f bikin \u00fb got, &#8220;Di v\u00ea civ\u00een\u00ea de ku ji bo me firsendeke d\u00eerok\u00ee ye, me ji n\u00fb ve r\u00eaxistinb\u00fbn n\u00eeqa\u015f kirin. Me der bar\u00ea r\u00eaxistinb\u00fbneke ba\u015ftir a dema n\u00fb n\u00eeqa\u015f kir.<\/p>\n<p>Civ\u00eeneke serket\u00ee b\u00fb. Ji xwe her bajar\u00ee mecl\u00ees\u00ean xwe y\u00ean le\u015fker\u00ee ava kirine, ava dikin. QSD w\u00ea ji niha \u00fb p\u00ea ve xwe bi reng\u00ea mecl\u00eesan bi r\u00eaxistin bike.&#8221;<\/p>\n<p><strong>&#8216;EM \u00ca P\u00ca\u015eENGIY\u00ca JI JIN\u00dbVE R\u00caXISTINB\u00dbN\u00ca RE BIKIN&#8217;<\/strong><\/p>\n<p>Ax\u00een N\u00fbcan der bar\u00ea ji n\u00fb ve avab\u00fbn\u00ea de got, &#8220;Pi\u015ft\u00ee dem \u00fb \u015ferek\u00ee dir\u00eaj me n\u00eeqa\u015f dikir ku r\u00eaxistinb\u00fbna xwe bi \u00e7i reng\u00ee dikarin ji n\u00fb ve ava bikin. Di konferansa xwe ya beriya s\u00ea mehan de me n\u00eeqa\u015f kir, l\u00ea bel\u00ea \u015f\u00eaweyek\u00ee berbi\u00e7av destn\u00ee\u015fan nekir.<\/p>\n<p>Me di konferans\u00ea de diyar kir, \u00e7awa ku di \u015fer de em bi rola p\u00ea\u015fengiy\u00ea tevgeriyan, di p\u00eavajoya jin\u00fbve r\u00eaxistinb\u00fbn\u00ea de j\u00ee div\u00ea em bi rola p\u00ea\u015fengiy\u00ea tevbigerin. Di v\u00ea \u00e7ar\u00e7ovey\u00ea de em \u00ea ji kar\u00ea ji n\u00fb ve r\u00eaxistinb\u00fbn\u00ea re j\u00ee p\u00ea\u015fengiy\u00ea bikin. Haya me ji wez\u00eefe \u00fb berpirsyariy\u00ean me y\u00ean dema b\u00ea heye.&#8221;<\/p>\n<p>ANF\/ HES\u00caK\u00ca<\/p>\n<p>&nbsp;<\/p>\n","protected":false},"excerpt":{"rendered":"<p>Endama Fermandariya Gi\u015ft\u00ee ya YPJ&#8217;\u00ea Ax\u00een N\u00fbcan diyar kir, jin w\u00ea p\u00ea\u015fengiy\u00ea ji jin\u00fbve r\u00eaxistinb\u00fbna QSD&#8217;\u00ea re bikin \u00fb got, &#8220;Em \u00ea r\u00eaxistinb\u00fbneke n\u00fb ya jinan a le\u015fker\u00ee biafir\u00eenin.&#8221; YPJ ku yek ji p\u00eakhatey\u00ean bingeh\u00een \u00ean H\u00eaz\u00ean S\u00fbriyeya Demokrat\u00eek (QSD) ye, tevl\u00ee civ\u00eena salane ya QSD&#8217;\u00ea b\u00fb. YPJ di civ\u00een\u00ea de hem hevpar\u00ea biryar\u00ean gi\u015ft\u00ee [&hellip;]<\/p>\n","protected":false},"author":1,"featured_media":14873,"comment_status":"closed","ping_status":"closed","sticky":false,"template":"","format":"standard","meta":{"footnotes":""},"categories":[38],"tags":[],"class_list":{"0":"post-9078","1":"post","2":"type-post","3":"status-publish","4":"format-standard","5":"has-post-thumbnail","7":"category-nuce"},"_links":{"self":[{"href":"https:\/\/ypjrojava.net\/index.php?rest_route=\/wp\/v2\/posts\/9078","targetHints":{"allow":["GET"]}}],"collection":[{"href":"https:\/\/ypjrojava.net\/index.php?rest_route=\/wp\/v2\/posts"}],"about":[{"href":"https:\/\/ypjrojava.net\/index.php?rest_route=\/wp\/v2\/types\/post"}],"author":[{"embeddable":true,"href":"https:\/\/ypjrojava.net\/index.php?rest_route=\/wp\/v2\/users\/1"}],"replies":[{"embeddable":true,"href":"https:\/\/ypjrojava.net\/index.php?rest_route=%2Fwp%2Fv2%2Fcomments&post=9078"}],"version-history":[{"count":3,"href":"https:\/\/ypjrojava.net\/index.php?rest_route=\/wp\/v2\/posts\/9078\/revisions"}],"predecessor-version":[{"id":9083,"href":"https:\/\/ypjrojava.net\/index.php?rest_route=\/wp\/v2\/posts\/9078\/revisions\/9083"}],"wp:featuredmedia":[{"embeddable":true,"href":"https:\/\/ypjrojava.net\/index.php?rest_route=\/wp\/v2\/media\/14873"}],"wp:attachment":[{"href":"https:\/\/ypjrojava.net\/index.php?rest_route=%2Fwp%2Fv2%2Fmedia&parent=9078"}],"wp:term":[{"taxonomy":"category","embeddable":true,"href":"https:\/\/ypjrojava.net\/index.php?rest_route=%2Fwp%2Fv2%2Fcategories&post=9078"},{"taxonomy":"post_tag","embeddable":true,"href":"https:\/\/ypjrojava.net\/index.php?rest_route=%2Fwp%2Fv2%2Ftags&post=9078"}],"curies":[{"name":"wp","href":"https:\/\/api.w.org\/{rel}","templated":true}]}}