{"id":9088,"date":"2019-09-10T07:11:06","date_gmt":"2019-09-10T07:11:06","guid":{"rendered":"https:\/\/ypjrojava.net\/?p=9088"},"modified":"2022-08-07T07:57:07","modified_gmt":"2022-08-07T07:57:07","slug":"du-dewreyen-servanen-ypje-bi-dawi-bu","status":"publish","type":"post","link":"https:\/\/ypjrojava.net\/?p=9088","title":{"rendered":"Du Dewrey\u00ean \u015eervan\u00ean Ypj\u2019\u00ea Bi Daw\u00ee B\u00fb"},"content":{"rendered":"<p>&nbsp;<\/p>\n<p>Li \u015eedad\u00ea, akademiya \u015feh\u00eed B\u00ear\u00eevan, du dewrey\u00ean \u015fervan\u00ean n\u00fb y\u00ean YPJ\u2019\u00ea bi nav\u00ea \u015feh\u00eed R\u00fbqeya Ereb \u00fb \u015feh\u00eed Jiyan Ser\u00eakaniy\u00ea bi meras\u00eemeke le\u015fker\u00ee daw\u00ee b\u00fb.<\/p>\n<p>Di meras\u00eem\u00ea de fermandara YPJ\u2019\u00ea R\u00fbken Efr\u00een axiv\u00ee, girtina herdu dewreyan li \u015fervanan p\u00eeroz kir \u00fb wiha got: \u201cTevl\u00eeb\u00fbna her ke\u00e7ek\u00ea, ya nava YPJ\u2019\u00ea xwed\u00ee gir\u00eengiyeke mezin e. Em weke jin weke ke\u00e7\u00ean ciwan beriya her kes\u00ee di ber parastina welat \u00fb gel\u00ea xwe de berpirsyarin. R\u00eaber APO, got \u015fore\u015fa rojava \u015fore\u015fa jin\u00ea ye. Ew dem em \u00ea bi tevl\u00eeb\u00fbna nav \u015fore\u015f\u00ea, \u015fore\u015fa xwe bipar\u00eazin. Ji bo famkirin \u00fb tevl\u00eeb\u00fbnek rast, b\u00ea \u00e7\u00eakirin perwerdeya bingeh\u00een ji gelek l\u00eager\u00een \u00fb pirsan re dibe bersiv. Ev perwerdeya we d\u00eet li ser s\u00ea xalan hate d\u00eetin. Perwerdeya fikr\u00ee, le\u015fker\u00ee \u00fb tekn\u00eek\u00ee b\u00fb. Dewreyek ji \u015fervan\u00ean Kurd \u00fb dewreyek ji \u015fervan\u00ean Ereb b\u00fb. Ev perwerde di heman dem\u00ea de b\u00fb bingeha jiyana bi hevre b\u00fby\u00een \u00fb avakirina hi\u015fmendiya netewa demokrat\u00eek.\u201d<\/p>\n<p>Efr\u00een, di daw\u00ee de bal ki\u015fand ser erk \u00fb berpirsyariy\u00ean dikevin ser mil\u00ea her \u015fervaneke YPJ\u2019\u00ea \u00e7ine \u00fb wiha got: \u201cHem\u00fb heval dizanin em di demek gir\u00eeng y\u00ea teko\u015f\u00een\u00ea de jiyan dikin. Roleke mezin dikeve ser mil\u00ea h\u00eaz\u00ean parastin\u00ea. P\u00eaw\u00eeste hun di w\u00ea zaneb\u00fbn\u00ea de b\u00fbn ku di demeke wiha awerte da tevl\u00eeb\u00fbna we bersiveke ji gefxwarin\u00ean li ser gel \u00fb welat\u00ea me. Em di w\u00ea baweriy\u00ea da ne, h\u00eaza we ji v\u00ea perwerdey\u00ea girtiye hun\u00ea li qad\u00ean bi\u00e7in\u00ea tevl\u00eeb\u00fbneke bi serkeft\u00ee raber bikin. Li ser w\u00ea bingeh\u00ea em careke din perwerdeya hatiye d\u00eetin li we hem\u00fb \u015fervanan \u00fb \u015feh\u00eed\u00ean xwe p\u00eeroz dikin. \u201d<\/p>\n<p>\u015eervan\u00ean perwerdeya xwe bi daw\u00ee kirin axiv\u00een \u00fb armanc\u00ean xwe y\u00ea tevl\u00eeb\u00fbn\u00ea an\u00een ziman. \u015fervana bi nav\u00ea \u015e\u00ear\u00een Deriya, wiha got: \u201c Tevl\u00eebuna min ya di nava ref\u00ean YPJ&#8221;\u00ea de ji bo ku ez xwe \u00fb hem\u00fb jinan azad bikim. Li p\u00ea\u015f \u00e7av\u00ea me her roj \u015feh\u00eed t\u00ean day\u00een, gel\u00ea me berd\u00ealan dide. Ez j\u00ee weke ke\u00e7eke ciwan dixwezim bi tevl\u00eeb\u00fbna xwe ji v\u00ea rastiy\u00ea re bibim bersiv. R\u00eaya azadkirina me j\u00ee di perwerdekirin\u00ea re derbas dibe. Min di v\u00ea perwerd\u00ea de ev rast\u00ee d\u00eet.\u201d<\/p>\n<p>\u015eervana YPJ&#8221;\u00ea N\u00eav\u00een omer\u00ee j\u00ee wiha got: \u201carmanca tevl\u00eebuna min R\u00eabert\u00ee \u00fb \u015feh\u00eed b\u00fbn. H\u00eaviya min em di nav welatek azad, s\u00fbryek\u00ee demokrat\u00eek de bij\u00een. Her \u00e7ar par\u00e7\u00ea kurdistan\u00ea bixin yek. Gir\u00eadana min ya bi YPJ&#8217;\u00ea re pi\u015ft\u00ee xwi\u015fka min tevl\u00ee b\u00fb z\u00eadetir b\u00fb. Ez j\u00ee dixwezim weke xwi\u015fka xwe bibim \u015fervanek ya \u015fore\u015f\u00ea \u00fb di \u015fopa ew t\u00ea de dime\u015fe ez j\u00ee bime\u015fim.\u201d<\/p>\n<p>\u015eervana YPJ&#8217;\u00ea Roj\u00een Reqa j\u00ee axiv\u00ee \u00fb got: \u201cTevl\u00eebuna min di nava YPJ&#8217;\u00ea de ji bo ku ez \u00a0xwe azad bikim \u00fb hem\u00fb jin\u00ean bin dest azad bikim. Min gelek feyde ji v\u00ea perwerd\u00ea d\u00eet \u00fb bi taybet perwerdey\u00ean birdoz\u00ee. Heval\u00ean ku perwerde didan pir bi mere b\u00fbn al\u00eekar ji bo ku em encamek\u00ee bi h\u00eaz bigrin. Bi taybet ders\u00ean li ser min bandora xwe mezin da \u00e7\u00eakirin, D\u00eeroka jin, rastiya R\u00eaber APO \u00fb netewa demokrat\u00eek b\u00fb. Em ji xwe bawerin ku em \u00ea di prat\u00eek\u00ea de tevl\u00eeb\u00fbneke xurtir bidin \u00e7\u00eakirin.\u201d<\/p>\n<p>Meras\u00eem bi xwendina sondxwarina \u015fervanan \u00fb gerandina govend\u00ea hate bi daw\u00ee kirin.<\/p>\n<p>Navenda Ragihandina #YPJ<\/p>\n<p>&nbsp;<\/p>\n","protected":false},"excerpt":{"rendered":"<p>&nbsp; Li \u015eedad\u00ea, akademiya \u015feh\u00eed B\u00ear\u00eevan, du dewrey\u00ean \u015fervan\u00ean n\u00fb y\u00ean YPJ\u2019\u00ea bi nav\u00ea \u015feh\u00eed R\u00fbqeya Ereb \u00fb \u015feh\u00eed Jiyan Ser\u00eakaniy\u00ea bi meras\u00eemeke le\u015fker\u00ee daw\u00ee b\u00fb. Di meras\u00eem\u00ea de fermandara YPJ\u2019\u00ea R\u00fbken Efr\u00een axiv\u00ee, girtina herdu dewreyan li \u015fervanan p\u00eeroz kir \u00fb wiha got: \u201cTevl\u00eeb\u00fbna her ke\u00e7ek\u00ea, ya nava YPJ\u2019\u00ea xwed\u00ee gir\u00eengiyeke mezin e. Em [&hellip;]<\/p>\n","protected":false},"author":1,"featured_media":15431,"comment_status":"closed","ping_status":"closed","sticky":false,"template":"","format":"standard","meta":{"footnotes":""},"categories":[38],"tags":[],"class_list":{"0":"post-9088","1":"post","2":"type-post","3":"status-publish","4":"format-standard","5":"has-post-thumbnail","7":"category-nuce"},"_links":{"self":[{"href":"https:\/\/ypjrojava.net\/index.php?rest_route=\/wp\/v2\/posts\/9088","targetHints":{"allow":["GET"]}}],"collection":[{"href":"https:\/\/ypjrojava.net\/index.php?rest_route=\/wp\/v2\/posts"}],"about":[{"href":"https:\/\/ypjrojava.net\/index.php?rest_route=\/wp\/v2\/types\/post"}],"author":[{"embeddable":true,"href":"https:\/\/ypjrojava.net\/index.php?rest_route=\/wp\/v2\/users\/1"}],"replies":[{"embeddable":true,"href":"https:\/\/ypjrojava.net\/index.php?rest_route=%2Fwp%2Fv2%2Fcomments&post=9088"}],"version-history":[{"count":1,"href":"https:\/\/ypjrojava.net\/index.php?rest_route=\/wp\/v2\/posts\/9088\/revisions"}],"predecessor-version":[{"id":9090,"href":"https:\/\/ypjrojava.net\/index.php?rest_route=\/wp\/v2\/posts\/9088\/revisions\/9090"}],"wp:featuredmedia":[{"embeddable":true,"href":"https:\/\/ypjrojava.net\/index.php?rest_route=\/wp\/v2\/media\/15431"}],"wp:attachment":[{"href":"https:\/\/ypjrojava.net\/index.php?rest_route=%2Fwp%2Fv2%2Fmedia&parent=9088"}],"wp:term":[{"taxonomy":"category","embeddable":true,"href":"https:\/\/ypjrojava.net\/index.php?rest_route=%2Fwp%2Fv2%2Fcategories&post=9088"},{"taxonomy":"post_tag","embeddable":true,"href":"https:\/\/ypjrojava.net\/index.php?rest_route=%2Fwp%2Fv2%2Ftags&post=9088"}],"curies":[{"name":"wp","href":"https:\/\/api.w.org\/{rel}","templated":true}]}}