{"id":9091,"date":"2019-09-10T07:13:50","date_gmt":"2019-09-10T07:13:50","guid":{"rendered":"https:\/\/ypjrojava.net\/?p=9091"},"modified":"2022-07-22T06:11:18","modified_gmt":"2022-07-22T06:11:18","slug":"akedemiya-sehid-sozdar-derik-dibistana-sehid-tekosin-rizgar-vekir","status":"publish","type":"post","link":"https:\/\/ypjrojava.net\/?p=9091","title":{"rendered":"Akademiya \u015eeh\u00eed Sozdar D\u00ear\u00eek dibistana \u015eeh\u00eed Teko\u015f\u00een Rizgar vekir\u00a0 \u00a0"},"content":{"rendered":"<p>&nbsp;<\/p>\n<p>Li her\u00eama Ciz\u00eer\u00ea akedemiya yek\u00eeney\u00ean parastina jin YPJ\u2019\u00ea ya bi nav\u00ea \u015feh\u00eed Sozdar D\u00ear\u00eek, dibistana \u015feh\u00eed Teko\u015f\u00een Rizgar, dewreya \u015feh\u00eed Jiyan ya ku ji p\u00eakhatiya \u015fervan\u00ean Kurd \u00fb Ereb p\u00eak t\u00ea vekir.<\/p>\n<p>Dibistana \u015feh\u00eed Teko\u015f\u00een Rizgar, dewreya \u015feh\u00eed Jiyan<\/p>\n<p>li Qantona Hesek\u00ea bi be\u015fdariya dehan \u015fervan \u00fb fermandar\u00ean YPJ\u2019\u00ea, bi meras\u00eemeke le\u015fker\u00ee hate vekirin. Di meras\u00eem\u00ea de ji fermandara yek\u00eeneya parastina jin\u00ea YPJ\u2019\u00ea Soz\u00ea Qami\u015flo Axiv\u00ee. Fermandar Soz\u00ea vekirina akedemiy\u00ea li \u015fervanan, \u015feh\u00eedan \u00fb R\u00eaber Apo, p\u00eeroz kir \u00fb wiha behsa gir\u00eengiya perwerdey\u00ea kir: \u201cDi demeke wiha de dest p\u00eakirina akedemiya \u015feh\u00eed Teko\u015f\u00een, di ser\u00ee de ji bo we \u015fagirt\u00ean akedemiy\u00ea \u00fb ji bo me hem\u00fbyan wateyeke xwe ya mezin heye. Em \u00e7iqas xwe perwerde bikin em \u00ea ewqas\u00ee rast tevl\u00ee erk\u00ean dem\u00ea bibin. Xeteriya li ser gel\u00ea me \u00fb li ser destkeftiy\u00ean me bi daw\u00ee neb\u00fbne. Di ser\u00ee de li ser zaneb\u00fbna nasnameya jin, li ser sekin \u00fb pisportiya le\u015fker\u00ee p\u00eaw\u00eestiya me ya xwe kurb\u00fbn\u00ea heye. W\u00ea ev perwerde bibe wes\u00eele l\u00eah\u00fbrb\u00fbneke k\u00fbr li ser v\u00ea bingeh\u00ee were avakirin. Em bi v\u00ea h\u00eav\u00ee \u00fb baweriy\u00ea ji niha de serkeftin\u00ea dixwezin.\u201d<\/p>\n<p>Pi\u015ft\u00ee merasim bi daw\u00ee b\u00fb, \u015fervan\u00ean sonda ku hatib\u00fb amadekirin xwendin \u00fb bi gerandina govend\u00ea daw\u00ee li meras\u00eem\u00ea an\u00een.<\/p>\n<p>Navenda Ragihandina #YPJ<\/p>\n<p>&nbsp;<\/p>\n<p><iframe loading=\"lazy\" title=\"Akedemiya \u015feh\u00eed Sozdar D\u00ear\u00eek dibistana \u015feh\u00eed Teko\u015f\u00een Rizgar vekir\" width=\"696\" height=\"392\" src=\"https:\/\/www.youtube.com\/embed\/BJ6PdJhDhyo?feature=oembed\" frameborder=\"0\" allow=\"accelerometer; autoplay; clipboard-write; encrypted-media; gyroscope; picture-in-picture; web-share\" referrerpolicy=\"strict-origin-when-cross-origin\" allowfullscreen><\/iframe><\/p>\n<p>&nbsp;<\/p>\n","protected":false},"excerpt":{"rendered":"<p>&nbsp; Li her\u00eama Ciz\u00eer\u00ea akedemiya yek\u00eeney\u00ean parastina jin YPJ\u2019\u00ea ya bi nav\u00ea \u015feh\u00eed Sozdar D\u00ear\u00eek, dibistana \u015feh\u00eed Teko\u015f\u00een Rizgar, dewreya \u015feh\u00eed Jiyan ya ku ji p\u00eakhatiya \u015fervan\u00ean Kurd \u00fb Ereb p\u00eak t\u00ea vekir. Dibistana \u015feh\u00eed Teko\u015f\u00een Rizgar, dewreya \u015feh\u00eed Jiyan li Qantona Hesek\u00ea bi be\u015fdariya dehan \u015fervan \u00fb fermandar\u00ean YPJ\u2019\u00ea, bi meras\u00eemeke le\u015fker\u00ee hate vekirin. [&hellip;]<\/p>\n","protected":false},"author":1,"featured_media":14887,"comment_status":"closed","ping_status":"closed","sticky":false,"template":"","format":"standard","meta":{"footnotes":""},"categories":[38],"tags":[],"class_list":{"0":"post-9091","1":"post","2":"type-post","3":"status-publish","4":"format-standard","5":"has-post-thumbnail","7":"category-nuce"},"_links":{"self":[{"href":"https:\/\/ypjrojava.net\/index.php?rest_route=\/wp\/v2\/posts\/9091","targetHints":{"allow":["GET"]}}],"collection":[{"href":"https:\/\/ypjrojava.net\/index.php?rest_route=\/wp\/v2\/posts"}],"about":[{"href":"https:\/\/ypjrojava.net\/index.php?rest_route=\/wp\/v2\/types\/post"}],"author":[{"embeddable":true,"href":"https:\/\/ypjrojava.net\/index.php?rest_route=\/wp\/v2\/users\/1"}],"replies":[{"embeddable":true,"href":"https:\/\/ypjrojava.net\/index.php?rest_route=%2Fwp%2Fv2%2Fcomments&post=9091"}],"version-history":[{"count":3,"href":"https:\/\/ypjrojava.net\/index.php?rest_route=\/wp\/v2\/posts\/9091\/revisions"}],"predecessor-version":[{"id":14888,"href":"https:\/\/ypjrojava.net\/index.php?rest_route=\/wp\/v2\/posts\/9091\/revisions\/14888"}],"wp:featuredmedia":[{"embeddable":true,"href":"https:\/\/ypjrojava.net\/index.php?rest_route=\/wp\/v2\/media\/14887"}],"wp:attachment":[{"href":"https:\/\/ypjrojava.net\/index.php?rest_route=%2Fwp%2Fv2%2Fmedia&parent=9091"}],"wp:term":[{"taxonomy":"category","embeddable":true,"href":"https:\/\/ypjrojava.net\/index.php?rest_route=%2Fwp%2Fv2%2Fcategories&post=9091"},{"taxonomy":"post_tag","embeddable":true,"href":"https:\/\/ypjrojava.net\/index.php?rest_route=%2Fwp%2Fv2%2Ftags&post=9091"}],"curies":[{"name":"wp","href":"https:\/\/api.w.org\/{rel}","templated":true}]}}