{"id":9100,"date":"2019-09-12T06:38:12","date_gmt":"2019-09-12T06:38:12","guid":{"rendered":"https:\/\/ypjrojava.net\/?p=9100"},"modified":"2019-09-12T06:38:12","modified_gmt":"2019-09-12T06:38:12","slug":"ez-e-werim-rojava","status":"publish","type":"post","link":"https:\/\/ypjrojava.net\/?p=9100","title":{"rendered":"Ez \u00ca Werim Rojava"},"content":{"rendered":"<p>&nbsp;<\/p>\n<p>Daye ger ku bimrim<\/p>\n<p>Min bi\u015f\u00eene rojava bi dilop\u00ean baran\u00ea re<\/p>\n<p>Daye ger nemrim min bi\u015f\u00eene Rojava<\/p>\n<p>Bi bask\u00ean hechec\u00eekan re<\/p>\n<p>Ger bim\u00eenim j\u00ee, bimrim j\u00ee min bi\u015f\u00eene Rojava<\/p>\n<p>Di dil\u00ea min de hespek d\u00een<\/p>\n<p>Di \u00e7av\u00ean min de baranek sondxwar\u00ee<\/p>\n<p>Li deste min de \u00e7eka \u015feh\u00eed \u00c7ekj\u00een<\/p>\n<p>Min bi\u015f\u00eene Rojava day\u00ea bimrim j\u00ee nemrim j\u00ee<\/p>\n<p>Qevd\u00ean gul\u00ean hesreta kurdan<\/p>\n<p>\u00c7em\u00ea ku bi ax\u00een \u00fb zar\u00eena me lal b\u00fbye<\/p>\n<p>Teyr\u00ean ku bask\u00ean xwe ji<\/p>\n<p>Dilsoziya \u015feh\u00eedan \u00e7\u00eakirine<\/p>\n<p>Herin Rojava herin Rojava!<\/p>\n<p>Kul\u00eelk\u00ean xw\u00een\u00ea<\/p>\n<p>Jana bir\u00een\u00ea<\/p>\n<p>\u00ca\u015fa \u015fikestina dil<\/p>\n<p>Necin Rojava werin ba min<\/p>\n<p>Da ku rojava bi min \u015fad be<\/p>\n<p>Daye em bibin darek zeyt\u00fbn\u00ea<\/p>\n<p>Bazinek bin xet\u00ea<\/p>\n<p>\u015eekirek eyd\u00ea<\/p>\n<p>Daye em bibin civ\u00eek \u00fb bil\u00fbr<\/p>\n<p>Nane ten\u00fbr\u00ea, t\u00eala temb\u00fbr\u00ea<\/p>\n<p>Daye em dest bi dest bi\u00e7in Rojava<\/p>\n<p>Bibin Amed Rojava, Xerzan Rojava<\/p>\n<p>Mehabad Rojava, Hewl\u00ear Rojava<\/p>\n<p>Xewn\u00ean min li hesp\u00eak\u00ee d\u00een siwar kin<\/p>\n<p>Hesp\u00ea sond \u00fb qesem z\u00een kin<\/p>\n<p>Kurdistana dil\u015fad l\u00eakin<\/p>\n<p>Ber bi Rojava ve bir\u00eakin<\/p>\n<p>Terme min bi hespek\u00ee d\u00een siwar kin<\/p>\n<p>H\u00eaviya min l\u00ea bar kin<\/p>\n<p>Ken\u00eena zarok\u00ean Helep\u00e7e<\/p>\n<p>\u00db \u015f\u00eena h\u00eas\u00eerok\u00ean baran\u00ea<\/p>\n<p>Min ber bi Rojava ve bir\u00eakin<\/p>\n<p>Bi h\u00eav\u00ee \u00fb hesreta ku gavek z\u00fbtir werim<\/p>\n<p>Ba te Rojavaya min<\/p>\n<p>T\u00eam dest\u00ea, t\u00eam \u00e7av\u00ean te<\/p>\n<p><strong>Mizg\u00een Ronak<\/strong><\/p>\n<p><strong>Girt\u00eegeha Gebz\u00ea<\/strong><\/p>\n<p>&nbsp;<\/p>\n","protected":false},"excerpt":{"rendered":"<p>&nbsp; Daye ger ku bimrim Min bi\u015f\u00eene rojava bi dilop\u00ean baran\u00ea re Daye ger nemrim min bi\u015f\u00eene Rojava Bi bask\u00ean hechec\u00eekan re Ger bim\u00eenim j\u00ee, bimrim j\u00ee min bi\u015f\u00eene Rojava Di dil\u00ea min de hespek d\u00een Di \u00e7av\u00ean min de baranek sondxwar\u00ee Li deste min de \u00e7eka \u015feh\u00eed \u00c7ekj\u00een Min bi\u015f\u00eene Rojava day\u00ea bimrim j\u00ee [&hellip;]<\/p>\n","protected":false},"author":1,"featured_media":9101,"comment_status":"closed","ping_status":"closed","sticky":false,"template":"","format":"standard","meta":{"footnotes":""},"categories":[60],"tags":[],"class_list":{"0":"post-9100","1":"post","2":"type-post","3":"status-publish","4":"format-standard","5":"has-post-thumbnail","7":"category-helbest"},"_links":{"self":[{"href":"https:\/\/ypjrojava.net\/index.php?rest_route=\/wp\/v2\/posts\/9100","targetHints":{"allow":["GET"]}}],"collection":[{"href":"https:\/\/ypjrojava.net\/index.php?rest_route=\/wp\/v2\/posts"}],"about":[{"href":"https:\/\/ypjrojava.net\/index.php?rest_route=\/wp\/v2\/types\/post"}],"author":[{"embeddable":true,"href":"https:\/\/ypjrojava.net\/index.php?rest_route=\/wp\/v2\/users\/1"}],"replies":[{"embeddable":true,"href":"https:\/\/ypjrojava.net\/index.php?rest_route=%2Fwp%2Fv2%2Fcomments&post=9100"}],"version-history":[{"count":1,"href":"https:\/\/ypjrojava.net\/index.php?rest_route=\/wp\/v2\/posts\/9100\/revisions"}],"predecessor-version":[{"id":9102,"href":"https:\/\/ypjrojava.net\/index.php?rest_route=\/wp\/v2\/posts\/9100\/revisions\/9102"}],"wp:featuredmedia":[{"embeddable":true,"href":"https:\/\/ypjrojava.net\/index.php?rest_route=\/wp\/v2\/media\/9101"}],"wp:attachment":[{"href":"https:\/\/ypjrojava.net\/index.php?rest_route=%2Fwp%2Fv2%2Fmedia&parent=9100"}],"wp:term":[{"taxonomy":"category","embeddable":true,"href":"https:\/\/ypjrojava.net\/index.php?rest_route=%2Fwp%2Fv2%2Fcategories&post=9100"},{"taxonomy":"post_tag","embeddable":true,"href":"https:\/\/ypjrojava.net\/index.php?rest_route=%2Fwp%2Fv2%2Ftags&post=9100"}],"curies":[{"name":"wp","href":"https:\/\/api.w.org\/{rel}","templated":true}]}}