{"id":9107,"date":"2019-09-16T06:52:18","date_gmt":"2019-09-16T06:52:18","guid":{"rendered":"https:\/\/ypjrojava.net\/?p=9107"},"modified":"2022-06-18T14:13:59","modified_gmt":"2022-06-18T14:13:59","slug":"vejin-u-barine-bi-dengen-xwe-yen-ziz-eniyen-berxwedane-gur-dikirin","status":"publish","type":"post","link":"https:\/\/ypjrojava.net\/?p=9107","title":{"rendered":"Vej\u00een \u00db Bar\u00een\u00ea Bi Deng\u00ean Xwe Y\u00ean Z\u00eez  Eniy\u00ean Berxwedan\u00ea Gur Dikirin"},"content":{"rendered":"<p>\u015eore\u015fa Rojava li qel\u00ee\u015ftek\u00ean serp\u00eahatiy\u00ean gelek jin\u00ean ji bo azad\u00ee \u00fb parastina welat\u00ea xwe ti\u015ft\u00ean her\u00ee giranbuha feda kirine \u00fb giha\u015ftine asta \u015fahadet\u00ea, ve\u015fartiye.<\/p>\n<p>Du hevr\u00eay\u00ean jin; Sem\u00eere Osman \u00fb D\u00fcnya Bekir j\u00ee ji wan jinanin ku t\u00eako\u015fiyane \u00fb bi berd\u00eala can\u00ea xwe heta k\u00ealiya daw\u00een welat\u00ea xwe parastin. Sem\u00eere \u00fb D\u00fcnya du jin\u00ean ciwan \u00ean hunermed, hevr\u00ea \u00fb \u015fervan in. Her du heval ji Efr\u00een\u00ea b\u00fbn \u00fb bi malbat\u00ean xwe re li taxa \u015e\u00eaxmeqs\u00fbd a Heleb\u00ea bi cih b\u00fbb\u00fbn. Her du hevr\u00ea di Sibata 2018\u2019an de di Berxwedana Serdem\u00ea de, li war\u00ea xwe Efr\u00een\u00ea \u015feh\u00eed b\u00fbne.<\/p>\n<p><strong>Sem\u00eere \u00fb D\u00fcnya damezir\u00eener\u00ean yekem\u00een \u00ean koma stranan b\u00fbn<\/strong><\/p>\n<p>Sem\u00eere \u00fb D\u00fcnya di 2013\u2019an de bi avab\u00fbna Navenda \u00c7and \u00fb Huner\u00ea ya li taxa \u015e\u00eaxmeqs\u00fbd a Heleb\u00ea re tevli navend\u00ea dibin. W\u00ea dem\u00ea Sem\u00eere 12 \u00fb D\u00fcnya j\u00ee 13 sal\u00ee ne. Bi hunermend \u00fb endam\u00ean navend\u00ea re Koma Stranan a \u015eeh\u00eed N\u00fbr El-D\u00een ava dikin.<\/p>\n<p>Di w\u00ea dem\u00ea de koma wan yekem\u00een koma stranan ya taxa berxwedan\u00ea b\u00fb. Sem\u00eere \u00fb D\u00fcnya ji ber deng\u00ean xwe y\u00ean zelal \u00fb behrey\u00ean xwe y\u00ean huner\u00ee b\u00fbn p\u00ea\u015feng\u00ean kom\u00ea. Sem\u00eere \u00fb D\u00fcnya 3 salan di kom\u00ea de kar kirin \u00fb tevli hem\u00fb karan dib\u00fbn.<\/p>\n<p>Dema ku di 2016\u2019an de \u00e7eteyan \u00ear\u00ee\u015f\u00ee taxa \u015e\u00eaxmeqs\u00fbd kirin, \u015f\u00eaniy\u00ean tax\u00ea bi hevgirtineke mezin li ber xwe didin \u00fb pi\u015ftgiriya zarok\u00ean xwe y\u00ean li eniy\u00ean \u015fer, dikin. Sem\u00eere \u00fb D\u00fcnya j\u00ee ji bo taxa xwe bipar\u00eazin ber\u00ea xwe didin eniy\u00ean \u015fer \u00fb li dij\u00ee \u00ear\u00ee\u015f\u00ean hovane y\u00ean \u00e7eteyan li ber xwe didin.<\/p>\n<p>Her du hevr\u00ea bi rojan di eniyan de li k\u00ealeka \u015fervanan \u00e7eperan \u00e7\u00eadikin. Her wiha bi rojan li ser bend\u00ean kontrol\u00ea disekinin \u00fb ji \u015fervanan re dibin \u00e7avkaniya moral\u00ea.<\/p>\n<p>Biray\u00ea D\u00fcnya, Mihemed Bekir \u00ea bi nasnav Dil\u015f\u00ear di eniy\u00ean berxwedan\u00ea de \u015feh\u00eed dibe. \u015eeh\u00eed Dil\u015f\u00ear w\u00ea dem\u00ea endam\u00ea H\u00eaz\u00ean Asay\u00ee\u015f\u00ea b\u00fb \u00fb di parastina tax\u00ea de \u015feh\u00eed dikeve. \u015eehadeta biray\u00ea w\u00ea bandoreke mezin l\u00ea dike. D\u00fcnya soza \u015fopandina r\u00eaya biray\u00ea xwe dide \u00fb \u00e7eka w\u00ee hildide.<\/p>\n<p>D\u00fcnya di 10\u2019\u00ea Hez\u00eerana 2016`an de bi nasnav\u00ea Bar\u00een Dil\u015f\u00ear tevli \u015fer\u00ea \u015e\u00eaxmeqs\u00fbd dibe. Sem\u00eere j\u00ee bi tevl\u00eab\u00fbna hevr\u00eaya xwe pir bandor dibe \u00fb pi\u015ft\u00ee 10 rojan bi nav\u00ea Vej\u00een El\u00ee \u015e\u00ear tevli ref\u00ean YPJ\u2019\u00ea dibe. Her du heval heta serkeftina berxwedana tax\u00ea di eniy\u00ean \u015fer de li ber xwe didin.<\/p>\n<p><strong>Bi deng\u00ean xwe y\u00ean z\u00eez di Berxwedana Serdem\u00ea de amade b\u00fbn<\/strong><\/p>\n<p>Pi\u015ft\u00ee ku dewleta Tirk a dagirker \u00ear\u00ee\u015f\u00ee kantona Efr\u00een\u00ea dike, \u015fervan\u00ean YPG \u00fb YPJ\u2019\u00ea y\u00ean \u015e\u00eaxmeqs\u00fbd cih\u00ea xwe di eniy\u00ean Berxwedana Serdem\u00ea de digirin. Bar\u00een \u00fb Vej\u00een j\u00ee tevli berxwedan\u00ea dibin. Her du hevr\u00ea heya mehek\u00ea bi leheng\u00ee \u015fer dikin.<\/p>\n<p>Sem\u00eere (Vej\u00een) cih\u00ea xwe di eniya gund\u00ea Meimila y\u00ea gir\u00eaday\u00ee nav\u00e7eya Recoy\u00ea de digire \u00fb pi\u015ft\u00ee berxwedaneke b\u00eahempa di 12\u2019\u00ea Sibata 2018\u2019an de \u015feh\u00eed dibe.<\/p>\n<p>Dema ku Sem\u00eere (Vej\u00een) \u00a0\u015feh\u00eed dikeve, Bar\u00een di eniya gund\u00ea Mosaka y\u00ea nav\u00e7eya Racoy\u00ea de ye. Bar\u00een j\u00ee pi\u015ft\u00ee hevala xwe bi 6 rojan yan\u00ee 18\u2019\u00ea Sibat\u00ea \u015feh\u00eed dibe.<\/p>\n<p>Her du hevr\u00eayan m\u00eerateyeke tij\u00ee t\u00eako\u015f\u00eena jin\u00ean Rojava li pey xwe hi\u015ft. Ew tevli karwan\u00ean jin\u00ean berxwed\u00ear ku destan bi lehengiya xwe niv\u00ees\u00eene, b\u00fbn.<\/p>\n<p>\u201cEm di kom\u00ea de 6 kes b\u00fbn \u00fb me bi yek giyan\u00ee kar dikir. Tebeqey\u00ean deng\u00ea Sem\u00eere (Vej\u00een) \u00fb D\u00fcnya (Bar\u00een) taybet b\u00fbn. Her du ji aliy\u00ea her kes\u00ee ve dihatin hezkirin \u00fb gelek ji kar hez dikirin. Tev\u00ee kar\u00ean xwe di kom\u00ea de her duyan di eniy\u00ean \u015fer de al\u00eekariya \u015fervanan dikir \u00fb \u00e7ek rakirin.&#8221; Dema ez her duyan bi b\u00eert\u00eenim, israra min ya berdewamkirina t\u00eako\u015f\u00een\u00ea di war\u00ea huner\u00ea de z\u00eade dibe. Beriya ku D\u00fcnya (Bar\u00een) tevli YPJ\u2019\u00ea bibe, hat xatir ji me xwest. W\u00ea dem\u00ea ji me re got ez h\u00eav\u00ee dikim h\u00fbn r\u00eaya huner\u00ea berdewam bikin.&#8221;<\/p>\n<p>\u201cDema ez tevli kom\u00ea b\u00fbm, hejmara me temam b\u00fb. L\u00ea heb\u00fbna D\u00fcnya (Bar\u00een) di nav me de atmosferek \u015fad\u00ee \u00fb h\u00eaviy\u00ea \u00e7\u00eadikir. T\u00eakiliya di navbera D\u00fcnya (Bar\u00een) \u00fb Sem\u00eere (Vej\u00een) de xurt b\u00fb, her du heya saet\u00ean dir\u00eaj di perwerdey\u00ea de diman \u00fb em j\u00ee te\u015fw\u00eeq dikirin. Me li navend\u00ea dem\u00ean dir\u00eaj bi hev re derbas dikirin.\u201d\u00a0D\u00fcnya (Bar\u00een) \u00fb Sem\u00eere (Vej\u00een) bi tevl\u00eab\u00fbna nav ref\u00ean YPJ`\u00ea de \u00eespat kirin ku wan parastina welat ji xwe re wek berpirsyar\u00ee dab\u00fb ser mil\u00ean xwe. Ji ber ku di berxwedana serdem\u00ea de j\u00ee bi rih\u00ea her\u00ee w\u00earek li ber xwe dan. Ji bona v\u00ea j\u00ee bi rast\u00ee j\u00ee berxwedana serdem\u00ea ji ber w\u00ee rih\u00ee ewqas\u00ee berdewam kir.<\/p>\n<p>Efr\u00een rizgar kirin ji bona me ji her ti\u015ft\u00ee gir\u00eengtire. Em \u00ea Efr\u00een\u00ea rizgar bikin xeyal\u00ea Vej\u00een \u00fb Bar\u00een\u00ea p\u00eak b\u00eenin.<\/p>\n<p>&nbsp;<\/p>\n","protected":false},"excerpt":{"rendered":"<p>\u015eore\u015fa Rojava li qel\u00ee\u015ftek\u00ean serp\u00eahatiy\u00ean gelek jin\u00ean ji bo azad\u00ee \u00fb parastina welat\u00ea xwe ti\u015ft\u00ean her\u00ee giranbuha feda kirine \u00fb giha\u015ftine asta \u015fahadet\u00ea, ve\u015fartiye. Du hevr\u00eay\u00ean jin; Sem\u00eere Osman \u00fb D\u00fcnya Bekir j\u00ee ji wan jinanin ku t\u00eako\u015fiyane \u00fb bi berd\u00eala can\u00ea xwe heta k\u00ealiya daw\u00een welat\u00ea xwe parastin. Sem\u00eere \u00fb D\u00fcnya du jin\u00ean ciwan [&hellip;]<\/p>\n","protected":false},"author":1,"featured_media":13335,"comment_status":"closed","ping_status":"closed","sticky":false,"template":"","format":"standard","meta":{"footnotes":""},"categories":[38],"tags":[],"class_list":{"0":"post-9107","1":"post","2":"type-post","3":"status-publish","4":"format-standard","5":"has-post-thumbnail","7":"category-nuce"},"_links":{"self":[{"href":"https:\/\/ypjrojava.net\/index.php?rest_route=\/wp\/v2\/posts\/9107","targetHints":{"allow":["GET"]}}],"collection":[{"href":"https:\/\/ypjrojava.net\/index.php?rest_route=\/wp\/v2\/posts"}],"about":[{"href":"https:\/\/ypjrojava.net\/index.php?rest_route=\/wp\/v2\/types\/post"}],"author":[{"embeddable":true,"href":"https:\/\/ypjrojava.net\/index.php?rest_route=\/wp\/v2\/users\/1"}],"replies":[{"embeddable":true,"href":"https:\/\/ypjrojava.net\/index.php?rest_route=%2Fwp%2Fv2%2Fcomments&post=9107"}],"version-history":[{"count":2,"href":"https:\/\/ypjrojava.net\/index.php?rest_route=\/wp\/v2\/posts\/9107\/revisions"}],"predecessor-version":[{"id":9110,"href":"https:\/\/ypjrojava.net\/index.php?rest_route=\/wp\/v2\/posts\/9107\/revisions\/9110"}],"wp:featuredmedia":[{"embeddable":true,"href":"https:\/\/ypjrojava.net\/index.php?rest_route=\/wp\/v2\/media\/13335"}],"wp:attachment":[{"href":"https:\/\/ypjrojava.net\/index.php?rest_route=%2Fwp%2Fv2%2Fmedia&parent=9107"}],"wp:term":[{"taxonomy":"category","embeddable":true,"href":"https:\/\/ypjrojava.net\/index.php?rest_route=%2Fwp%2Fv2%2Fcategories&post=9107"},{"taxonomy":"post_tag","embeddable":true,"href":"https:\/\/ypjrojava.net\/index.php?rest_route=%2Fwp%2Fv2%2Ftags&post=9107"}],"curies":[{"name":"wp","href":"https:\/\/api.w.org\/{rel}","templated":true}]}}