{"id":9112,"date":"2019-09-21T06:53:22","date_gmt":"2019-09-21T06:53:22","guid":{"rendered":"https:\/\/ypjrojava.net\/?p=9112"},"modified":"2022-06-22T02:26:54","modified_gmt":"2022-06-22T02:26:54","slug":"meheke-tije-berxwedani-li-kobane","status":"publish","type":"post","link":"https:\/\/ypjrojava.net\/?p=9112","title":{"rendered":"Meheke Tije Berxwedan\u00ee Li Koban\u00ea"},"content":{"rendered":"<p>&nbsp;<\/p>\n<p>Ez di sala 2014 an de derbas\u00ee Rojava b\u00fbm. Pi\u015ft\u00ee ku \u015fore\u015f hate ava kirin dijmin \u00ear\u00ee\u015f\u00ean pir dijwar birin ser Rojava. \u015eore\u015fa Rojava misoger kirina felsefeya R\u00eaber APO \u00fb tune kirina hi\u015fmendiya desthilatdar \u00fb tunekir ya m\u00ear \u00fb Kap\u00eetal\u00eezm b\u00fb.<\/p>\n<p>Li ser axa Rojava dest p\u00ea k\u00ea \u00ear\u00ee\u015f\u00ean El Nusra pa\u015f\u00ea j\u00ee \u00ear\u00ee\u015f\u00ean DA\u00ce\u015e\u2019\u00ea dest p\u00ea kir. Her roja ku \u015fore\u015f bi ser ket, wan h\u00eaz\u00ean dagirker j\u00ee \u00ear\u00ee\u015f\u00ean xwe dijwartir kirin \u00fb xwestin ku Kurdan di Rojava de bifetis\u00eenin \u00fb xeyal\u00ean azadiy\u00ea li Rojava t\u00eak bibin. Dema ku \u00ear\u00ee\u015f\u00ean li ser \u015eengal\u00ea \u00e7\u00ea b\u00fbn, w\u00eejdana min qeb\u00fbl nekir ku di ciy\u00ea xwe de r\u00fbnim \u00fb \u00e7alak tevl\u00ee \u015fer nebim. Ji ber w\u00ea j\u00ee min di \u015fer\u00ea Til Ko\u00e7er \u00fb Cezaa de c\u00ee girt \u00fb di dema \u015fer\u00ea dijwar y\u00ea Koban\u00ea de bi p\u00ea\u015fniyara xwe derbas\u00ee Koban\u00ea b\u00fbm.<\/p>\n<p>P\u00eangava dstp\u00eak\u00ea ya \u015fore\u015fa Kurdistan\u00ea bi hatina R\u00eabert\u00ee ya Koban\u00ea re destp\u00ea kirib\u00fb. Ji ber w\u00ea j\u00ee t\u00eako\u015f\u00een \u00fb berxwedana li Koban\u00ea wateyek xwe y\u00ea cuda heb\u00fb \u00fb bi r\u00fbmet b\u00fb. \u015eer\u00ea Koban\u00ea \u00fb Ciz\u00eer\u00ea nedi\u015fib\u00ee hev. Li Koban\u00ea derfet\u00ean me di her war\u00ee de k\u00eam b\u00fbn. Beriya ku em bi\u00e7in Koban\u00ea, me \u015ferek weke \u015fer\u00ea Koban\u00ea ned\u00eetib\u00fb. \u00c7awa ku em gih\u00ee\u015ftin Koban\u00ea, em derbas\u00ee eniya \u015fer b\u00fbn. Bombey\u00ean me qet tune b\u00fbn. Qil\u00ea\u015f\u00ean di dest\u00ea me de j\u00ee tev zingar girtib\u00fbn. Di \u015fer de tengasiya ku her\u00ee z\u00eade me jiyan kir di war\u00ea cebilxan\u00ea de b\u00fb. Ji ber di dest dijmin de cebilxaneya her\u00ee p\u00ea\u015fket\u00ee \u00fb \u00e7ek\u00ean giran heb\u00fbn \u00fb di dest\u00ea me de j\u00ee ten\u00ea qil\u00ea\u015f, BKC, B7 \u00fb \u00e7end Do\u00e7ka heb\u00fbn.<\/p>\n<p>Di eniy\u00ea de di navber me \u00fb dijmin de 50 metre heb\u00fb. Dema ku pev\u00e7\u00fbn derket \u00fb heval li k\u00ealek me bir\u00eendar b\u00fbn, ez di \u00e7eperek\u00ea de bi ten\u00ea mam. Min w\u00ea dem\u00ea bi xwe ji xwe re got p\u00eaw\u00eeste ez bi bir\u00eendar\u00ee nekevim dest\u00ea dijmin \u00fb heya ku ji dest min b\u00ea p\u00eaw\u00eeste ez xwe bipar\u00eazim \u00fb li ber xwe bidim. Di pev\u00e7\u00fbn\u00ea de \u00e7eka min sekin\u00ee. Min hem \u015fer dikir \u00fb hem j\u00ee ji bo ku hevalan bib\u00eenim, ez li hevalan digeriyam. Dema ku min heval d\u00eetin \u00fb min got \u00e7eka min sekiniye, hevalan ez \u015fandim \u00e7eperek din ji bo ku \u00e7ekek ku bi\u015fuxile bigrim.<\/p>\n<p>Em bi \u015fev hatib\u00fbn w\u00ea \u00e7eper\u00ea. Ji ber w\u00ea j\u00ee min r\u00ea nas nedikir. Dema ku ez dime\u015fiyam, min di r\u00ea de heval Dilg\u00ea\u015f d\u00eet. Min li wir heval Dilg\u00ea\u015f nas kir. Pa\u015f\u00ea heval Dilg\u00ea\u015f weke fermandar\u00ea tab\u00fbr\u00ea hate cem me. Dema ku heval Dilg\u00ea\u015f hat, piraniya heval\u00ean di tab\u00fbr\u00ea de \u015feh\u00eed b\u00fbb\u00fbn.<\/p>\n<p>Ez mehek\u00ea di nava \u015fer\u00ea Koban\u00ea de mam. L\u00ea ev meha \u015fer\u00ea Koban\u00ea di jiyana min de dema her\u00ee zehmet \u00fb bi wate ye ku tu car\u00ee nikarim ji b\u00eer bikim. Gelek heval\u00ean ku em bi hev re derbas\u00ee Koban\u00ea b\u00fbb\u00fbn, me bi hev re jiyan kirib\u00fb, bi hev re berxwedan\u00ee kirib\u00fb, di w\u00ee \u015fer\u00ee de yek bi yek \u015feh\u00eed b\u00fbn. \u00ca\u015fa wan \u015fehadetan di me de k\u00een \u00fb h\u00ears dida ava kirin.<\/p>\n<p>Li k\u00ealek w\u00ee \u015fer\u00ea giran dijmin bi \u015fer\u00ea p\u00ees\u00eekoloj\u00eek dixwest ku h\u00eav\u00ee \u00fb berxwedana me bi\u015fik\u00eene. L\u00ea ev hezkirin \u00fb ruh\u00ea hevaltiya ku hatib\u00fb ava kirin, dijmin nedikar\u00ee bi\u015fik\u00eene. Hevaltiya ku R\u00eaber APO dab\u00fb \u00e7andin, li Koban\u00ea di asta her\u00ee jor de xwe dida n\u00ee\u015fandan.<\/p>\n<p>Yek B7 ya me heb\u00fb. Heval Dilg\u00ea\u015f M\u00fb\u015f di hem\u00fb eniy\u00ean \u015fer y\u00ean Koban\u00ea de B7 ra dikir. Pi\u015ft\u00ee demek\u00ea em ketin yek\u00eeneya tevger\u00ee. Li\u00a0 k\u00eejan eniy\u00ea p\u00eadiv\u00ee hebaya em di\u00e7\u00fbn w\u00ea der\u00ea. \u015eeh\u00eed dilg\u00ea\u015f tev\u00ee ku fermandar\u00ea tab\u00fbr\u00ea b\u00fb erka fermandarek\u00ee eniy\u00ea p\u00eak dian\u00ee. Hem di \u015fer, hem j\u00ee di jiyan\u00ea de pir bi h\u00eaz b\u00fb. Ji xwe ji bo Tevgera Azadiy\u00ea li k\u00ealek xuliqkariya taxt\u00eek\u00ean n\u00fb di \u015fer de hevalt\u00ee \u00fb \u00e7anda APOGERIY\u00ca parastin e. Heval Dilg\u00ea\u015f di 20\u2019\u00ea Cotmeh\u00ea de \u015feh\u00eed b\u00fb. \u015eehadeta heval Dilg\u00ea\u015f tes\u00eerek pir mezin di me de da ava kirin. Heval Dilg\u00ea\u015f dest p\u00ea k\u00ea bir\u00eendar b\u00fb. Ciy\u00ea ku em l\u00ea diman, kes\u00ee nedikar\u00ee b\u00ea\u00a0w\u00ea der\u00ea. Heya ku erebe hat ji bo ku bibin nexwe\u015fxan\u00ea heval Dilg\u00ea\u015f \u015feh\u00eed b\u00fb. Tev\u00ee ku 10\u201315 roj b\u00fbn ku min nas kirib\u00fb, \u015fehadeta heval Dilg\u00ea\u015f di min de j\u00ee tes\u00eerek mezin ava kir. Heval Dilg\u00ea\u015f di dest \u00fb ling\u00ea xwe de bir\u00eendar bib\u00fb l\u00ea d\u00eesa j\u00ee tim\u00ee li eniya her\u00ee p\u00ea\u015f y\u00ea \u015fer b\u00fb. Tu car\u00ee xwe ji \u015fer \u00fb t\u00eako\u015f\u00een\u00ea nedab\u00fb pa\u015f. Di nava tab\u00fbr\u00ea de y\u00ea ku her\u00ee z\u00eade fedakart\u00ee kir heval Dig\u00ea\u015f b\u00fb. Heval Dilg\u00ea\u015f di riya heq\u00eeqet \u00fb azadiy\u00ea de jiyan kir \u00fb di w\u00ea riy\u00ea de j\u00ee gih\u00ee\u015ft \u015fehadet\u00ea.<\/p>\n<p>Hefteyek pi\u015ft\u00ee \u015fehadeta heval Dilg\u00ea\u015f ez j\u00ee bir\u00eendar b\u00fbm. <strong>Ev bir\u00eendar\u00ee ji bo min n\u00ee\u015faneya berxwedan\u00ee \u00fb r\u00fbmet\u00ea ye<\/strong>. Ji ber mil\u00eetanek APOGER li kuder\u00ea be \u00fb di k\u00eejan kar\u00ee de ciy\u00ea xwe bigre, ger ku serkeftin\u00ea ji xwe re esas bigre w\u00ea erka xwe ya miltant\u00ee \u00fb \u015fore\u015fgertiy\u00ea bi c\u00ee b\u00eene. Ez \u00ea j\u00ee li ser w\u00ea bingeh\u00ea ji vir \u00fb \u015f\u00fbnde tevl\u00ee t\u00eako\u015f\u00een\u00ea bibim.<\/p>\n<p>Di Koban\u00ea de ji \u015fer\u00ea \u00e7ekan z\u00eadetir \u015fer\u00ea ku dihate me\u015fandin, \u015fer\u00ea b\u00eerdoz\u00ee b\u00fb. \u00db di w\u00ee \u015fer\u00ee de felsefe \u00fb b\u00eerdoziya R\u00eaber APO bi ser ket. Keda \u015feh\u00eedan bi serket. Ya ku ji me t\u00ea xwestin ji vir \u00fb \u015f\u00fbnde parastina wan niraxane ku bi xw\u00eena bi sedan \u015feh\u00eedan hatine ava kirin e.<\/p>\n<p><strong>ARJ\u00ceN DEN\u00ceZ<\/strong><\/p>\n","protected":false},"excerpt":{"rendered":"<p>&nbsp; Ez di sala 2014 an de derbas\u00ee Rojava b\u00fbm. Pi\u015ft\u00ee ku \u015fore\u015f hate ava kirin dijmin \u00ear\u00ee\u015f\u00ean pir dijwar birin ser Rojava. \u015eore\u015fa Rojava misoger kirina felsefeya R\u00eaber APO \u00fb tune kirina hi\u015fmendiya desthilatdar \u00fb tunekir ya m\u00ear \u00fb Kap\u00eetal\u00eezm b\u00fb. Li ser axa Rojava dest p\u00ea k\u00ea \u00ear\u00ee\u015f\u00ean El Nusra pa\u015f\u00ea j\u00ee \u00ear\u00ee\u015f\u00ean [&hellip;]<\/p>\n","protected":false},"author":1,"featured_media":14152,"comment_status":"closed","ping_status":"closed","sticky":false,"template":"","format":"standard","meta":{"footnotes":""},"categories":[59],"tags":[],"class_list":{"0":"post-9112","1":"post","2":"type-post","3":"status-publish","4":"format-standard","5":"has-post-thumbnail","7":"category-biranin"},"_links":{"self":[{"href":"https:\/\/ypjrojava.net\/index.php?rest_route=\/wp\/v2\/posts\/9112","targetHints":{"allow":["GET"]}}],"collection":[{"href":"https:\/\/ypjrojava.net\/index.php?rest_route=\/wp\/v2\/posts"}],"about":[{"href":"https:\/\/ypjrojava.net\/index.php?rest_route=\/wp\/v2\/types\/post"}],"author":[{"embeddable":true,"href":"https:\/\/ypjrojava.net\/index.php?rest_route=\/wp\/v2\/users\/1"}],"replies":[{"embeddable":true,"href":"https:\/\/ypjrojava.net\/index.php?rest_route=%2Fwp%2Fv2%2Fcomments&post=9112"}],"version-history":[{"count":1,"href":"https:\/\/ypjrojava.net\/index.php?rest_route=\/wp\/v2\/posts\/9112\/revisions"}],"predecessor-version":[{"id":9114,"href":"https:\/\/ypjrojava.net\/index.php?rest_route=\/wp\/v2\/posts\/9112\/revisions\/9114"}],"wp:featuredmedia":[{"embeddable":true,"href":"https:\/\/ypjrojava.net\/index.php?rest_route=\/wp\/v2\/media\/14152"}],"wp:attachment":[{"href":"https:\/\/ypjrojava.net\/index.php?rest_route=%2Fwp%2Fv2%2Fmedia&parent=9112"}],"wp:term":[{"taxonomy":"category","embeddable":true,"href":"https:\/\/ypjrojava.net\/index.php?rest_route=%2Fwp%2Fv2%2Fcategories&post=9112"},{"taxonomy":"post_tag","embeddable":true,"href":"https:\/\/ypjrojava.net\/index.php?rest_route=%2Fwp%2Fv2%2Ftags&post=9112"}],"curies":[{"name":"wp","href":"https:\/\/api.w.org\/{rel}","templated":true}]}}