{"id":9115,"date":"2019-09-22T19:15:06","date_gmt":"2019-09-22T19:15:06","guid":{"rendered":"https:\/\/ypjrojava.net\/?p=9115"},"modified":"2022-07-22T07:22:02","modified_gmt":"2022-07-22T07:22:02","slug":"akademiya-hezen-xweparastine-jin-hate-vekirin","status":"publish","type":"post","link":"https:\/\/ypjrojava.net\/?p=9115","title":{"rendered":"Akademiya H\u00eaz\u00ean Xweparastin\u00ea-Jin Hate Vekirin"},"content":{"rendered":"<p>Di \u015eore\u015fa Rojava de, Jinan di war\u00ea r\u00eaxistin\u00ee, civak\u00ee, \u00fb le\u015fker\u00ee de gav\u00ean pir gir\u00eeng av\u00eatin. Jin bi van p\u00ea\u015fketinan re, di \u015fore\u015f\u00ea de rola p\u00ea\u015fengiy\u00ea girte ser mil\u00ea xwe. \u00cero j\u00ee gavek\u00ee n\u00fb li ser van p\u00ea\u015fketinan hate z\u00eadekirin. Yekem\u00een akademiya h\u00eaz\u00ean xweparastin\u00ea-jin hate vekirin.<\/p>\n<p>\u015eandeyek ji r\u00eaveberiya xweser \u00ean her\u00eam\u00ean Firat \u00fb Ciz\u00eer\u00ea, fermendar\u00ean H\u00eaz\u00ean Xweparastin\u00ea, QSD, YPG, YPJ, H\u00eaz\u00ean Ewlekariya Hundir\u00een, endam\u00ean saziy\u00ean civaka siv\u00eel y\u00ean Am\u00fbde \u00fb Qami\u015flo, n\u00fbner\u00ean hindek partiy\u00ean siyas\u00ee \u00fb malbet\u00ean \u015fervan\u00ean tev li akademiy\u00ea b\u00fbne di meras\u00eem\u00ea de amade b\u00fbn.<\/p>\n<p>Meras\u00eem bi deqeyek r\u00eazgirtina le\u015fker\u00ee ji h\u00eala \u015fervan\u00ean H\u00eaz\u00ean Xweparastin\u00ea- Jin destp\u00ea kir, pi\u015ftre \u015fervanan li p\u00ea\u015fiya be\u015fdaran sond xwarin.<\/p>\n<p>Endama Desteya Serokatiy\u00ea ya Mecl\u00eesa Gi\u015ft\u00ee ya R\u00eaveberiya Xweser a Bakur \u00fb Rojhilat\u00ea S\u00fbriy\u00ea Em\u00eene Os\u00ea axiv\u00ee \u00fb got: &#8220;Vekirina akademiy\u00ea di d\u00eeroka t\u00eako\u015f\u00eena jin\u00ea de gavek p\u00eeroz e. Her wiha ev gav di dema ku em banga a\u015ftiy\u00ea dikin ruxm\u00ee gef\u00ean li dij\u00ee her\u00eam\u00ea, gavek gir\u00eeng e. Em bi r\u00eaya w\u00ea tekez dikin ku em a\u015ft\u00eexwaz in l\u00ea em amade ne li hember her gefek\u00ee li dij\u00ee ax \u00fb gel\u00ea me bisekinin.&#8221;<\/p>\n<p>Pi\u015ft\u00ee axaftinan gelek koma Kevana z\u00ear\u00een, Hunermend Nesr\u00een \u00fb kom\u00ean huner\u00ee stran p\u00ea\u015fk\u00ea\u015f kirin. Di dawiya meras\u00eem\u00ea de be\u015fdaran \u00fb \u015fervanan xelek\u00ean\u00a0 govend\u00ea gerandin.<\/p>\n<p>Navenda Ragihandina YPJ<\/p>\n<p><iframe loading=\"lazy\" title=\"Akademiya Erka Xwe Parastina Jin Bi Meras\u00eemek Le\u015fker\u00ee Hate Ragihandin\" width=\"696\" height=\"392\" src=\"https:\/\/www.youtube.com\/embed\/V3CdwOdhOKc?feature=oembed\" frameborder=\"0\" allow=\"accelerometer; autoplay; clipboard-write; encrypted-media; gyroscope; picture-in-picture; web-share\" referrerpolicy=\"strict-origin-when-cross-origin\" allowfullscreen><\/iframe><\/p>\n<p>&nbsp;<\/p>\n","protected":false},"excerpt":{"rendered":"<p>Di \u015eore\u015fa Rojava de, Jinan di war\u00ea r\u00eaxistin\u00ee, civak\u00ee, \u00fb le\u015fker\u00ee de gav\u00ean pir gir\u00eeng av\u00eatin. Jin bi van p\u00ea\u015fketinan re, di \u015fore\u015f\u00ea de rola p\u00ea\u015fengiy\u00ea girte ser mil\u00ea xwe. \u00cero j\u00ee gavek\u00ee n\u00fb li ser van p\u00ea\u015fketinan hate z\u00eadekirin. Yekem\u00een akademiya h\u00eaz\u00ean xweparastin\u00ea-jin hate vekirin. \u015eandeyek ji r\u00eaveberiya xweser \u00ean her\u00eam\u00ean Firat \u00fb Ciz\u00eer\u00ea, [&hellip;]<\/p>\n","protected":false},"author":1,"featured_media":14890,"comment_status":"closed","ping_status":"closed","sticky":false,"template":"","format":"standard","meta":{"footnotes":""},"categories":[38],"tags":[],"class_list":{"0":"post-9115","1":"post","2":"type-post","3":"status-publish","4":"format-standard","5":"has-post-thumbnail","7":"category-nuce"},"_links":{"self":[{"href":"https:\/\/ypjrojava.net\/index.php?rest_route=\/wp\/v2\/posts\/9115","targetHints":{"allow":["GET"]}}],"collection":[{"href":"https:\/\/ypjrojava.net\/index.php?rest_route=\/wp\/v2\/posts"}],"about":[{"href":"https:\/\/ypjrojava.net\/index.php?rest_route=\/wp\/v2\/types\/post"}],"author":[{"embeddable":true,"href":"https:\/\/ypjrojava.net\/index.php?rest_route=\/wp\/v2\/users\/1"}],"replies":[{"embeddable":true,"href":"https:\/\/ypjrojava.net\/index.php?rest_route=%2Fwp%2Fv2%2Fcomments&post=9115"}],"version-history":[{"count":3,"href":"https:\/\/ypjrojava.net\/index.php?rest_route=\/wp\/v2\/posts\/9115\/revisions"}],"predecessor-version":[{"id":14891,"href":"https:\/\/ypjrojava.net\/index.php?rest_route=\/wp\/v2\/posts\/9115\/revisions\/14891"}],"wp:featuredmedia":[{"embeddable":true,"href":"https:\/\/ypjrojava.net\/index.php?rest_route=\/wp\/v2\/media\/14890"}],"wp:attachment":[{"href":"https:\/\/ypjrojava.net\/index.php?rest_route=%2Fwp%2Fv2%2Fmedia&parent=9115"}],"wp:term":[{"taxonomy":"category","embeddable":true,"href":"https:\/\/ypjrojava.net\/index.php?rest_route=%2Fwp%2Fv2%2Fcategories&post=9115"},{"taxonomy":"post_tag","embeddable":true,"href":"https:\/\/ypjrojava.net\/index.php?rest_route=%2Fwp%2Fv2%2Ftags&post=9115"}],"curies":[{"name":"wp","href":"https:\/\/api.w.org\/{rel}","templated":true}]}}