{"id":9118,"date":"2019-09-26T05:07:40","date_gmt":"2019-09-26T05:07:40","guid":{"rendered":"https:\/\/ypjrojava.net\/?p=9118"},"modified":"2019-09-26T05:07:40","modified_gmt":"2019-09-26T05:07:40","slug":"akademiya-sehid-berivan-dewreyek-servane-nu-vekirir","status":"publish","type":"post","link":"https:\/\/ypjrojava.net\/?p=9118","title":{"rendered":"AKADEMIYA \u015eEH\u00ceD B\u00caR\u00ceVAN DEWREYEK \u015eERVAN\u00ca N\u00db VEKIRIR"},"content":{"rendered":"<p>Akademiya \u015feh\u00eed B\u00ear\u00eevan, dewreya \u015fervan\u00ea n\u00fb ya bi nav\u00ea \u015feh\u00eed B\u00ear\u00eetan Erep \u00fb Ger\u00eela St\u00eark a ji p\u00eakhateya jin\u00ean Kurd \u00fb Erep vekir.<\/p>\n<p>Li kantona Hesek\u00ea bi dehan \u015fervan\u00ea YPJ&#8217;\u00ea y\u00ean ji her\u00eam\u00ean c\u00fbda be\u015fdar\u00ee b\u00fbne, vekirina dewrey\u00ea bi meras\u00eemek le\u015fker\u00ee hate vekirin.<\/p>\n<p>Di meras\u00eem\u00ea de ji fermandar\u00ean YPJ&#8217;\u00ea R\u00fbken Efr\u00een, vekirina dewrey\u00ea li \u015fervanan p\u00eeroz kir \u00fb wiha axiv\u00ee, \u201cEz di ser\u00ee de v\u00ea dewrey\u00ea li \u015feh\u00eed B\u00ear\u00eetan, Ger\u00eela, R\u00eaber APO \u00fb tevah\u00ee \u015feh\u00eedn p\u00eeroz dikim. Heval\u00ean h\u00eaja we bi tevl\u00eeb\u00fbna xwe ya nava \u015fore\u015f\u00ea, ber\u00ea xwe daye jiyana azad. Dema ku her ke\u00e7eke ciwan ber\u00ea xwe dide nava \u015fore\u015f\u00ea, em j\u00ea h\u00eaz, moral \u00fb bawer\u00ee digrin. Hun\u00ea di v\u00ea perwerdey\u00ea de rastiya xwe, rastiya d\u00eerok, civak \u00fb \u00e7anda xwe nas bikin. Naskirina xwe bi perwerde \u00fb qezen\u00e7kirina zaneb\u00fbn\u00ea re dikare were p\u00ea\u015fxistin. Ev perwerde w\u00ea di we de li ser van mijaran kurb\u00fbnek\u00ea bide avakirin. Ji bona w\u00ea p\u00eaw\u00eeste hun bi awayek\u00ee pergal\u00ee \u00fb disipl\u00eeneke bilind di jiyana xwe ya rojane de ava bikin \u00fb bi mereq tevl\u00ee perwerdey\u00ea bibin.<\/p>\n<p>Li ser w\u00ea bingeh\u00ea em careke din di perwerdeya we de serkeftin\u00ea dixwezin. Em bi v\u00ea b\u00eer \u00fb baweriy\u00ea ji we hem\u00fbyan tevl\u00eeb\u00fbneke rast h\u00eav\u00ee dikin.\u201d<\/p>\n<p>Pi\u015ft\u00ee ku meras\u00eem bi daw\u00ee b\u00fb, \u015fervanan soza xwe dan \u00fb bi govend\u00ea bi daw\u00ee kirin.<\/p>\n","protected":false},"excerpt":{"rendered":"<p>Akademiya \u015feh\u00eed B\u00ear\u00eevan, dewreya \u015fervan\u00ea n\u00fb ya bi nav\u00ea \u015feh\u00eed B\u00ear\u00eetan Erep \u00fb Ger\u00eela St\u00eark a ji p\u00eakhateya jin\u00ean Kurd \u00fb Erep vekir. Li kantona Hesek\u00ea bi dehan \u015fervan\u00ea YPJ&#8217;\u00ea y\u00ean ji her\u00eam\u00ean c\u00fbda be\u015fdar\u00ee b\u00fbne, vekirina dewrey\u00ea bi meras\u00eemek le\u015fker\u00ee hate vekirin. Di meras\u00eem\u00ea de ji fermandar\u00ean YPJ&#8217;\u00ea R\u00fbken Efr\u00een, vekirina dewrey\u00ea li \u015fervanan [&hellip;]<\/p>\n","protected":false},"author":1,"featured_media":9119,"comment_status":"closed","ping_status":"closed","sticky":false,"template":"","format":"standard","meta":{"footnotes":""},"categories":[38],"tags":[],"class_list":{"0":"post-9118","1":"post","2":"type-post","3":"status-publish","4":"format-standard","5":"has-post-thumbnail","7":"category-nuce"},"_links":{"self":[{"href":"https:\/\/ypjrojava.net\/index.php?rest_route=\/wp\/v2\/posts\/9118","targetHints":{"allow":["GET"]}}],"collection":[{"href":"https:\/\/ypjrojava.net\/index.php?rest_route=\/wp\/v2\/posts"}],"about":[{"href":"https:\/\/ypjrojava.net\/index.php?rest_route=\/wp\/v2\/types\/post"}],"author":[{"embeddable":true,"href":"https:\/\/ypjrojava.net\/index.php?rest_route=\/wp\/v2\/users\/1"}],"replies":[{"embeddable":true,"href":"https:\/\/ypjrojava.net\/index.php?rest_route=%2Fwp%2Fv2%2Fcomments&post=9118"}],"version-history":[{"count":2,"href":"https:\/\/ypjrojava.net\/index.php?rest_route=\/wp\/v2\/posts\/9118\/revisions"}],"predecessor-version":[{"id":14892,"href":"https:\/\/ypjrojava.net\/index.php?rest_route=\/wp\/v2\/posts\/9118\/revisions\/14892"}],"wp:featuredmedia":[{"embeddable":true,"href":"https:\/\/ypjrojava.net\/index.php?rest_route=\/wp\/v2\/media\/9119"}],"wp:attachment":[{"href":"https:\/\/ypjrojava.net\/index.php?rest_route=%2Fwp%2Fv2%2Fmedia&parent=9118"}],"wp:term":[{"taxonomy":"category","embeddable":true,"href":"https:\/\/ypjrojava.net\/index.php?rest_route=%2Fwp%2Fv2%2Fcategories&post=9118"},{"taxonomy":"post_tag","embeddable":true,"href":"https:\/\/ypjrojava.net\/index.php?rest_route=%2Fwp%2Fv2%2Ftags&post=9118"}],"curies":[{"name":"wp","href":"https:\/\/api.w.org\/{rel}","templated":true}]}}