{"id":9121,"date":"2019-09-28T07:16:18","date_gmt":"2019-09-28T07:16:18","guid":{"rendered":"https:\/\/ypjrojava.net\/?p=9121"},"modified":"2022-06-18T14:00:00","modified_gmt":"2022-06-18T14:00:00","slug":"keca-serhilder-revan-rojava","status":"publish","type":"post","link":"https:\/\/ypjrojava.net\/?p=9121","title":{"rendered":"Ke\u00e7a Serhild\u00ear R\u00eavan Rojava"},"content":{"rendered":"<p>Ke\u00e7a leheng \u00fb Dildar, ma qey ew cesaret \u00fb qiyamet di dil\u00ea te de li ku hatib\u00fb komkirin. \u00db ewqas h\u00earek\u00ee b\u00ea gotin wer\u00ea b\u00eera te. Ber\u00ea teko\u015f\u00eena te b\u00fb nameyeke ji hem\u00fb qehremanan re. Tu weke dareke f\u00eak\u00ee l\u00eahatib\u00fb. Weke ku R\u00eavan\u00ea deng\u00ea xwe ji d\u00eewar\u00ea tar\u00eetiy\u00ea re \u00e7irandib\u00fb, kefen\u00ea mirin\u00ea li ser r\u00fby\u00ea erd\u00ea hilan\u00ee b\u00fb, hem\u00fb hest\u00ean zarok\u00ean b\u00ea ku bizanibin \u015fer \u00fb jiyan li ku dihewe p\u00eanaseyeke n\u00fb derxiste derg\u00fb\u015fa wan. C\u00eehan\u00ea bi te re hat Koban\u00ea. Ji Surca berxwed\u00ear, ku m\u00earan\u00ee \u00fb derw\u00ea\u015f\u00ee li vir herik\u00ee bi ber banga xort \u00fb ke\u00e7\u00ean v\u00ee welat\u00ee ve hatin. \u00cad\u00ee leheng\u00ean Botan\u00ea \u00fb C\u00fbd\u00ee bi refan ber\u00ea xwe dan Koban\u00ea. Tov\u00ean hilbijart\u00ee, ji ciz\u00eera bedew, bax\u00ean h\u00eaja ji Efr\u00eena bextewar li pi\u015ft\u00ee wan tifinga re\u015f \u00fb di dest\u00ea wan de a\u015fit\u00ee \u00fb rizgar\u00ee r\u00eaz dib\u00fb.<\/p>\n<p>Vaye ez li vir nameya xwe ji were dib\u00eajim; \u00ea ku ji v\u00ea ax\u00ea re ev gotib\u00fb, di giyan \u00fb rih\u00ea min de ti\u015ftek nay\u00ea ber \u00e7av\u00ea min, ji bil\u00ee azadiy\u00ea \u00fb rizgariya welat. Lewma ji bo ku ez nav\u00ea qeder\u00ea li ser welat \u00fb bajar\u00ea xwe rakim, ez xwe dikim heb\u00fbnek ji hem\u00fb r\u00eagez\u00ean A\u015fit\u00ee y\u00ea re.<\/p>\n<p>Feday\u00eetiya R\u00eavan\u00ea, b\u00fb sedem ku w\u00ea roj\u00ea her kes p\u00ea bihes\u00ea ku Koban\u00ea nema dikeve. Ew roj b\u00fb teqeza serkeftin\u00ea ku careke din y\u00ea weke R\u00eavan\u00ea gav bajin ser r\u00fby\u00ea v\u00ea xak\u00ea.<\/p>\n<p>Weke ku \u00e7awa ber\u00ea roj\u00ea li hem\u00fb bir\u00een\u00ean Koban\u00ea b\u00fb, di heman dem\u00ea de ber\u00ea R\u00eavan\u00ea j\u00ee li rojeke mezin \u00fb bi h\u00eas b\u00fb.<\/p>\n<p><strong>Soz\u00ea Qami\u015flo<\/strong><\/p>\n<p><strong>\u00a0<\/strong><\/p>\n","protected":false},"excerpt":{"rendered":"<p>Ke\u00e7a leheng \u00fb Dildar, ma qey ew cesaret \u00fb qiyamet di dil\u00ea te de li ku hatib\u00fb komkirin. \u00db ewqas h\u00earek\u00ee b\u00ea gotin wer\u00ea b\u00eera te. Ber\u00ea teko\u015f\u00eena te b\u00fb nameyeke ji hem\u00fb qehremanan re. Tu weke dareke f\u00eak\u00ee l\u00eahatib\u00fb. Weke ku R\u00eavan\u00ea deng\u00ea xwe ji d\u00eewar\u00ea tar\u00eetiy\u00ea re \u00e7irandib\u00fb, kefen\u00ea mirin\u00ea li ser r\u00fby\u00ea [&hellip;]<\/p>\n","protected":false},"author":1,"featured_media":13334,"comment_status":"closed","ping_status":"closed","sticky":false,"template":"","format":"standard","meta":{"footnotes":""},"categories":[38],"tags":[],"class_list":{"0":"post-9121","1":"post","2":"type-post","3":"status-publish","4":"format-standard","5":"has-post-thumbnail","7":"category-nuce"},"_links":{"self":[{"href":"https:\/\/ypjrojava.net\/index.php?rest_route=\/wp\/v2\/posts\/9121","targetHints":{"allow":["GET"]}}],"collection":[{"href":"https:\/\/ypjrojava.net\/index.php?rest_route=\/wp\/v2\/posts"}],"about":[{"href":"https:\/\/ypjrojava.net\/index.php?rest_route=\/wp\/v2\/types\/post"}],"author":[{"embeddable":true,"href":"https:\/\/ypjrojava.net\/index.php?rest_route=\/wp\/v2\/users\/1"}],"replies":[{"embeddable":true,"href":"https:\/\/ypjrojava.net\/index.php?rest_route=%2Fwp%2Fv2%2Fcomments&post=9121"}],"version-history":[{"count":1,"href":"https:\/\/ypjrojava.net\/index.php?rest_route=\/wp\/v2\/posts\/9121\/revisions"}],"predecessor-version":[{"id":9123,"href":"https:\/\/ypjrojava.net\/index.php?rest_route=\/wp\/v2\/posts\/9121\/revisions\/9123"}],"wp:featuredmedia":[{"embeddable":true,"href":"https:\/\/ypjrojava.net\/index.php?rest_route=\/wp\/v2\/media\/13334"}],"wp:attachment":[{"href":"https:\/\/ypjrojava.net\/index.php?rest_route=%2Fwp%2Fv2%2Fmedia&parent=9121"}],"wp:term":[{"taxonomy":"category","embeddable":true,"href":"https:\/\/ypjrojava.net\/index.php?rest_route=%2Fwp%2Fv2%2Fcategories&post=9121"},{"taxonomy":"post_tag","embeddable":true,"href":"https:\/\/ypjrojava.net\/index.php?rest_route=%2Fwp%2Fv2%2Ftags&post=9121"}],"curies":[{"name":"wp","href":"https:\/\/api.w.org\/{rel}","templated":true}]}}