{"id":9130,"date":"2019-10-05T06:38:50","date_gmt":"2019-10-05T06:38:50","guid":{"rendered":"https:\/\/ypjrojava.net\/?p=9130"},"modified":"2022-07-21T13:38:14","modified_gmt":"2022-07-21T13:38:14","slug":"ypj-xeta-arin-u-revana-xeta-serkeftine-ye","status":"publish","type":"post","link":"https:\/\/ypjrojava.net\/?p=9130","title":{"rendered":"YPJ: XETA AR\u00ceN \u00db R\u00caVANA XETA SERKEFT\u0130N\u00ca YE"},"content":{"rendered":"<p>Yek\u00eeney\u00ean parastina jin YPJ\u2019\u00ea, bi boneya salvegera \u015fehadeta Ar\u00een M\u00eerkan \u00fb R\u00eavana Rojava, meras\u00eemeke le\u015fker\u00ee lidarxist \u00fb got; \u2018Xeta Ar\u00een \u00fb R\u00eavana xeta serkeftin\u00ea ye\u2019.<\/p>\n<p>Li her\u00eama Firat\u00ea bajar\u00ea Koban\u00ea, yek\u00eeney\u00ean parastin jin YPJ\u2019\u00ea \u00fb yek\u00eeney\u00ean parastina gel YPG\u2019\u00ea li goristana \u015feh\u00eed Dijle bi boneya salvegera 5 m\u00een ya \u015fehadeta Ar\u00een M\u00eerkan \u00fb R\u00eavana Rojava meras\u00eemek le\u015fker\u00ee lidarxistin. Pi\u015ft\u00ee meras\u00eem\u00ea, civ\u00een hat \u00e7\u00eakirin, cih\u00ea \u015feh\u00eed Ar\u00een, \u015feh\u00eed R\u00eavana l\u00ea \u00e7alak\u00ee kirine \u00fb malbata \u015feh\u00eed R\u00eavana ji aliy\u00ea \u015fervan\u00ean YPJ\u2019\u00ea ve hatin ziyaret kirin.<\/p>\n<p>Di sala 2014\u2019an de \u00e7etey\u00ean DAI\u015e\u2019\u00ea, bi desteka gelek h\u00eazan \u00ear\u00ee\u015f\u00ee bajar\u00ea Koban\u00ea kirin. Armanca \u00ear\u00ee\u015fa li ser bajar\u00ea Koban\u00ea, dagirkirin \u00fb qirkirina gel\u00ea Kurd b\u00fb. Li hember\u00ee v\u00ea \u00ear\u00ee\u015fa hovane ya \u00e7etey\u00ean DAI\u015e\u2019\u00ea \u015fervan\u00ea gel\u00ea Rojava, bi ke\u00e7 \u00fb xort\u00ean xwe ve b\u00fbn mertal\u00ean parastina welat\u00ea xwe. Di dema ku \u00ear\u00ee\u015f giran b\u00fb de, ji her \u00e7ar per\u00e7\u00ean Kurdistan\u00ea \u00fb li welat\u00ean c\u00eehan\u00ea teko\u015fer\u00ean azadiy\u00ea ber\u00ea xwe dan berxwedana Koban\u00ea. Ev herik\u00eena destan\u00ee ya \u015fore\u015fger\u00ean v\u00ea sedsal\u00ea p\u00ea\u015f\u00ee li hov\u00eetiya \u00e7eteyan girt. Ji \u015fervan\u00ean YPJ\u2019\u00ea R\u00eavana Rojava di 27\u2019\u00ea \u00eelon\u00ea \u00fb Ar\u00een M\u00eerkan di 5\u2019\u00ea Cotmeh\u00ea de \u00e7alakiy\u00ean canbex\u015fane p\u00eak an\u00ee b\u00fbn. Berxwedana Koban\u00ea pi\u015ft\u00ee van \u00e7alakiy\u00ean canbex\u015fane \u00ead\u00ee vegeriya berxwedaniya mirovahiy\u00ea \u00fb tevah\u00ee jin\u00ean c\u00eehan\u00ea.<\/p>\n<p>Di meras\u00eem\u00ea de ji fermandar\u00ean YPJ\u2019\u00ea, a her\u00eama Firat\u00ea Kurdistan Ser\u00eakaniy\u00ea axiv\u00ee herdu \u015feh\u00eed bi b\u00eeran\u00een \u00fb wiha got; \u201cEm di \u015fexs\u00ea \u015feh\u00eed Ar\u00een \u00fb R\u00eavana de tevah\u00ee \u015feh\u00eed\u00ean azadiy\u00ea bi b\u00eert\u00eenin. B\u00eaguman xeta feday\u00ee di nava tevgera azadiy\u00ea \u00fb \u015fore\u015fa mirovahiy\u00ea de sala 2014\u2019an li Koban\u00ea, di \u015fexs\u00ea \u015feh\u00eed Ar\u00een \u00fb \u015feh\u00eed R\u00eavana de ji n\u00fbve j\u00eendar kir. Berxwedana Koban\u00ea bi lehengiya ke\u00e7 \u00fb xortan b\u00fb kela dimdim\u00ea ya hemdem\u00ee. Berxwedana ku bi rih\u00ea Ar\u00een \u00fb R\u00eavana bilind b\u00fb, ji bo tevah\u00ee jinan \u00fb mirovahiy\u00ea b\u00fb \u00e7avkaniya h\u00eaviya jiyana azad. Rih\u00ea berxwed\u00ear li Koban\u00ea destp\u00eakir, li Efr\u00een\u00ea di \u015fexs\u00ea \u015feh\u00eed Av\u00easta \u00fb Bar\u00eenan de berdewam kir.\u00a0 Em li ser w\u00ea esas\u00ea carek din jiyana azad ya bi xw\u00eena \u015feh\u00eedan hat\u00ee avakirin li gel\u00ea xwe \u00fb tevah\u00ee \u015fopdar\u00ean \u015feh\u00eedan p\u00eeroz dikin \u00fb dib\u00eajin bij\u00ee berxwedan\u00ee \u00fb bimre dagirker\u00ee.\u201d<\/p>\n<p>Fermandara YPJ\u2019\u00ea Leyla we\u015fukan\u00ee di civ\u00een\u00ea de bi ziman\u00ea ereb\u00ee axiv\u00ee, behsa teko\u015f\u00eena Ar\u00een, R\u00eavana \u00fb hem\u00fb \u015feh\u00eedan kir \u00fb bal ki\u015fand ser xeteriy\u00ean \u00eero li ser \u015fore\u015f\u00ea.<\/p>\n<p>Fermandar Leyla Wa\u015f\u00fbkan\u00ee, wiha got; \u201c Em di dest p\u00ea k\u00ea de li hember\u00ee van \u015feh\u00eed\u00ean xwey\u00ee mezin \u00fb li hember\u00ee hem\u00fb \u015feh\u00eed\u00ean \u015fore\u015fa azadiy\u00ea bejna xwe ditew\u00eenin \u00fb soza xwe careke din n\u00fb dikin. Em bi saya teko\u015f\u00een \u00fb berxwedana \u015feh\u00eed\u00ean xwe gih\u00ee\u015ftin van rojan. P\u00eaw\u00eeste em rastiya \u015feh\u00eedan rast bixw\u00eenin \u00fb wan di her k\u00ealiya jiyan\u00ea de heq\u00eeqeta wan ava kiriye jiyan\u00ee bikin. Me ji bo parastina r\u00fbmet, welat \u00fb \u00e7anda gelan bi hezaran \u015feh\u00eed dan. \u00cero em bi hezaran li ser \u015fopa van \u015feh\u00eed\u00ean xwe teko\u015f\u00eena azadiy\u00ea didin. Erk \u00fb berpirsyartiy\u00ean me bi daw\u00ee neb\u00fbne. Di roja \u00eero de ji bo em xwed\u00ee li berpirsyartiy\u00ean xwe y\u00ea d\u00eerok\u00ee der\u00ean \u00e7i ji dest\u00ea me t\u00ea p\u00eaw\u00eeste em bikin. Fermana Ar\u00een, R\u00eavana \u00fb tevah\u00ee \u015feh\u00eedan ji bo me eve. Ji bo me xeta Ar\u00een \u00fb R\u00eavana xeta serkeftin\u00ea ye. Di roja \u00eero de xeter\u00ee \u00fb pilangeriy\u00ean berfireh ji aliy\u00ea h\u00eaz\u00ean dagirker ve li ser van destkeftiy\u00ean me p\u00ea\u015fdikevin. Ev p\u00eelanger\u00ee li hember\u00ee xeta \u015feh\u00eed\u00ean me ye, li hember\u00ee v\u00eena gel\u00ean Bak\u00fbr-Rojhilat\u00ea S\u00fbriy\u00ea ye. Ji bona w\u00ea p\u00eaw\u00eeste em van xeteriyan rast bixw\u00eenin, xwe perwerde bikin \u00fb di war\u00ea fikr\u00ee \u00fb le\u015fker\u00ee de amade bikin. Ya di v\u00ea p\u00eavajoy\u00ea de ji me t\u00ea xwestin eve. Li ser w\u00ea esas\u00ea em careke din di \u015fexs\u00ea \u015feh\u00eed Ar\u00een, R\u00eavana, \u015feh\u00eed\u00ean Koban\u00ea \u00fb tevah\u00ee \u015feh\u00eed\u00ean azadiy\u00ea bi b\u00eert\u00eenin soza me da ye \u015feh\u00eed\u00ean xwe n\u00fb dikin.\u201d<\/p>\n<p>Pi\u015ft\u00ee civ\u00een bi daw\u00ee b\u00fb, \u015fervan \u00e7\u00fbn cih\u00ea Ar\u00een \u00fb R\u00eavana l\u00ea \u015feh\u00eed b\u00fbne. \u015eahid\u00ea berxwedana Koban\u00ea endam\u00ea mecl\u00eesa le\u015fker\u00ee y\u00ea QSD\u2019\u00ea li Koban\u00ea, Xal\u00ea \u00cesmet ji \u015fervanan re behsa qehremantiya Ar\u00een, R\u00eavana \u00fb hevr\u00eay\u00ean wan kir \u00fb got; \u201cHeval Ar\u00een \u00fb R\u00eavana can\u00ea xwe ji bo tevah\u00ee mirovahiy\u00ea feda kirin. Her \u015feh\u00eedek\u00ee li Koban\u00ea bi berxwedaniya xwe destanek niv\u00eesandin. Di \u015fexs\u00ea jina Kurd ya xwed\u00ee rih\u00ea feda\u00ee ye, tevah\u00ee mirovah\u00ee bi serket. Em careke din soz \u00fb minetdariya xwe li hember\u00ee \u015feh\u00eedan t\u00eenin ziman \u00fb dib\u00eajin w\u00ea b\u00eeran\u00eena \u015feh\u00eedan her tim r\u00eaya me ron\u00ee bike.\u201d<\/p>\n<p>Her wiha \u015fervan\u00ean YPJ\u2019\u00ea \u00e7\u00fbn gund\u00ea Xanka Xel\u00eel \u00fb malbata \u015feh\u00eed R\u00eavana ziyaret kirin. Day\u00eek \u00fb bav\u00ea \u015feh\u00eed R\u00eavana k\u00eafxwe\u015fiya xwe an\u00een ziman \u00fb gotin, ke\u00e7a wan ji bo parastina welat\u00ea xwe \u00fb ji bo hem\u00fb mirovahiy\u00ea can\u00ea xwe feda kir. Em bi \u015fehadeta ke\u00e7a xwe serbilindin. Hun \u00eero li ser \u015fopa ke\u00e7a min teko\u015f\u00een dikin ev ji bo me cih\u00ea serfiraziy\u00ea ye. Em weke malbateke \u015feh\u00eedan, dib\u00eajin heta nefesa me l\u00eabide, em \u00ea li pey\u00ee \u015feh\u00eed\u00ean xwe bime\u015fin \u00fb xwed\u00ee li keda wan derbikevin.<\/p>\n<p>&nbsp;<\/p>\n<p><iframe loading=\"lazy\" title=\"Ar\u00een \u00db R\u00eavan Feday\u00ean Ax \u00db Welat\u00ea Xweb\u00fbn\" width=\"696\" height=\"392\" src=\"https:\/\/www.youtube.com\/embed\/YBAdKBrbV2E?feature=oembed\" frameborder=\"0\" allow=\"accelerometer; autoplay; clipboard-write; encrypted-media; gyroscope; picture-in-picture; web-share\" referrerpolicy=\"strict-origin-when-cross-origin\" allowfullscreen><\/iframe><\/p>\n<p>&nbsp;<\/p>\n<p>&nbsp;<\/p>\n","protected":false},"excerpt":{"rendered":"<p>Yek\u00eeney\u00ean parastina jin YPJ\u2019\u00ea, bi boneya salvegera \u015fehadeta Ar\u00een M\u00eerkan \u00fb R\u00eavana Rojava, meras\u00eemeke le\u015fker\u00ee lidarxist \u00fb got; \u2018Xeta Ar\u00een \u00fb R\u00eavana xeta serkeftin\u00ea ye\u2019. Li her\u00eama Firat\u00ea bajar\u00ea Koban\u00ea, yek\u00eeney\u00ean parastin jin YPJ\u2019\u00ea \u00fb yek\u00eeney\u00ean parastina gel YPG\u2019\u00ea li goristana \u015feh\u00eed Dijle bi boneya salvegera 5 m\u00een ya \u015fehadeta Ar\u00een M\u00eerkan \u00fb R\u00eavana Rojava [&hellip;]<\/p>\n","protected":false},"author":1,"featured_media":14868,"comment_status":"closed","ping_status":"closed","sticky":false,"template":"","format":"standard","meta":{"footnotes":""},"categories":[38],"tags":[],"class_list":{"0":"post-9130","1":"post","2":"type-post","3":"status-publish","4":"format-standard","5":"has-post-thumbnail","7":"category-nuce"},"_links":{"self":[{"href":"https:\/\/ypjrojava.net\/index.php?rest_route=\/wp\/v2\/posts\/9130","targetHints":{"allow":["GET"]}}],"collection":[{"href":"https:\/\/ypjrojava.net\/index.php?rest_route=\/wp\/v2\/posts"}],"about":[{"href":"https:\/\/ypjrojava.net\/index.php?rest_route=\/wp\/v2\/types\/post"}],"author":[{"embeddable":true,"href":"https:\/\/ypjrojava.net\/index.php?rest_route=\/wp\/v2\/users\/1"}],"replies":[{"embeddable":true,"href":"https:\/\/ypjrojava.net\/index.php?rest_route=%2Fwp%2Fv2%2Fcomments&post=9130"}],"version-history":[{"count":4,"href":"https:\/\/ypjrojava.net\/index.php?rest_route=\/wp\/v2\/posts\/9130\/revisions"}],"predecessor-version":[{"id":14869,"href":"https:\/\/ypjrojava.net\/index.php?rest_route=\/wp\/v2\/posts\/9130\/revisions\/14869"}],"wp:featuredmedia":[{"embeddable":true,"href":"https:\/\/ypjrojava.net\/index.php?rest_route=\/wp\/v2\/media\/14868"}],"wp:attachment":[{"href":"https:\/\/ypjrojava.net\/index.php?rest_route=%2Fwp%2Fv2%2Fmedia&parent=9130"}],"wp:term":[{"taxonomy":"category","embeddable":true,"href":"https:\/\/ypjrojava.net\/index.php?rest_route=%2Fwp%2Fv2%2Fcategories&post=9130"},{"taxonomy":"post_tag","embeddable":true,"href":"https:\/\/ypjrojava.net\/index.php?rest_route=%2Fwp%2Fv2%2Ftags&post=9130"}],"curies":[{"name":"wp","href":"https:\/\/api.w.org\/{rel}","templated":true}]}}