{"id":9140,"date":"2019-10-07T15:11:11","date_gmt":"2019-10-07T15:11:11","guid":{"rendered":"https:\/\/ypjrojava.net\/?p=9140"},"modified":"2022-07-22T07:41:45","modified_gmt":"2022-07-22T07:41:45","slug":"li-italya-konferansa-bi-nave-konfederalizma-demokratik-bi-dawi-bu","status":"publish","type":"post","link":"https:\/\/ypjrojava.net\/?p=9140","title":{"rendered":"Li \u00cetalya Konferansa Bi Nav\u00ea Konfederal\u00eezma Demokratik Bi Daw\u00ee B\u00fb"},"content":{"rendered":"<p>Ji n\u00fbner\u00ean ku ji Rojava Kurdistan\u00ea tevl\u00ee b\u00fbne Rojda Felat roja s\u00eayem\u00een a konferans\u00ea de li ser teko\u015f\u00eena YPJ\u2019\u00ea \u00fb pergala parastin\u00ea axiv\u00ee. Rojda Felat wiha got; \u201ckonferans roja s\u00eayem\u00een li ser \u00e7ar xalan hate lidarxstin. Di runi\u015ftina yekem de rew\u015fa jin, di nav civak\u00ea de \u00fb r\u00eaxistinkirina w\u00ea, Jineoloj\u00ee \u00fb xweparastin hatin destgirtin. Ji pir aliy\u00ea c\u00eehan\u00ea profesor tevl\u00eeb\u00fbn \u00fb wan j\u00ee n\u00ear\u00een\u00ean xwe li ser fem\u00eenizim \u00fb ji bo tevger\u00ean jinan an\u00een ziman. Her wiha me bi berfireh\u00ee li ser sedem, \u015fert \u00fb merc\u00ean avakirina YPJ\u2019\u00ea n\u00ear\u00een\u00ean xwe parve kirin. Armanca teko\u015f\u00eena YPJ\u2019\u00ea \u00fb hem\u00fb h\u00eaz\u00ean parastin\u00ea li hember\u00ee \u00e7etey\u00ean DAI\u015e\u2019\u00ea \u00e7ib\u00fb, erk \u00fb berpirsyariy\u00ean me y\u00ea ji bo dema p\u00ea\u015f \u00e7ine hatin vegotin. Di v\u00ea konferans\u00ea de careke din derket hol\u00ea ku ne civakeke, ne gelek \u00fb ne j\u00ee jin dikarin b\u00ea parastin heb\u00fbna xwe berdewam bikin.<\/p>\n<p>Gefxwarin\u00ean li ser destkeftiy\u00ean gel\u00ea Bakur-Rojhilat\u00ea S\u00fbriy\u00ea bi destxistine hate destgirtin. Ji bo parastina van destkeftiyan ji tevah\u00ee c\u00eehan \u00fb kes\u00ean sosyal\u00eest \u00e7i berpisyar\u00ee t\u00ean xwestin hatin ziman. Her wiha ji bo aramiya qad\u00ean ji bin dest\u00ea DAI\u015e\u2019\u00ea hatine rizgarkirin were may\u00eende kirin p\u00eaw\u00eest\u00ee bi pi\u015ftgiriyeke navnetew\u00ee heye hate ziman.<\/p>\n<p><strong>Rojda Felat<\/strong><\/p>\n","protected":false},"excerpt":{"rendered":"<p>Ji n\u00fbner\u00ean ku ji Rojava Kurdistan\u00ea tevl\u00ee b\u00fbne Rojda Felat roja s\u00eayem\u00een a konferans\u00ea de li ser teko\u015f\u00eena YPJ\u2019\u00ea \u00fb pergala parastin\u00ea axiv\u00ee. Rojda Felat wiha got; \u201ckonferans roja s\u00eayem\u00een li ser \u00e7ar xalan hate lidarxstin. Di runi\u015ftina yekem de rew\u015fa jin, di nav civak\u00ea de \u00fb r\u00eaxistinkirina w\u00ea, Jineoloj\u00ee \u00fb xweparastin hatin destgirtin. Ji [&hellip;]<\/p>\n","protected":false},"author":1,"featured_media":0,"comment_status":"closed","ping_status":"closed","sticky":false,"template":"","format":"standard","meta":{"footnotes":""},"categories":[38],"tags":[],"class_list":{"0":"post-9140","1":"post","2":"type-post","3":"status-publish","4":"format-standard","6":"category-nuce"},"_links":{"self":[{"href":"https:\/\/ypjrojava.net\/index.php?rest_route=\/wp\/v2\/posts\/9140","targetHints":{"allow":["GET"]}}],"collection":[{"href":"https:\/\/ypjrojava.net\/index.php?rest_route=\/wp\/v2\/posts"}],"about":[{"href":"https:\/\/ypjrojava.net\/index.php?rest_route=\/wp\/v2\/types\/post"}],"author":[{"embeddable":true,"href":"https:\/\/ypjrojava.net\/index.php?rest_route=\/wp\/v2\/users\/1"}],"replies":[{"embeddable":true,"href":"https:\/\/ypjrojava.net\/index.php?rest_route=%2Fwp%2Fv2%2Fcomments&post=9140"}],"version-history":[{"count":2,"href":"https:\/\/ypjrojava.net\/index.php?rest_route=\/wp\/v2\/posts\/9140\/revisions"}],"predecessor-version":[{"id":9144,"href":"https:\/\/ypjrojava.net\/index.php?rest_route=\/wp\/v2\/posts\/9140\/revisions\/9144"}],"wp:attachment":[{"href":"https:\/\/ypjrojava.net\/index.php?rest_route=%2Fwp%2Fv2%2Fmedia&parent=9140"}],"wp:term":[{"taxonomy":"category","embeddable":true,"href":"https:\/\/ypjrojava.net\/index.php?rest_route=%2Fwp%2Fv2%2Fcategories&post=9140"},{"taxonomy":"post_tag","embeddable":true,"href":"https:\/\/ypjrojava.net\/index.php?rest_route=%2Fwp%2Fv2%2Ftags&post=9140"}],"curies":[{"name":"wp","href":"https:\/\/api.w.org\/{rel}","templated":true}]}}