{"id":9153,"date":"2019-10-09T08:12:12","date_gmt":"2019-10-09T08:12:12","guid":{"rendered":"https:\/\/ypjrojava.net\/?p=9153"},"modified":"2022-06-21T14:05:06","modified_gmt":"2022-06-21T14:05:06","slug":"ji-raya-gisti-re","status":"publish","type":"post","link":"https:\/\/ypjrojava.net\/?p=9153","title":{"rendered":"Ji Raya Gi\u015ft\u00ee Re"},"content":{"rendered":"<p>Tevah\u00ee gel\u00ean li S\u00fbriy\u00ea dij\u00een, ji sala 2011\u2019an ve \u015fahidiya \u015ferek\u00ee her\u00ee giran \u00fb xedar kirin. Kom\u00ean \u00e7ete y\u00ean li ser nav\u00ea cuda derketin, hov\u00eetiy\u00ean her\u00ee mezin li ser hem\u00fb kes\u00eem\u00ean civak\u00ea p\u00ea\u015fxistin. B\u00ea ku cudahiya \u00e7inayet\u00ee, mezhebi, ol\u00ee, ziman, \u00e7and \u00fb netewan were kirin, van kom\u00ean \u00e7ete \u00ea\u015f\u00ean giran bi tevah\u00ee civaka S\u00fbr\u00ee dan ki\u015fandin. \u00c7etey\u00ean DAI\u015e\u2019\u00ea di navbera sal\u00ean 2011-2014\u2019an de bi dehan, bajar, nav\u00e7e, gund \u00fb mezre dagir kirin. Ev dagirkirina ku bi hov\u00eetiyeke mezin \u00e7\u00eab\u00fb, b\u00fb sedem bi sedhezaran, gel ji cih \u00fb war\u00ea xwe ko\u00e7ber bibin. Li hember\u00ee hov\u00eetiya her\u00ee mezin ya v\u00ea serdem\u00ea Ke\u00e7 \u00fb xort\u00ean ji hem\u00fb civak\u00ean li ser axa S\u00fbriy\u00ea dij\u00een biryara parastina welat \u00fb nirx\u00ean mirovahiy\u00ea dan. Ev, biryar \u00fb berpirsyariyeke d\u00eerok\u00ee b\u00fb. Ev biryar li ser nav\u00ea tevah\u00ee mirovahiya ku di parastina nasnemeya xwe de bi \u00eesrare hate girtin. Ev biryara d\u00eerok\u00ee, bi bawer\u00ee, cesaret, h\u00eav\u00ee \u00fb v\u00eena gelan hate girtin.<\/p>\n<p>Me weke h\u00eaz\u00ean parastina tevah\u00ee gel\u00ean S\u00fbriy\u00ea \u00fb weke hem\u00fb gel\u00ean li her\u00eam\u00ea dij\u00een bers\u00eeva ku da van \u00ear\u00ee\u015fan, \u015fer\u00ea parastina rewa b\u00fb. \u015eer\u00ea ku me li hember\u00ee hem\u00fb kom\u00ean \u00e7ete me\u015fand, li ser bingeha hi\u015fmendiya maf\u00ea xwe parastin\u00ea b\u00fb. \u015eervan\u00ean me di hem\u00fb senger\u00ean \u015fer\u00ea hate me\u015fandin de, ev maf bi fedekar\u00ee \u00fb kedeke b\u00eahempa bi cih an\u00een. Gel\u00ea me b\u00ea d\u00fbdil\u00ee, b\u00ea hesap ewlad\u00ean xwe diyar\u00ee heb\u00fbna \u015fore\u015fa azadiy\u00ea kirin. Me di oxira maf\u00ea xweparastin\u00ea de bi hezaran \u015feh\u00eed, bir\u00eendar \u00fb Gaz\u00ee dan. Ev ji bo tevah\u00ee gel\u00ean S\u00fbriy\u00ea cih\u00ea r\u00fbmet \u00fb serfiraziy\u00ea ye. Ji bo tevah\u00ee mirovahiy\u00ea j\u00ee h\u00eav\u00ee \u00fb serkeftineke b\u00ea hempa b\u00fb.<\/p>\n<p>Gel\u00ean li Bak\u00fbr \u00fb Rojhilat\u00ea S\u00fbriy\u00ea \u00fb Rojavay\u00ee Kurdistan\u00ea, ji roja ku biryara bi xwe, xwe parastin dan \u00fb p\u00eave, dewleta Tirk bi her c\u00fbre \u00ear\u00ee\u015fan hewlda \u015fore\u015fa gelan tune bike. Bi dehan caran \u00eespat b\u00fb ku dewleta Tirk destek\u00ea dide \u00e7etey\u00ean DAI\u015e\u2019\u00ea. Di gelek d\u00eemen \u00fb belgenameyan derket hol\u00ea ku Dewleta Tirk desteka \u00e7ekan, loj\u00eest\u00eek, kadro \u00fb hwd dide \u00e7etey\u00ean DAI\u015e\u2019\u00ea.<\/p>\n<p>Bi t\u00eakbirina r\u00eaxistina her\u00ee mezin ya ter\u00f6r\u00ee \u00e7etey\u00ean DAI\u015e\u2019\u00ea re dewleta Tirk di bin nav\u00ea sedem\u00ean cuda de \u00ear\u00ee\u015f\u00ee destkeftiy\u00ean gel\u00ea me kir. \u00car\u00ee\u015f \u00fb dagirkirina Efr\u00een\u00ea \u00fb her wiha dagirkirina dewleta Tirk ya dever\u00ean cuda S\u00fbr\u00ee n\u00ee\u015fan dide ku dewleta Tirk di kurkirina aloz\u00ee \u00fb dir\u00eajkirina \u015fer\u00ea li S\u00fbr\u00ee de bi \u00eesrar e. Armanca dewleta Tirk, dagirkirin \u00fb tunekirina destkefiy\u00ean gel\u00ea me ye. Dijminahiya dewleta Tirk, di \u015fexs\u00ea gel\u00ea Kurd de, dijminahiyeke li hember\u00ee tevah\u00ee gel\u00ean Bak\u00fbr-Rojhilat\u00ee S\u00fbriy\u00ea ye.<\/p>\n<p>Dewleta Tirk, bi van \u00ear\u00ee\u015f\u00ean zem\u00een\u00ean n\u00fb ji \u00e7etey\u00ean DAI\u015e\u2019\u00ea re vedike \u00fb hewl dide temen\u00ea van koman dir\u00eaj bike. Em van \u00ear\u00ee\u015fkariy\u00ean dewleta Tirk \u00fb kes\u00ean destek dide bi tu away\u00ee qeb\u00fbl nakin. C\u00eehan hem\u00fb armanca \u00ear\u00ee\u015f\u00ean dewleta Tirk li ser Bak\u00fbr-Rojhilat\u00ee S\u00fbr\u00ee \u00e7iye, ba\u015f dizane. Ji bona w\u00ea em dib\u00eajin di ser\u00ee de r\u00eaxistin\u00ean maf\u00ea mirovan, saz\u00ee \u00fb kes\u00ean demokrat, yek\u00eetiya Awr\u00fbpa \u00fb netewey\u00ean yekb\u00fby\u00ee p\u00eaw\u00eeste li hember\u00ee dewleta tirk helwesteke tund dest n\u00ee\u015fan bikin. Her kes\u00ea ku ji v\u00ea \u00ear\u00ee\u015fa dewleta Tirk re b\u00ea deng bim\u00eene ew hevkar\u00ea dewleta Tirk e.<\/p>\n<p>Li ser w\u00ea esas\u00ea, em ji tevah\u00ee c\u00eehan\u00ea re careke din dib\u00eajin, Tu armanceke me ya hedef girtina dewleta Tirkiy\u00ea tune ye. L\u00ea eger dewleta tirk di \u00ear\u00ee\u015f \u00fb digirkeriy\u00ea de bi \u00eesrar be, em \u00ea j\u00ee heya daw\u00ee maf\u00ea xwe y\u00ea parastin\u00ea bi kar b\u00eenin. Em ji her c\u00fbre \u00ear\u00ee\u015fa ku bi ser me de wer\u00ea re j\u00ee amade ne bers\u00eeva p\u00eaw\u00eest bidin.<\/p>\n<p>Li ser v\u00ea bingeh\u00ea em dib\u00eajin gel\u00ea me \u00e7awa di dem\u00ean bor\u00ee de ked \u00fb fedekariy\u00ean mezin n\u00ee\u015fan da w\u00ea \u00eero j\u00ee bi heman berpirsyar\u00ee tevbigere \u00fb bi rihek\u00ee berxwed\u00ear bersiva p\u00eaw\u00eest bide dewleta Tirk. Em bang li hem\u00fb netewe, nasname \u00fb baweriyan dikin bi rihek\u00ee hevgirt\u00ee mil\u00ea xwe bidin hev \u00fb deng\u00ea xwe li hember\u00ee van \u00ear\u015f\u00ean dewleta Tirk bilind bikin. Li hember\u00ee van \u00ear\u00ee\u015f\u00ean dewleta Tirk, rol \u00fb berpirsyariyeke mezin dikeve ser mil\u00ea ciwanan. Em di w\u00ea b\u00eer \u00fb baweriy\u00ea da ne ku hem\u00fb ciwan\u00ean me bi v\u00ea hi\u015fmendiy\u00ea \u00fb bi sekneke \u015fore\u015fger\u00ee tevbigerin \u00fb ber\u00ea xwe bidin eniy\u00ean berxwedan\u00ea \u00fb senger\u00ean teko\u015f\u00een\u00ea.<\/p>\n<p>Di daw\u00ee de em careke din dib\u00eajin, em weke h\u00eaz\u00ean parastin\u00ea, amade ne welat\u00ea xwe, nirx \u00fb destkeftiy\u00ean gel\u00ea xwe bipar\u00eazin. Ger di oxira v\u00ea parastin\u00ea de berd\u00eala w\u00ea can\u00ea me b\u00ea j\u00ee em amade ne di ber gel\u00ea xwe de feda bikin.<\/p>\n<p>Mecl\u00ees\u00ean Le\u015fker\u00ee Y\u00ean Her\u00eama Ciz\u00eer\u00ea<\/p>\n<p>&nbsp;<\/p>\n<p>&nbsp;<\/p>\n","protected":false},"excerpt":{"rendered":"<p>Tevah\u00ee gel\u00ean li S\u00fbriy\u00ea dij\u00een, ji sala 2011\u2019an ve \u015fahidiya \u015ferek\u00ee her\u00ee giran \u00fb xedar kirin. Kom\u00ean \u00e7ete y\u00ean li ser nav\u00ea cuda derketin, hov\u00eetiy\u00ean her\u00ee mezin li ser hem\u00fb kes\u00eem\u00ean civak\u00ea p\u00ea\u015fxistin. B\u00ea ku cudahiya \u00e7inayet\u00ee, mezhebi, ol\u00ee, ziman, \u00e7and \u00fb netewan were kirin, van kom\u00ean \u00e7ete \u00ea\u015f\u00ean giran bi tevah\u00ee civaka S\u00fbr\u00ee dan [&hellip;]<\/p>\n","protected":false},"author":1,"featured_media":14103,"comment_status":"closed","ping_status":"closed","sticky":false,"template":"","format":"standard","meta":{"footnotes":""},"categories":[39],"tags":[],"class_list":{"0":"post-9153","1":"post","2":"type-post","3":"status-publish","4":"format-standard","5":"has-post-thumbnail","7":"category-daxuyani"},"_links":{"self":[{"href":"https:\/\/ypjrojava.net\/index.php?rest_route=\/wp\/v2\/posts\/9153","targetHints":{"allow":["GET"]}}],"collection":[{"href":"https:\/\/ypjrojava.net\/index.php?rest_route=\/wp\/v2\/posts"}],"about":[{"href":"https:\/\/ypjrojava.net\/index.php?rest_route=\/wp\/v2\/types\/post"}],"author":[{"embeddable":true,"href":"https:\/\/ypjrojava.net\/index.php?rest_route=\/wp\/v2\/users\/1"}],"replies":[{"embeddable":true,"href":"https:\/\/ypjrojava.net\/index.php?rest_route=%2Fwp%2Fv2%2Fcomments&post=9153"}],"version-history":[{"count":1,"href":"https:\/\/ypjrojava.net\/index.php?rest_route=\/wp\/v2\/posts\/9153\/revisions"}],"predecessor-version":[{"id":9155,"href":"https:\/\/ypjrojava.net\/index.php?rest_route=\/wp\/v2\/posts\/9153\/revisions\/9155"}],"wp:featuredmedia":[{"embeddable":true,"href":"https:\/\/ypjrojava.net\/index.php?rest_route=\/wp\/v2\/media\/14103"}],"wp:attachment":[{"href":"https:\/\/ypjrojava.net\/index.php?rest_route=%2Fwp%2Fv2%2Fmedia&parent=9153"}],"wp:term":[{"taxonomy":"category","embeddable":true,"href":"https:\/\/ypjrojava.net\/index.php?rest_route=%2Fwp%2Fv2%2Fcategories&post=9153"},{"taxonomy":"post_tag","embeddable":true,"href":"https:\/\/ypjrojava.net\/index.php?rest_route=%2Fwp%2Fv2%2Ftags&post=9153"}],"curies":[{"name":"wp","href":"https:\/\/api.w.org\/{rel}","templated":true}]}}