{"id":9196,"date":"2019-10-11T15:16:24","date_gmt":"2019-10-11T15:16:24","guid":{"rendered":"https:\/\/ypjrojava.net\/?p=9196"},"modified":"2022-07-21T13:20:07","modified_gmt":"2022-07-21T13:20:07","slug":"em-e-heya-dawi-ji-bo-parastina-welate-xwe-ser-bikin","status":"publish","type":"post","link":"https:\/\/ypjrojava.net\/?p=9196","title":{"rendered":"Em \u00ea Heya daw\u00ee ji bo parastina welat\u00ea xwe \u015fer bikin"},"content":{"rendered":"<p>&nbsp;<\/p>\n<p>\u015eervan\u00ean YPJ&#8217;\u00ea di berxwedana Ser\u00eakaniy\u00ea de, di \u00e7eper\u00ean p\u00ea\u015f y\u00ean \u015fer de li hember\u00ee dagirkeriya dewleta Tirk \u00fb \u00e7etey\u00ean w\u00ee berxwedaniyeke d\u00eerok\u00ee dime\u015f\u00eenin. \u015eervana bi nav\u00ea N\u00fbj\u00een J\u00eahat axiv\u00ee \u00fb got &#8217;em \u00ea heya daw\u00ee ji bo parastina welat\u00ea xwe \u015fer bikin.&#8217;<\/p>\n<p>Dewleta Tirk ya dagirker tev\u00ee \u00e7etey\u00ean xwe ji 9&#8217;\u00ea Cotmeh\u00ea ve li ser Bak\u00fbr-Rojhilat\u00ea S\u00fbriy\u00ea dest bi tevgera xwe ya dagirkeriy\u00ea kiriye. Li hember\u00ee\u00a0 ev hewldana dagirkeriy\u00ea j\u00ee \u015fervan\u00ean YPJ&#8217;\u00ea-YPG&#8217;\u00ea \u00fb QSD di \u00e7eperan de li ber xwe didin. \u015eervana YPJ&#8217;\u00ea N\u00fbj\u00een J\u00eahat di eniy\u00ean \u015fer y\u00ean pe\u015f de biryardariya xwe wiha an\u00ee ziman; &#8220;Em her tim amade ne li kuder\u00ea \u00ear\u00ee\u015f\u00ean dagirkeriy\u00ea li ser welat \u00fb gel\u00ea me \u00e7ebibin \u015fer bikin. Keda em li vir bidin, ger \u015fehadetek j\u00ee hebe tev jibo welat\u00ea me ye. Erdogan bi tekn\u00eeka xwe nikare \u00e7av\u00ea me bitirs\u00eene. Me 7 salan li ser v\u00ea xak\u00ea bihezaran \u015feh\u00eed dan, bila kes neb\u00eaje em \u00ea bi rihet\u00ee dev ji v\u00ea xaka p\u00eeroz berdin. Ev xaka me bi keda gel\u00ea me \u00fb \u015feh\u00eedan hate rizgarkirin. Ji bo w\u00ea em dib\u00eajin em di oxira van nixan de heya daw\u00ee \u015fer bikin.\u00a0 Em weke \u015fervan\u00ean YPJ&#8217;\u00ea dib\u00eajin, heya ku di bedena me de dilopek xw\u00een hebe em \u00ea li ber xwe bidin. Em ten\u00ea dikarin bi berxwedan\u00ea bersiva van dagirkeriya dewleta Tirk bidin. Em heya daw\u00ee ji viya re amade ne \u015fer bikin.&#8221;<\/p>\n<p>Navenda Ragihandina #YPJ<\/p>\n<p>&nbsp;<\/p>\n<p><iframe loading=\"lazy\" title=\"Em \u00ca Heya Daw\u00ee Ji Bo Parastina Welat\u00ea Xwe \u015eer Bikin\" width=\"696\" height=\"392\" src=\"https:\/\/www.youtube.com\/embed\/09TVlNP6iPU?feature=oembed\" frameborder=\"0\" allow=\"accelerometer; autoplay; clipboard-write; encrypted-media; gyroscope; picture-in-picture; web-share\" referrerpolicy=\"strict-origin-when-cross-origin\" allowfullscreen><\/iframe><\/p>\n","protected":false},"excerpt":{"rendered":"<p>&nbsp; \u015eervan\u00ean YPJ&#8217;\u00ea di berxwedana Ser\u00eakaniy\u00ea de, di \u00e7eper\u00ean p\u00ea\u015f y\u00ean \u015fer de li hember\u00ee dagirkeriya dewleta Tirk \u00fb \u00e7etey\u00ean w\u00ee berxwedaniyeke d\u00eerok\u00ee dime\u015f\u00eenin. \u015eervana bi nav\u00ea N\u00fbj\u00een J\u00eahat axiv\u00ee \u00fb got &#8217;em \u00ea heya daw\u00ee ji bo parastina welat\u00ea xwe \u015fer bikin.&#8217; Dewleta Tirk ya dagirker tev\u00ee \u00e7etey\u00ean xwe ji 9&#8217;\u00ea Cotmeh\u00ea ve li [&hellip;]<\/p>\n","protected":false},"author":1,"featured_media":14860,"comment_status":"closed","ping_status":"closed","sticky":false,"template":"","format":"standard","meta":{"footnotes":""},"categories":[38],"tags":[],"class_list":{"0":"post-9196","1":"post","2":"type-post","3":"status-publish","4":"format-standard","5":"has-post-thumbnail","7":"category-nuce"},"_links":{"self":[{"href":"https:\/\/ypjrojava.net\/index.php?rest_route=\/wp\/v2\/posts\/9196","targetHints":{"allow":["GET"]}}],"collection":[{"href":"https:\/\/ypjrojava.net\/index.php?rest_route=\/wp\/v2\/posts"}],"about":[{"href":"https:\/\/ypjrojava.net\/index.php?rest_route=\/wp\/v2\/types\/post"}],"author":[{"embeddable":true,"href":"https:\/\/ypjrojava.net\/index.php?rest_route=\/wp\/v2\/users\/1"}],"replies":[{"embeddable":true,"href":"https:\/\/ypjrojava.net\/index.php?rest_route=%2Fwp%2Fv2%2Fcomments&post=9196"}],"version-history":[{"count":3,"href":"https:\/\/ypjrojava.net\/index.php?rest_route=\/wp\/v2\/posts\/9196\/revisions"}],"predecessor-version":[{"id":14859,"href":"https:\/\/ypjrojava.net\/index.php?rest_route=\/wp\/v2\/posts\/9196\/revisions\/14859"}],"wp:featuredmedia":[{"embeddable":true,"href":"https:\/\/ypjrojava.net\/index.php?rest_route=\/wp\/v2\/media\/14860"}],"wp:attachment":[{"href":"https:\/\/ypjrojava.net\/index.php?rest_route=%2Fwp%2Fv2%2Fmedia&parent=9196"}],"wp:term":[{"taxonomy":"category","embeddable":true,"href":"https:\/\/ypjrojava.net\/index.php?rest_route=%2Fwp%2Fv2%2Fcategories&post=9196"},{"taxonomy":"post_tag","embeddable":true,"href":"https:\/\/ypjrojava.net\/index.php?rest_route=%2Fwp%2Fv2%2Ftags&post=9196"}],"curies":[{"name":"wp","href":"https:\/\/api.w.org\/{rel}","templated":true}]}}