{"id":9199,"date":"2019-10-11T15:55:07","date_gmt":"2019-10-11T15:55:07","guid":{"rendered":"https:\/\/ypjrojava.net\/?p=9199"},"modified":"2022-07-21T13:15:25","modified_gmt":"2022-07-21T13:15:25","slug":"keliyen-berxwederen-sere-kaniye","status":"publish","type":"post","link":"https:\/\/ypjrojava.net\/?p=9199","title":{"rendered":"\u00a0K\u00ealiy\u00ean Berxwed\u00ear\u00ean Ser\u00ea Kaniy\u00ea"},"content":{"rendered":"<p>&nbsp;<\/p>\n<p>Dewleta Tirk ya dagirker \u00fb \u00e7etey\u00ean w\u00ee \u00ear\u00ee\u015f\u00ean xwe li ser Ser\u00ea kaniy\u00ea berdewam dikin. \u015eervan\u00ean YPJ&#8217;\u00ea \u00fb QSD&#8217;\u00ea li hember\u00ee \u00ear\u00ee\u015f\u00ean dagirkeriya dewleta Tirk, bi berxwedaniyeke d\u00eerok\u00ee bers\u00eeva \u00ear\u00ee\u015fan didin. \u015eervan\u00ea bi nav\u00ea Amed Ser\u00eakaniy\u00ea, biryardariya xwe bi van hevokan vedib\u00eaje; &#8220;Ez zarok\u00ea v\u00ea bajar\u00ee me. Em ji vir dernakevin heya ku dagirkeriya Tirk bi daw\u00ee bibe. Em heya jiyaneke bi serkeft\u00ee bij\u00een, an j\u00ee mirineke bi r\u00fbmet bimirin, l\u00ea em dev ji tax\u00ean xwe bernadin. Ne ten\u00ea dagirkeriya Erdogan, ger hem\u00fb Awr\u00fbpa bi ser me de wer\u00ea em dev ji xaka xwe bernadin.&#8221;<\/p>\n<p>Navenda Ragihandina YPJ<\/p>\n<p>&nbsp;<\/p>\n<p><iframe loading=\"lazy\" title=\"K\u00ealiy\u00ean Berxwed\u00ear\u00ean Ser\u00ea Kaniy\u00ea\" width=\"696\" height=\"392\" src=\"https:\/\/www.youtube.com\/embed\/cC0qDoB5JcY?feature=oembed\" frameborder=\"0\" allow=\"accelerometer; autoplay; clipboard-write; encrypted-media; gyroscope; picture-in-picture; web-share\" referrerpolicy=\"strict-origin-when-cross-origin\" allowfullscreen><\/iframe><\/p>\n","protected":false},"excerpt":{"rendered":"<p>&nbsp; Dewleta Tirk ya dagirker \u00fb \u00e7etey\u00ean w\u00ee \u00ear\u00ee\u015f\u00ean xwe li ser Ser\u00ea kaniy\u00ea berdewam dikin. \u015eervan\u00ean YPJ&#8217;\u00ea \u00fb QSD&#8217;\u00ea li hember\u00ee \u00ear\u00ee\u015f\u00ean dagirkeriya dewleta Tirk, bi berxwedaniyeke d\u00eerok\u00ee bers\u00eeva \u00ear\u00ee\u015fan didin. \u015eervan\u00ea bi nav\u00ea Amed Ser\u00eakaniy\u00ea, biryardariya xwe bi van hevokan vedib\u00eaje; &#8220;Ez zarok\u00ea v\u00ea bajar\u00ee me. Em ji vir dernakevin heya ku dagirkeriya [&hellip;]<\/p>\n","protected":false},"author":1,"featured_media":9200,"comment_status":"closed","ping_status":"closed","sticky":false,"template":"","format":"standard","meta":{"footnotes":""},"categories":[38],"tags":[],"class_list":{"0":"post-9199","1":"post","2":"type-post","3":"status-publish","4":"format-standard","5":"has-post-thumbnail","7":"category-nuce"},"_links":{"self":[{"href":"https:\/\/ypjrojava.net\/index.php?rest_route=\/wp\/v2\/posts\/9199","targetHints":{"allow":["GET"]}}],"collection":[{"href":"https:\/\/ypjrojava.net\/index.php?rest_route=\/wp\/v2\/posts"}],"about":[{"href":"https:\/\/ypjrojava.net\/index.php?rest_route=\/wp\/v2\/types\/post"}],"author":[{"embeddable":true,"href":"https:\/\/ypjrojava.net\/index.php?rest_route=\/wp\/v2\/users\/1"}],"replies":[{"embeddable":true,"href":"https:\/\/ypjrojava.net\/index.php?rest_route=%2Fwp%2Fv2%2Fcomments&post=9199"}],"version-history":[{"count":4,"href":"https:\/\/ypjrojava.net\/index.php?rest_route=\/wp\/v2\/posts\/9199\/revisions"}],"predecessor-version":[{"id":14858,"href":"https:\/\/ypjrojava.net\/index.php?rest_route=\/wp\/v2\/posts\/9199\/revisions\/14858"}],"wp:featuredmedia":[{"embeddable":true,"href":"https:\/\/ypjrojava.net\/index.php?rest_route=\/wp\/v2\/media\/9200"}],"wp:attachment":[{"href":"https:\/\/ypjrojava.net\/index.php?rest_route=%2Fwp%2Fv2%2Fmedia&parent=9199"}],"wp:term":[{"taxonomy":"category","embeddable":true,"href":"https:\/\/ypjrojava.net\/index.php?rest_route=%2Fwp%2Fv2%2Fcategories&post=9199"},{"taxonomy":"post_tag","embeddable":true,"href":"https:\/\/ypjrojava.net\/index.php?rest_route=%2Fwp%2Fv2%2Ftags&post=9199"}],"curies":[{"name":"wp","href":"https:\/\/api.w.org\/{rel}","templated":true}]}}