{"id":9220,"date":"2019-10-12T04:57:03","date_gmt":"2019-10-12T04:57:03","guid":{"rendered":"https:\/\/ypjrojava.net\/?p=9220"},"modified":"2019-10-12T05:45:31","modified_gmt":"2019-10-12T05:45:31","slug":"li-serekaniye-ji-sevidin-de-ser-u-pevcun-berdewam-in","status":"publish","type":"post","link":"https:\/\/ypjrojava.net\/?p=9220","title":{"rendered":"Li Ser\u00eakaniy\u00ea Ji \u015eev\u00eedin de \u015eer \u00db Pev\u00e7\u00fbn Berdewam in"},"content":{"rendered":"<p>Dewleta dagirker ji seat\u00ean \u00eavar\u00ea \u00fb heta niha car din \u00ear\u00ee\u015f\u00ean xwe li ser Ser\u00eakaniy\u00ea dijwar kirin. Ev \u00ear\u00ee\u015f li aliy\u00ea Tilxelif \u00fb Sinay\u00ea de dijwar b\u00fbn. Heya v\u00ea sihar\u00ea \u015fer \u00fb pev\u00e7\u00fbn berdewam dikin. L\u00ea heta niha hewldan\u00ean dewlata tirk \u00fb \u00e7etey\u00ean w\u00ee y\u00ean ketina Ser\u00eakaniy\u00ea ji aliy\u00ea \u015fervanan ve hatine \u015fikandin. \u015eervan li hember\u00ee v\u00ea dagirkeriy\u00ea di roja siyem\u00een de berxwedaniyek b\u00eahempa raber kirin.<\/p>\n<p>Navenda Ragihandina YPJ&#8217;\u00ea<\/p>\n<p>&nbsp;<\/p>\n","protected":false},"excerpt":{"rendered":"<p>Dewleta dagirker ji seat\u00ean \u00eavar\u00ea \u00fb heta niha car din \u00ear\u00ee\u015f\u00ean xwe li ser Ser\u00eakaniy\u00ea dijwar kirin. Ev \u00ear\u00ee\u015f li aliy\u00ea Tilxelif \u00fb Sinay\u00ea de dijwar b\u00fbn. Heya v\u00ea sihar\u00ea \u015fer \u00fb pev\u00e7\u00fbn berdewam dikin. L\u00ea heta niha hewldan\u00ean dewlata tirk \u00fb \u00e7etey\u00ean w\u00ee y\u00ean ketina Ser\u00eakaniy\u00ea ji aliy\u00ea \u015fervanan ve hatine \u015fikandin. \u015eervan li [&hellip;]<\/p>\n","protected":false},"author":1,"featured_media":9221,"comment_status":"closed","ping_status":"closed","sticky":false,"template":"","format":"standard","meta":{"footnotes":""},"categories":[38],"tags":[],"class_list":{"0":"post-9220","1":"post","2":"type-post","3":"status-publish","4":"format-standard","5":"has-post-thumbnail","7":"category-nuce"},"_links":{"self":[{"href":"https:\/\/ypjrojava.net\/index.php?rest_route=\/wp\/v2\/posts\/9220","targetHints":{"allow":["GET"]}}],"collection":[{"href":"https:\/\/ypjrojava.net\/index.php?rest_route=\/wp\/v2\/posts"}],"about":[{"href":"https:\/\/ypjrojava.net\/index.php?rest_route=\/wp\/v2\/types\/post"}],"author":[{"embeddable":true,"href":"https:\/\/ypjrojava.net\/index.php?rest_route=\/wp\/v2\/users\/1"}],"replies":[{"embeddable":true,"href":"https:\/\/ypjrojava.net\/index.php?rest_route=%2Fwp%2Fv2%2Fcomments&post=9220"}],"version-history":[{"count":4,"href":"https:\/\/ypjrojava.net\/index.php?rest_route=\/wp\/v2\/posts\/9220\/revisions"}],"predecessor-version":[{"id":9231,"href":"https:\/\/ypjrojava.net\/index.php?rest_route=\/wp\/v2\/posts\/9220\/revisions\/9231"}],"wp:featuredmedia":[{"embeddable":true,"href":"https:\/\/ypjrojava.net\/index.php?rest_route=\/wp\/v2\/media\/9221"}],"wp:attachment":[{"href":"https:\/\/ypjrojava.net\/index.php?rest_route=%2Fwp%2Fv2%2Fmedia&parent=9220"}],"wp:term":[{"taxonomy":"category","embeddable":true,"href":"https:\/\/ypjrojava.net\/index.php?rest_route=%2Fwp%2Fv2%2Fcategories&post=9220"},{"taxonomy":"post_tag","embeddable":true,"href":"https:\/\/ypjrojava.net\/index.php?rest_route=%2Fwp%2Fv2%2Ftags&post=9220"}],"curies":[{"name":"wp","href":"https:\/\/api.w.org\/{rel}","templated":true}]}}