{"id":9246,"date":"2019-10-12T09:58:01","date_gmt":"2019-10-12T09:58:01","guid":{"rendered":"https:\/\/ypjrojava.net\/?p=9246"},"modified":"2019-10-12T09:58:01","modified_gmt":"2019-10-12T09:58:01","slug":"di-van-keliyan-de-disa-balafiren-ser-li-gelek-cihe-serekaniye-xistin","status":"publish","type":"post","link":"https:\/\/ypjrojava.net\/?p=9246","title":{"rendered":"Di Van K\u00ealiyan De D\u00eesa Balafir\u00ean \u015eer Li Gelek Cih\u00ea Ser\u00eakaniy\u00ea Xistin"},"content":{"rendered":"<p>Di van k\u00ealiyan de D\u00eesa balafir\u00ean \u015fer li gelek cih\u00ea Ser\u00eakaniy\u00ea xistin \u00fb h\u00eenaj\u00ee li ser baj\u00ear digerin<\/p>\n<p>Her li taxa Hawerna, sanay\u00ee ya meden\u00ee \u00fb nav\u00e7eya Tilxelef<\/p>\n<p>Art\u00ea\u015fa Tirk ya dagirker \u00fb \u00e7etey\u00ean w\u00ee \u00ear\u00ee\u015f\u00ean xwe li Ser\u00eakaniy\u00ea dijwartir kirine, l\u00ea li hember\u00ee van \u00ear\u00ee\u015f\u00ean hovane berxwedanek\u00ee b\u00eahempa berdewam e<\/p>\n","protected":false},"excerpt":{"rendered":"<p>Di van k\u00ealiyan de D\u00eesa balafir\u00ean \u015fer li gelek cih\u00ea Ser\u00eakaniy\u00ea xistin \u00fb h\u00eenaj\u00ee li ser baj\u00ear digerin Her li taxa Hawerna, sanay\u00ee ya meden\u00ee \u00fb nav\u00e7eya Tilxelef Art\u00ea\u015fa Tirk ya dagirker \u00fb \u00e7etey\u00ean w\u00ee \u00ear\u00ee\u015f\u00ean xwe li Ser\u00eakaniy\u00ea dijwartir kirine, l\u00ea li hember\u00ee van \u00ear\u00ee\u015f\u00ean hovane berxwedanek\u00ee b\u00eahempa berdewam e<\/p>\n","protected":false},"author":1,"featured_media":9247,"comment_status":"closed","ping_status":"closed","sticky":false,"template":"","format":"standard","meta":{"footnotes":""},"categories":[38],"tags":[],"class_list":{"0":"post-9246","1":"post","2":"type-post","3":"status-publish","4":"format-standard","5":"has-post-thumbnail","7":"category-nuce"},"_links":{"self":[{"href":"https:\/\/ypjrojava.net\/index.php?rest_route=\/wp\/v2\/posts\/9246","targetHints":{"allow":["GET"]}}],"collection":[{"href":"https:\/\/ypjrojava.net\/index.php?rest_route=\/wp\/v2\/posts"}],"about":[{"href":"https:\/\/ypjrojava.net\/index.php?rest_route=\/wp\/v2\/types\/post"}],"author":[{"embeddable":true,"href":"https:\/\/ypjrojava.net\/index.php?rest_route=\/wp\/v2\/users\/1"}],"replies":[{"embeddable":true,"href":"https:\/\/ypjrojava.net\/index.php?rest_route=%2Fwp%2Fv2%2Fcomments&post=9246"}],"version-history":[{"count":1,"href":"https:\/\/ypjrojava.net\/index.php?rest_route=\/wp\/v2\/posts\/9246\/revisions"}],"predecessor-version":[{"id":9248,"href":"https:\/\/ypjrojava.net\/index.php?rest_route=\/wp\/v2\/posts\/9246\/revisions\/9248"}],"wp:featuredmedia":[{"embeddable":true,"href":"https:\/\/ypjrojava.net\/index.php?rest_route=\/wp\/v2\/media\/9247"}],"wp:attachment":[{"href":"https:\/\/ypjrojava.net\/index.php?rest_route=%2Fwp%2Fv2%2Fmedia&parent=9246"}],"wp:term":[{"taxonomy":"category","embeddable":true,"href":"https:\/\/ypjrojava.net\/index.php?rest_route=%2Fwp%2Fv2%2Fcategories&post=9246"},{"taxonomy":"post_tag","embeddable":true,"href":"https:\/\/ypjrojava.net\/index.php?rest_route=%2Fwp%2Fv2%2Ftags&post=9246"}],"curies":[{"name":"wp","href":"https:\/\/api.w.org\/{rel}","templated":true}]}}