{"id":9251,"date":"2019-10-12T10:33:47","date_gmt":"2019-10-12T10:33:47","guid":{"rendered":"https:\/\/ypjrojava.net\/?p=9251"},"modified":"2019-10-12T10:33:47","modified_gmt":"2019-10-12T10:33:47","slug":"di-van-keliyan-de-balafiren-ser-yen-dewletat-tirk-a-dagirker-li-ser-gire-spi-digerin","status":"publish","type":"post","link":"https:\/\/ypjrojava.net\/?p=9251","title":{"rendered":"Di Van K\u00ealiyan De Balafir\u00ean \u015eer Y\u00ean Dewletat Tirk A Dagirker Li Ser Gir\u00ea Sp\u00ee Digerin"},"content":{"rendered":"<p>Di van k\u00ealiyan de balafir\u00ean \u015fer y\u00ean dewletat Tirk a dagirker li ser gir\u00ea Sp\u00ee digerin. Her 3 Ub\u00ees n\u00eaz\u00ee mertal\u00ean zind\u00ee ketin<\/p>\n<p>&nbsp;<\/p>\n<p><img loading=\"lazy\" decoding=\"async\" class=\"size-medium wp-image-9253 alignnone\" src=\"http:\/\/ypjrojava.net\/wp-content\/uploads\/2019\/10\/amed-serekaniye.00_03_27_23.Still002-300x165.jpg\" alt=\"\" width=\"300\" height=\"165\" srcset=\"https:\/\/ypjrojava.net\/wp-content\/uploads\/2019\/10\/amed-serekaniye.00_03_27_23.Still002-300x165.jpg 300w, https:\/\/ypjrojava.net\/wp-content\/uploads\/2019\/10\/amed-serekaniye.00_03_27_23.Still002.bmp 640w\" sizes=\"auto, (max-width: 300px) 100vw, 300px\" \/><\/p>\n","protected":false},"excerpt":{"rendered":"<p>Di van k\u00ealiyan de balafir\u00ean \u015fer y\u00ean dewletat Tirk a dagirker li ser gir\u00ea Sp\u00ee digerin. Her 3 Ub\u00ees n\u00eaz\u00ee mertal\u00ean zind\u00ee ketin &nbsp;<\/p>\n","protected":false},"author":1,"featured_media":9252,"comment_status":"closed","ping_status":"closed","sticky":false,"template":"","format":"standard","meta":{"footnotes":""},"categories":[38],"tags":[],"class_list":{"0":"post-9251","1":"post","2":"type-post","3":"status-publish","4":"format-standard","5":"has-post-thumbnail","7":"category-nuce"},"_links":{"self":[{"href":"https:\/\/ypjrojava.net\/index.php?rest_route=\/wp\/v2\/posts\/9251","targetHints":{"allow":["GET"]}}],"collection":[{"href":"https:\/\/ypjrojava.net\/index.php?rest_route=\/wp\/v2\/posts"}],"about":[{"href":"https:\/\/ypjrojava.net\/index.php?rest_route=\/wp\/v2\/types\/post"}],"author":[{"embeddable":true,"href":"https:\/\/ypjrojava.net\/index.php?rest_route=\/wp\/v2\/users\/1"}],"replies":[{"embeddable":true,"href":"https:\/\/ypjrojava.net\/index.php?rest_route=%2Fwp%2Fv2%2Fcomments&post=9251"}],"version-history":[{"count":1,"href":"https:\/\/ypjrojava.net\/index.php?rest_route=\/wp\/v2\/posts\/9251\/revisions"}],"predecessor-version":[{"id":9254,"href":"https:\/\/ypjrojava.net\/index.php?rest_route=\/wp\/v2\/posts\/9251\/revisions\/9254"}],"wp:featuredmedia":[{"embeddable":true,"href":"https:\/\/ypjrojava.net\/index.php?rest_route=\/wp\/v2\/media\/9252"}],"wp:attachment":[{"href":"https:\/\/ypjrojava.net\/index.php?rest_route=%2Fwp%2Fv2%2Fmedia&parent=9251"}],"wp:term":[{"taxonomy":"category","embeddable":true,"href":"https:\/\/ypjrojava.net\/index.php?rest_route=%2Fwp%2Fv2%2Fcategories&post=9251"},{"taxonomy":"post_tag","embeddable":true,"href":"https:\/\/ypjrojava.net\/index.php?rest_route=%2Fwp%2Fv2%2Ftags&post=9251"}],"curies":[{"name":"wp","href":"https:\/\/api.w.org\/{rel}","templated":true}]}}