{"id":9256,"date":"2019-10-12T12:39:45","date_gmt":"2019-10-12T12:39:45","guid":{"rendered":"https:\/\/ypjrojava.net\/?p=9256"},"modified":"2022-06-22T05:24:19","modified_gmt":"2022-06-22T05:24:19","slug":"ji-capemeni-u-raya-gisti-re","status":"publish","type":"post","link":"https:\/\/ypjrojava.net\/?p=9256","title":{"rendered":"Ji \u00c7apemen\u00ee \u00db Raya Gi\u015ft\u00ee Re"},"content":{"rendered":"<p><strong>Berfirehiya encam\u00ean \u00ear\u00ee\u015f\u00ean art\u00ea\u015fa dagirker a Tirk li ser Rojava \u00fb Bakur\u00ea Suriy\u00ea roja 11\u2019\u00ea cotmeh\u00ea<\/strong><\/p>\n<p>Di roja s\u00eayem\u00een ya berxwedana d\u00eerok\u00ee de, art\u00ea\u015fa Tirk a dagirker \u00fb \u00e7etey\u00ean w\u00ea seranser\u00ee Bakur\u00ea Suriy\u00ea \u00fb Rojava bi dijwar\u00ee \u00ear\u00ee\u015f\u00ee gel\u00ea me dike. Berfirehiya berxwedana dirok\u00ee bi v\u00ee away\u00ee ye;<\/p>\n<p><strong>GIR\u00ca SP\u00ce: <\/strong><\/p>\n<p>Di navbera Sl\u00fbk \u00fb Gir\u00ea Sp\u00ee de \u015fer\u00ean pir giran qew\u00eem\u00een \u00fb dijmin bi tevah\u00ee tekn\u00eeka xwe li ser her\u00eam\u00ea dide \u015fixulandin \u00fb du gundan de (Til findir \u00fb Yaps\u00ea) \u015fer berdewame. Di encama \u015fer de 11 \u00e7ete hatin ku\u015ftin. Du heval\u00ean me \u015feh\u00eed ketine \u00fb 5 heval\u00ea me bir\u00eendar b\u00fbn.<\/p>\n<p><strong>SER\u00ca KANIY\u00ca: <\/strong><\/p>\n<p>Di roja s\u00eayem ya berxwedan\u00ea de \u015fervan\u00ean me li Ser\u00eakan\u00ee \u015fer\u00ean giran ji bo \u015fikandina dorp\u00ea\u00e7\u00ea berxwedanek mezin dikin.<\/p>\n<p>Di encama \u015fer\u00ea dijwar y\u00ea li her\u00eam\u00ea de n\u00eaz\u00ee 94 \u00e7ete hatin ku\u015ftin \u00fb 80 bir\u00eendar\u00ean wan \u00e7\u00eabun. Herwiha di gund\u00ean (Til Helef &#8211; elez\u00eeziy\u00ea &#8211; Til erqem &#8211; Xirbet Benat &#8211; Til Xenz\u00eer &#8211; Diw\u00eara) de \u015fer \u00fb pev\u00e7\u00fbn berdewame.<\/p>\n<p>Di van \u015fer \u00fb pev\u00e7\u00fbnan de 20 \u015fervan\u00ean me \u015feh\u00eed b\u00fbn \u00fb 24 \u015fervan\u00ean me ji bir\u00eendarbun. Heman dem\u00ea\u00a0 seyareya zirx\u00ee a bi cureya BMB y\u00ea dijmin hatiye r\u00fbxandin \u00fb \u00e7etey\u00ean di hindir de hatine ku\u015ftin.<\/p>\n<p><strong>KOBAN\u00ca: <\/strong><\/p>\n<p>Di encama \u00ear\u00ee\u015fa sekvan\u00ee ya \u015fervan\u00ean me de le\u015fkerek hatiye ku\u015ftin. Herwiha art\u00ea\u015fa dagirker a Tirk gund\u00ea El\u00ee \u015ear topbaran kir. Di bersivday\u00eena \u015fervan\u00ean me de le\u015fkerek hat ku\u015ftin \u00fb qerqola dijmin bi cebilxaneya xwe ve hat r\u00fbxandin.<\/p>\n<p><strong>AM\u00dbD\u00ca:\u02d9<\/strong><\/p>\n<p>Di dem\u00ea n\u00eevro de bajar\u00ea Dirb\u00easiy\u00ea \u00fb Am\u00fbd\u00ea hatiye topbaran kirin. Di encam\u00ea de hevalek me \u015feh\u00eed ketiye \u00fb 2 endam\u00ean erka xweparastin bir\u00eendar b\u00fbn. Li ser bersivday\u00eena \u015fervan\u00ean me qereqola s\u00eenor hat \u015fewitandin \u00fb seyareya zirx\u00ee curey\u00ea BMB\u00a0 hat r\u00fbxandin.<\/p>\n<p>&nbsp;<\/p>\n<p><strong>QAMI\u015eLO:<\/strong><\/p>\n<p>\u00car\u00ee\u015f\u00ean dijmin y\u00ean li ser s\u00eenor\u00ea bajar berdewamin \u00fb bi bersivday\u00eena \u015fervanan ew \u00ear\u00ee\u015f hatine \u015fikandin. Heman dem\u00ea de li gund\u00ea S\u00eagira seyareyek\u00ee y\u00ea dijmin hat \u015fewitandin \u00fb gelek ji wan hatin ku\u015ftin.<\/p>\n<p>Di encama \u00ear\u00ee\u015fa balefira ke\u015ff\u00ea ya li ser s\u00eenor hemwelatiy\u00ean me y\u00ean siv\u00eel \u015feh\u00eed \u00fb bir\u00eendar b\u00fbn.<\/p>\n<p>Li aliy\u00ea din bi \u00ear\u00ee\u015f\u00ean topbarana hawanan de 6 \u015fervan \u00fb gelek siv\u00eel bir\u00eendar bune.<\/p>\n<p>Li navenda bajar\u00ea Qami\u015flo k\u00ealeka xwaringeha Omer\u00ee \u00ear\u00ee\u015fek xwekuj\u00ee bi wesay\u00eetan p\u00eak hat di encam de \u015feh\u00eed \u00fb bir\u00eendar hene \u00fb gelek ziyan\u00ean madd\u00ee \u00e7\u00eabun. Ev \u00ear\u00ee\u015f ji aliye \u00e7etey\u00ean DAI\u015e ve p\u00eakhatiye.<\/p>\n<p><strong>D\u00caRIK:<\/strong><\/p>\n<p>-art\u00ea\u015fa Tirk li D\u00ear\u00eek\u00ea xwest s\u00eenor derbaz bike, di encama w\u00ea de \u015fer \u00fb pev\u00e7\u00fbn li gund\u00ea Qesir d\u00eeb r\u00fbda\u00a0 \u00fb 6 le\u015fker hatin ku\u015ftin \u00fb 23 bir\u00eendar bun. Di berdewamiya \u015fer\u00ean dijwar de li gund\u00ea Delav\u00ea Kera seyareyek le\u015fkeri hat ruxandin \u00fb pi\u015ft\u00ee w\u00ea j\u00ee gund dan ber topan.<\/p>\n<p>Di navbera \u015fervan\u00ean me y\u00ean li gund\u00ea Carudiy\u00ea \u00fb le\u015fker\u00ean art\u00ea\u015fa dagirker a Tirk\u00a0 y\u00ean li qereqola gund\u00ea Bab\u00eela y\u00ea gir\u00eaday\u00ee Ciz\u00eera Botan de \u015ferek dijwar bi \u00e7eken giran r\u00fbda.<\/p>\n<p>&#8211; doh di dan\u00ea n\u00eevro de li beramber\u00ee gund\u00ea Ban\u00fbkiy\u00ea qereqola dijmin bu armanca \u015fervan\u00ean me \u00fb di encam\u00ea de qereqol hat \u015fewitandin, 6 le\u015fker hatin ku\u015ftin \u00fb 21 bir\u00eendar bun.<\/p>\n<p>-Di dane \u00eavar\u00ee de li beramber\u00ee gund\u00ea D\u00earika Berav\u00ee \u015fervanan nuqteyek dijmin \u00fb seyareyek dijmin \u015fewitandin.<\/p>\n<p>Di \u015fer\u00ea roja 11\u2019 \u00ea cotmeh\u00ea de art\u00ea\u015fa dagirker a Tirk li seranser s\u00eenor bi hem\u00fb h\u00eaza xwe ta tekn\u00eek\u00ee, balefir\u00ean ke\u015ffe, balefir\u00ea \u015fer \u00fb topbarana ob\u00fbs, hawan \u00fb tangan de xeta s\u00eenor \u00fb bajar bi giran\u00ee hatiye arman\u00e7 girtin \u00fb bi dijwar\u00ee l\u00eadane.<\/p>\n<p>Di encama v\u00ea de berxwedaniya \u015fervan\u00ean me mezin b\u00fbye \u00fb bi gi\u015ft\u00ee 118 \u00e7etey\u00ean dewleta Tirk hatin ku\u015ftin \u00fb 90 \u00e7ete ji bir\u00eendar b\u00fbn.<\/p>\n<p>Bi gi\u015ft\u00ee 23 \u015fervan\u00ean me \u015feh\u00eed ketin \u00fb 37 ji bir\u00eendar b\u00fbn.<\/p>\n<p><strong>Navenda Ragihandina QSD <\/strong><\/p>\n<p><strong>12 Cotmeh 2019<\/strong><\/p>\n","protected":false},"excerpt":{"rendered":"<p>Berfirehiya encam\u00ean \u00ear\u00ee\u015f\u00ean art\u00ea\u015fa dagirker a Tirk li ser Rojava \u00fb Bakur\u00ea Suriy\u00ea roja 11\u2019\u00ea cotmeh\u00ea Di roja s\u00eayem\u00een ya berxwedana d\u00eerok\u00ee de, art\u00ea\u015fa Tirk a dagirker \u00fb \u00e7etey\u00ean w\u00ea seranser\u00ee Bakur\u00ea Suriy\u00ea \u00fb Rojava bi dijwar\u00ee \u00ear\u00ee\u015f\u00ee gel\u00ea me dike. Berfirehiya berxwedana dirok\u00ee bi v\u00ee away\u00ee ye; GIR\u00ca SP\u00ce: Di navbera Sl\u00fbk \u00fb Gir\u00ea [&hellip;]<\/p>\n","protected":false},"author":1,"featured_media":14192,"comment_status":"closed","ping_status":"closed","sticky":false,"template":"","format":"standard","meta":{"footnotes":""},"categories":[39],"tags":[],"class_list":{"0":"post-9256","1":"post","2":"type-post","3":"status-publish","4":"format-standard","5":"has-post-thumbnail","7":"category-daxuyani"},"_links":{"self":[{"href":"https:\/\/ypjrojava.net\/index.php?rest_route=\/wp\/v2\/posts\/9256","targetHints":{"allow":["GET"]}}],"collection":[{"href":"https:\/\/ypjrojava.net\/index.php?rest_route=\/wp\/v2\/posts"}],"about":[{"href":"https:\/\/ypjrojava.net\/index.php?rest_route=\/wp\/v2\/types\/post"}],"author":[{"embeddable":true,"href":"https:\/\/ypjrojava.net\/index.php?rest_route=\/wp\/v2\/users\/1"}],"replies":[{"embeddable":true,"href":"https:\/\/ypjrojava.net\/index.php?rest_route=%2Fwp%2Fv2%2Fcomments&post=9256"}],"version-history":[{"count":2,"href":"https:\/\/ypjrojava.net\/index.php?rest_route=\/wp\/v2\/posts\/9256\/revisions"}],"predecessor-version":[{"id":9549,"href":"https:\/\/ypjrojava.net\/index.php?rest_route=\/wp\/v2\/posts\/9256\/revisions\/9549"}],"wp:featuredmedia":[{"embeddable":true,"href":"https:\/\/ypjrojava.net\/index.php?rest_route=\/wp\/v2\/media\/14192"}],"wp:attachment":[{"href":"https:\/\/ypjrojava.net\/index.php?rest_route=%2Fwp%2Fv2%2Fmedia&parent=9256"}],"wp:term":[{"taxonomy":"category","embeddable":true,"href":"https:\/\/ypjrojava.net\/index.php?rest_route=%2Fwp%2Fv2%2Fcategories&post=9256"},{"taxonomy":"post_tag","embeddable":true,"href":"https:\/\/ypjrojava.net\/index.php?rest_route=%2Fwp%2Fv2%2Ftags&post=9256"}],"curies":[{"name":"wp","href":"https:\/\/api.w.org\/{rel}","templated":true}]}}