{"id":9288,"date":"2019-10-13T07:03:40","date_gmt":"2019-10-13T07:03:40","guid":{"rendered":"https:\/\/ypjrojava.net\/?p=9288"},"modified":"2022-06-21T13:51:28","modified_gmt":"2022-06-21T13:51:28","slug":"sehadeta-heval-hevrin-ji-bo-me-fermana-berxwedane-ye","status":"publish","type":"post","link":"https:\/\/ypjrojava.net\/?p=9288","title":{"rendered":"\u015eehadeta Heval Hevr\u00een Ji Bo Me Fermana Berxwedan\u00ea Ye"},"content":{"rendered":"<p>Em bi rih\u00ea berxwed\u00ear, bi sekin \u00fb biryardariya \u015feh\u00eed\u00ean xwe, p\u00ea\u015feng \u00fb jina teko\u015f\u00eenvan, ya di bin her \u015fert mercan de ji bo azadiya gel\u00ea xwe teko\u015f\u00een me\u015fand bi hurmet \u00fb r\u00eazdariyeke mezin r\u00eaheval Hevr\u00een Xelaf bi b\u00eert\u00eenin. Em di \u015fexs\u00ea hevr\u00eaya doza azadiy\u00ea, r\u00eaheval Hevr\u00een de tevah\u00ee \u015feh\u00eed\u00ean \u015fore\u015fa azadiy\u00ea bi b\u00eert\u00eenin \u00fb soza me daye \u015feh\u00eed\u00ean xwe careke din bi biryardariyeke mezin n\u00fb dikin. Ji gel\u00ea Bak\u00fbr-Rojhilat\u00ee S\u00fbr\u00ee, tevah\u00ee mirovahiy\u00ea \u00fb malbata r\u00eaheval Hevr\u00een re sersax\u00ee dixwezin.<\/p>\n<p>Di 9\u2019\u00ea Cotmeh\u00ea de, dewleta Tirk ya dagirker \u00fb \u00e7etey\u00ean w\u00ee bi armanca tinekirina destkeftiy\u00ean \u015fore\u015fa gel\u00ea me, tevgera dagirkeriy\u00ea dest p\u00ea kir. Ev \u00ear\u00ee\u015fa dagirkeriy\u00ea ne ten\u00ea li ser gel\u00ea Bak\u00fbr-Rojhilat\u00ee S\u00fbriy\u00ea ye, li ser tevah\u00ee nirx, \u00fb r\u00fbmeta mirovahiy\u00ea ye. Dewleta Tirk, di \u015fexs\u00ea gel\u00ea Kurd \u00fb jina Kurd de dijminahiya her\u00ee mezin li hember\u00ee gelan dike. Ev \u00ear\u00ee\u015f di rojeke wiha de p\u00eak an\u00een, ne ji xwe bere. Ev \u00ear\u00ee\u015f, di encama pilanger\u00ee \u00fb hesap\u00ean qir\u00eaj y\u00ean di navbera dewlet\u00ean ku niha li ser her\u00eama me temen\u00ea \u015fer dir\u00eaj dikin de hatiye p\u00ea\u015fxistin. Em dewlet\u00ean ku destur dane v\u00ea dagirkeriya dewleta Tirk \u00fb hem\u00fb kes\u00ean li hember\u00ee v\u00ea dagirkeriy\u00ea b\u00eadeng dim\u00eenin, di ber v\u00ea xw\u00eena \u00eero dir\u00eaj\u00ea de berpirsyar dib\u00eenin.<\/p>\n<p>Me di 8 sal\u00ean derbas b\u00fby\u00ee de, di \u015fer\u00ea parastina r\u00fbmeta mirovahiy\u00ea de, bi hezaran \u015feh\u00eed dan. Ji bo em welat\u00ea xwe, nirx \u00fb heb\u00fbna gel\u00ea xwe bipar\u00eazin me ewqas \u015feh\u00eed dan. R\u00eaheval \u00fb p\u00ea\u015fenga me Hevrin, \u00eero li hember\u00ee p\u00eelangeriya qirkirin\u00ea b\u00fb \u015feh\u00eeda berxwedana parastina welat\u00ea xwe. Heval Hevr\u00een, bi p\u00eelaneke qir\u00eaj \u00fb xiyanetkar hate hedef girtin. Ev \u00ear\u00ee\u015fa li ser p\u00ea\u015fenga me hate p\u00eak an\u00een li ser tevah\u00ee jinan e. \u00c7etey\u00ean DAI\u015e\u2019\u00ea, \u00e7awa li \u015eengal \u00fb dever\u00ean din hov\u00eetiya her\u00ee mezin li ser jinan p\u00eak an\u00een, \u00eero dewleta Tirk j\u00ee bi \u00e7etey\u00ean xwe heman hov\u00eetiy\u00ea \u00fb heta ji DAI\u015e\u2019\u00ea xerabtir hov\u00eetiy\u00ea li ser jinan dime\u015f\u00eene. Di \u015fer\u00ea Efr\u00een\u00ea de, di \u015fexs\u00ea r\u00eahevala me Bar\u00een \u00fb Amarg\u00ee de dewleta Tirk, li hember\u00ee c\u00eehan\u00ea r\u00fbre\u015fiyeke mezin jiyan kir. \u00cero Careke din ew k\u00een, h\u00ears \u00fb nefreta xwe ya li hember\u00ee jina azad, mirov\u00ean berxwed\u00ear daye der. Em weke yek\u00eeney\u00ean parastina jin\u00ea YPJ\u2019\u00ea v\u00ea \u00ear\u00ee\u015fa nemerdane v\u00ea kiryara dij\u00ee nirx\u00ean mirovah\u00ee \u00fb dij\u00ee exlaq\u00ea \u015fer, li hember\u00ee hem\u00fb jinan dib\u00eenin \u00fb em dib\u00eajin em \u00ea hesab\u00ea v\u00ea bipirsin.<\/p>\n<p>Me weke yek\u00eeney\u00ean parastina jin, \u00e7awa di teko\u015f\u00eena 8 sal\u00ean derbas b\u00fby\u00ee de, b\u00ea teredut cih\u00ea xwe di eniya \u015fer\u00ea parastina rewa de girt, em \u00eero j\u00ee li hember\u00ee dagirkeriya dewleta tirk amade ne bi v\u00ea erka xwe ya d\u00eerok\u00ee rabin. Berxwedana parastina r\u00fbmet\u00ea keta roja xwe ya p\u00eancem\u00een. Em bi \u015fervan \u00fb fermandar\u00ean xwe ve di eniy\u00ean \u015fer y\u00ean her\u00ee p\u00ea\u015f de cih digrin. Ev p\u00ea\u015feng\u00ee ji bo me YPJ\u2019\u00ea cih\u00ea r\u00fbmet\u00ea ye. Em ji bo tola hevserok, r\u00eaheval \u00fb pe\u015fenga gel\u00ea Bak\u00fbr-Rojhilat\u00ea S\u00fbriy\u00ea heval Hevr\u00een rakin \u00e7i ji dest\u00ea me were em \u00ea heya daw\u00ee bikin. Em \u00ea bi rih\u00ea hevr\u00ea Ronas Ereb, Ronah\u00ee, Nupelda, Siyaj\u00een, Silava, R\u00eavan, Sorxw\u00een, Deniz \u00fb N\u00earg\u00eez ku di berxwedana \u015fer\u00ea Ser\u00eakaniy\u00ea \u00fb Gir\u00ea Sp\u00ee de p\u00ea\u015feng\u00ee kirin, xwed\u00ee li \u015fehadeta hevseroka partiya xwe ya p\u00ea\u015feroj\u00ea derbikevin.<\/p>\n<p>Em li ser v\u00ea bingeh\u00ea bang li hem\u00fb jinan dikin \u00fb dib\u00eajin, hem\u00fb jin\u00ean ku hevalt\u00ee di fikir, ruh, w\u00eejdan \u00fb hest\u00ean jin-b\u00fbn\u00ea de, bi jin\u00ean Bak\u00fbr-Rojhilat\u00ea S\u00fbriy\u00ea re dikin, rabin ser piyan li hember\u00ee hov\u00eetiya dewleta Tirk \u00fb \u00e7etey\u00ean w\u00ee deng\u00ea xwe bilind bikin. Jin\u00ean c\u00eehan\u00ea \u00fb Rojhilata Nav\u00een \u00e7awa dema teko\u015f\u00eena li dij\u00ee DAI\u015e\u2019\u00ea de pi\u015ftgir\u00ee dan me, em \u00eero careke din bi h\u00eav\u00ee ne, hem\u00fb jin deng\u00ea xwe li hember\u00ee dagirkeriya dewleta Tirk bilind bikin. Em weke jin\u00ean Bak\u00fbr-Rojhilat\u00ea S\u00fbriy\u00ea, ji bo xwed\u00ee li azad\u00ee \u00fb r\u00fbmeta xwe derkevin, weke jin\u00ean Ereb, Kurd \u00fb As\u00fbr\u00ee di v\u00ea berxwedan\u00ea de d\u00eerokeke n\u00fb ya teko\u015f\u00een\u00ea binivis\u00eenin.<\/p>\n<p>Bi v\u00ea b\u00eer \u00fb baweriy\u00ea em weke yek\u00eeney\u00ean parastina jin\u00ea YPJ\u2019\u00ea, biryardariya xwe ya teko\u015f\u00een\u00ea t\u00eenin ziman. \u00db em dib\u00eajin, w\u00ea bersiva me ji \u015fehadeta hevserok \u00fb p\u00ea\u015fenga gel\u00ea Bak\u00fbr-Rojhilat\u00ea S\u00fbriy\u00ea r\u00eaheval Hevr\u00een re bibe mezin kirina berxwedan, teko\u015f\u00een \u00fb bi destxistina serkeftin\u00ea.<\/p>\n<p>&nbsp;<\/p>\n<p><strong>Fermandariya Gi\u015ft\u00ee YPJ&#8217;\u00ea<\/strong><\/p>\n<p><strong>13 Cotmeh 2019<\/strong><\/p>\n","protected":false},"excerpt":{"rendered":"<p>Em bi rih\u00ea berxwed\u00ear, bi sekin \u00fb biryardariya \u015feh\u00eed\u00ean xwe, p\u00ea\u015feng \u00fb jina teko\u015f\u00eenvan, ya di bin her \u015fert mercan de ji bo azadiya gel\u00ea xwe teko\u015f\u00een me\u015fand bi hurmet \u00fb r\u00eazdariyeke mezin r\u00eaheval Hevr\u00een Xelaf bi b\u00eert\u00eenin. Em di \u015fexs\u00ea hevr\u00eaya doza azadiy\u00ea, r\u00eaheval Hevr\u00een de tevah\u00ee \u015feh\u00eed\u00ean \u015fore\u015fa azadiy\u00ea bi b\u00eert\u00eenin \u00fb soza [&hellip;]<\/p>\n","protected":false},"author":1,"featured_media":14101,"comment_status":"closed","ping_status":"closed","sticky":false,"template":"","format":"standard","meta":{"footnotes":""},"categories":[39],"tags":[],"class_list":{"0":"post-9288","1":"post","2":"type-post","3":"status-publish","4":"format-standard","5":"has-post-thumbnail","7":"category-daxuyani"},"_links":{"self":[{"href":"https:\/\/ypjrojava.net\/index.php?rest_route=\/wp\/v2\/posts\/9288","targetHints":{"allow":["GET"]}}],"collection":[{"href":"https:\/\/ypjrojava.net\/index.php?rest_route=\/wp\/v2\/posts"}],"about":[{"href":"https:\/\/ypjrojava.net\/index.php?rest_route=\/wp\/v2\/types\/post"}],"author":[{"embeddable":true,"href":"https:\/\/ypjrojava.net\/index.php?rest_route=\/wp\/v2\/users\/1"}],"replies":[{"embeddable":true,"href":"https:\/\/ypjrojava.net\/index.php?rest_route=%2Fwp%2Fv2%2Fcomments&post=9288"}],"version-history":[{"count":3,"href":"https:\/\/ypjrojava.net\/index.php?rest_route=\/wp\/v2\/posts\/9288\/revisions"}],"predecessor-version":[{"id":14100,"href":"https:\/\/ypjrojava.net\/index.php?rest_route=\/wp\/v2\/posts\/9288\/revisions\/14100"}],"wp:featuredmedia":[{"embeddable":true,"href":"https:\/\/ypjrojava.net\/index.php?rest_route=\/wp\/v2\/media\/14101"}],"wp:attachment":[{"href":"https:\/\/ypjrojava.net\/index.php?rest_route=%2Fwp%2Fv2%2Fmedia&parent=9288"}],"wp:term":[{"taxonomy":"category","embeddable":true,"href":"https:\/\/ypjrojava.net\/index.php?rest_route=%2Fwp%2Fv2%2Fcategories&post=9288"},{"taxonomy":"post_tag","embeddable":true,"href":"https:\/\/ypjrojava.net\/index.php?rest_route=%2Fwp%2Fv2%2Ftags&post=9288"}],"curies":[{"name":"wp","href":"https:\/\/api.w.org\/{rel}","templated":true}]}}